{"id":107140,"date":"2024-12-16T16:59:32","date_gmt":"2024-12-16T13:59:32","guid":{"rendered":"https:\/\/www.tgrthaber.com\/mavikadin\/?p=107140"},"modified":"2024-12-16T16:59:33","modified_gmt":"2024-12-16T13:59:33","slug":"mardinde-albora-asireti-var-mi-uzak-sehir-dizisindeki-albaro-ailesi-merak-edildi","status":"publish","type":"post","link":"https:\/\/www.tgrthaber.com\/mavikadin\/mardinde-albora-asireti-var-mi-uzak-sehir-dizisindeki-albaro-ailesi-merak-edildi\/","title":{"rendered":"Mardin\u2019de Albora a\u015fireti var m\u0131? Uzak \u015eehir dizisindeki Albaro ailesi merak edildi"},"content":{"rendered":"<p>Uzak \u015eehir dizisinin izleyicileri Mardin\u2019de Albora a\u015firetinin var olup olmad\u0131\u011f\u0131n\u0131 merak ediyor. Kanal D ekranlar\u0131n\u0131n merakla takip edilen dizisi Uzak \u015eehir reytinglerde rekor k\u0131rmaya devam ediyor. Hem konusuyla hem de oyuncu kadrosuyla dikkatleri \u00fczerine \u00e7eken dizi sosyal medyada da yo\u011fun ilgi g\u00f6r\u00fcyor.<\/p>\n<p>Bu ak\u015fam yeni b\u00f6l\u00fcm\u00fcyle izleyici kar\u015f\u0131s\u0131na \u00e7\u0131kacak olan Uzak \u015eehir dizisi seyirciyi merakland\u0131r\u0131yor. \u00c7ekimleri Mardin\u2019de yap\u0131lan dizide Alboralara hayat veren a\u015firetin ger\u00e7ekte var olup olmad\u0131\u011f\u0131 da merak ediliyor. Peki, Mardin\u2019de Albora a\u015fireti var m\u0131? \u0130\u015fte merak edilenler\u2026<\/p>\n<h3>MARD\u0130N\u2019DE ALBORA A\u015e\u0130RET\u0130 VAR MI?<\/h3>\n<p>Kanal D ekranlar\u0131nda her Pazartesi seyirci ile bulu\u015fan Uzak \u015eehir dizisindeki Albora a\u015firetinin ger\u00e7ekte olup olmad\u0131\u011f\u0131 seyirci taraf\u0131ndan merak ediliyor. Kanal D ekranlar\u0131n\u0131n reyting rekortmeni sevilen dizisi Uzak \u015eehir, yo\u011fun bir izleyici kitlesiyle g\u00fcndem olmaya devam ediyor. Dizi hem konusuyla hem de oyuncular\u0131yla herkesin ilgisini \u00e7ekiyor.<\/p>\n<p><img loading=\"lazy\" decoding=\"async\" class=\"alignnone wp-image-107148\" src=\"https:\/\/www.tgrthaber.com\/mavikadin\/wp-content\/uploads\/Adsiz-tasarim-74-4-1024x576.jpg\" alt=\"Mardin\u2019de Albora a\u015fireti var m\u0131?\" width=\"1208\" height=\"680\" title=\"\" srcset=\"https:\/\/www.tgrthaber.com\/mavikadin\/wp-content\/uploads\/Adsiz-tasarim-74-4-1024x576.jpg 1024w, https:\/\/www.tgrthaber.com\/mavikadin\/wp-content\/uploads\/Adsiz-tasarim-74-4-300x169.jpg 300w, https:\/\/www.tgrthaber.com\/mavikadin\/wp-content\/uploads\/Adsiz-tasarim-74-4-768x432.jpg 768w, https:\/\/www.tgrthaber.com\/mavikadin\/wp-content\/uploads\/Adsiz-tasarim-74-4-1536x864.jpg 1536w, https:\/\/www.tgrthaber.com\/mavikadin\/wp-content\/uploads\/Adsiz-tasarim-74-4.jpg 1600w\" sizes=\"(max-width: 1208px) 100vw, 1208px\" \/><\/p>\n<p>Yay\u0131mland\u0131\u011f\u0131 g\u00fcnden bu yana yo\u011fun ilgi g\u00f6ren Uzak \u015eehir dizisi, k\u0131sa s\u00fcrede en \u00e7ok izlenen dizler aras\u0131nda girmeyi ba\u015fard\u0131. Reytinglerde zirveye \u00e7\u0131karak b\u00fcy\u00fck bir ba\u015far\u0131ya imza atan dizide seyirciler Albora a\u015firetinin ger\u00e7ekten var olup olmad\u0131\u011f\u0131n\u0131 merak etti.<\/p>\n<p>\u00c7ekimleri Mardin\u2019de ger\u00e7ekle\u015fen Uzak \u015eehir dizisinde ad\u0131 ge\u00e7en Albora ailesi ve k\u00f6y\u00fcn\u00fcn ger\u00e7ek hayatta var olup olmad\u0131\u011f\u0131 izleyicilerin merak ettikleri sorular aras\u0131nda yer al\u0131yor. Dizinin \u00e7ekimlerinde kullan\u0131lan mekanlar, konaklar, i\u015f yerleri ve daha fazlas\u0131 Albora a\u015firetinin ger\u00e7ekten var olup olmad\u0131\u011f\u0131 sorular\u0131n\u0131 beraberinde getiriyor.<\/p>\n<p><img loading=\"lazy\" decoding=\"async\" class=\"alignnone wp-image-107149\" src=\"https:\/\/www.tgrthaber.com\/mavikadin\/wp-content\/uploads\/Adsiz-tasarim-73-2-1024x576.jpg\" alt=\"Mardin\u2019de Albora a\u015fireti var m\u0131?\" width=\"1208\" height=\"680\" title=\"\" srcset=\"https:\/\/www.tgrthaber.com\/mavikadin\/wp-content\/uploads\/Adsiz-tasarim-73-2-1024x576.jpg 1024w, https:\/\/www.tgrthaber.com\/mavikadin\/wp-content\/uploads\/Adsiz-tasarim-73-2-300x169.jpg 300w, https:\/\/www.tgrthaber.com\/mavikadin\/wp-content\/uploads\/Adsiz-tasarim-73-2-768x432.jpg 768w, https:\/\/www.tgrthaber.com\/mavikadin\/wp-content\/uploads\/Adsiz-tasarim-73-2-1536x864.jpg 1536w, https:\/\/www.tgrthaber.com\/mavikadin\/wp-content\/uploads\/Adsiz-tasarim-73-2.jpg 1600w\" sizes=\"(max-width: 1208px) 100vw, 1208px\" \/><\/p>\n<p>Olduk\u00e7a profesyonel bir \u015fekilde haz\u0131rlanan i\u00e7-d\u0131\u015f mekanlar ve oyuncular\u0131n seyirciye ge\u00e7irdi\u011fi duygular, ger\u00e7ekten Mardin\u2019de Albora a\u015firetinin var olup olmad\u0131\u011f\u0131 sorular\u0131n\u0131 \u00f6n plana \u00e7\u0131kart\u0131yor. Peki, Mardin\u2019de ger\u00e7ekten Albora a\u015fireti var m\u0131? \u0130\u015fte Albora a\u015fireti hakk\u0131nda merak edilenler\u2026<\/p>\n<h3>ALBORA A\u015e\u0130RET\u0130 GER\u00c7EK M\u0130?<\/h3>\n<p>Uzak \u015eehir dizisinde ge\u00e7en Albora a\u015fireti ve k\u00f6y\u00fc ger\u00e7ek hayatta var olmayan tamamen dizinin kurgusal d\u00fcnyas\u0131nda olu\u015fturulmu\u015f bir a\u015firet ve k\u00f6y olarak kar\u015f\u0131m\u0131za \u00e7\u0131k\u0131yor. \u0130zleyici taraf\u0131ndan merak edilen Albora a\u015fireti ve k\u00f6y\u00fc, Mardin\u2019in tarihi ve k\u00fclt\u00fcrel \u00f6zelliklerinden esinlenerek kurgulanm\u0131\u015f ki\u015filerden ve mekanlardan olu\u015fmaktad\u0131r. Mardin\u2019in etkileyici atmosferi ile birle\u015fen Albora a\u015fireti ve k\u00f6y\u00fc, ger\u00e7ek olmamakla birlikte dizinin dramatik yap\u0131s\u0131na g\u00fc\u00e7 katmaktad\u0131r.<\/p>\n<p><img loading=\"lazy\" decoding=\"async\" class=\"alignnone wp-image-107151\" src=\"https:\/\/www.tgrthaber.com\/mavikadin\/wp-content\/uploads\/Adsiz-tasarim-72-5-1024x576.jpg\" alt=\"Mardin\u2019de Albora a\u015fireti var m\u0131?\" width=\"1208\" height=\"680\" title=\"\" srcset=\"https:\/\/www.tgrthaber.com\/mavikadin\/wp-content\/uploads\/Adsiz-tasarim-72-5-1024x576.jpg 1024w, https:\/\/www.tgrthaber.com\/mavikadin\/wp-content\/uploads\/Adsiz-tasarim-72-5-300x169.jpg 300w, https:\/\/www.tgrthaber.com\/mavikadin\/wp-content\/uploads\/Adsiz-tasarim-72-5-768x432.jpg 768w, https:\/\/www.tgrthaber.com\/mavikadin\/wp-content\/uploads\/Adsiz-tasarim-72-5-1536x864.jpg 1536w, https:\/\/www.tgrthaber.com\/mavikadin\/wp-content\/uploads\/Adsiz-tasarim-72-5.jpg 1600w\" sizes=\"(max-width: 1208px) 100vw, 1208px\" \/><\/p>\n<p>Mardin\u2019de Albora ad\u0131nda bir k\u00f6y bulunmamaktad\u0131r. Fakat Mardin\u2019in tarihi ve k\u00fclt\u00fcrel dokusunu yans\u0131tan mekanlarda \u00e7ekilen dizinin ger\u00e7ek\u00e7ili\u011fi Albora a\u015firetinin ve k\u00f6y\u00fcn\u00fcn ger\u00e7ekten var olup olmad\u0131\u011f\u0131 sorular\u0131n\u0131 beraberinde getirmi\u015ftir. Olduk\u00e7a profesyonel bir \u015fekilde \u00e7ekimleri ger\u00e7ekle\u015ftirilen dizide kullan\u0131lan mekanlar ve fig\u00fcrler seyirciyi derinden etkilemektedir.<\/p>\n<p>Dizinin yay\u0131mlanan son b\u00f6l\u00fcm\u00fcnde kona\u011f\u0131n d\u0131\u015f\u0131nda yer alan \u201cAlbora Group\u201d tabelas\u0131 izleyicilere \u201cAlbora a\u015fireti ger\u00e7ekten var m\u0131ym\u0131\u015f?\u201d sorular\u0131n\u0131 sordurttu. Dizide kullan\u0131lan kona\u011f\u0131n ise S\u00fcryanilere ait bir konak oldu\u011fu s\u00f6yleniyor. Uzak \u015eehir izleyicileri yaln\u0131zca dizinin konusuna de\u011fil, ayn\u0131 zamanda Mardin\u2019e ait tarihi ve k\u00fclt\u00fcrel yap\u0131y\u0131 da merak ediyor. Mardin\u2019in ve Midyat\u2019\u0131n tarihi mekanlar\u0131nda \u00e7ekilen Uzak \u015eehir dizisindeki Albora a\u015fireti ve k\u00f6y\u00fc tamamen dizinin konusu i\u00e7in olu\u015fturuluyor.<\/p>\n<p><img loading=\"lazy\" decoding=\"async\" class=\"alignnone wp-image-107153\" src=\"https:\/\/www.tgrthaber.com\/mavikadin\/wp-content\/uploads\/Adsiz-tasarim-71-3-1024x576.jpg\" alt=\"Mardin\u2019de Albora a\u015fireti var m\u0131?\" width=\"1208\" height=\"680\" title=\"\" srcset=\"https:\/\/www.tgrthaber.com\/mavikadin\/wp-content\/uploads\/Adsiz-tasarim-71-3-1024x576.jpg 1024w, https:\/\/www.tgrthaber.com\/mavikadin\/wp-content\/uploads\/Adsiz-tasarim-71-3-300x169.jpg 300w, https:\/\/www.tgrthaber.com\/mavikadin\/wp-content\/uploads\/Adsiz-tasarim-71-3-768x432.jpg 768w, https:\/\/www.tgrthaber.com\/mavikadin\/wp-content\/uploads\/Adsiz-tasarim-71-3-1536x864.jpg 1536w, https:\/\/www.tgrthaber.com\/mavikadin\/wp-content\/uploads\/Adsiz-tasarim-71-3.jpg 1600w\" sizes=\"(max-width: 1208px) 100vw, 1208px\" \/><\/p>\n<h3>ALBORA A\u015e\u0130RET\u0130\u2019N\u0130N UZAK \u015eEH\u0130R D\u0130Z\u0130S\u0130NDEK\u0130 \u00d6NEM\u0130!<\/h3>\n<p>Kanal D ekranlar\u0131nda izleyici kar\u015f\u0131s\u0131na \u00e7\u0131kan Uzak \u015eehir dizisi bir a\u015firet dizisi olarak kar\u015f\u0131m\u0131za \u00e7\u0131kmaktad\u0131r. Albora ad\u0131n\u0131 verdikleri kurgusal a\u015firet ve k\u00f6y ile \u00f6n plana \u00e7\u0131kan Uzak \u015eehir, seyirciyi \u00e7ok etkiliyor. Albora k\u00f6y\u00fc, Mardin\u2019in tarihi ve k\u00fclt\u00fcrel \u00f6zelliklerini \u00f6n plana \u00e7\u0131karan, mistik ve gizemli bir k\u00f6y olarak g\u00f6steriliyor.<\/p>\n<p>Uzak \u015eehir dizisinin konusu, Albora topraklar\u0131nda ka\u00e7ak\u00e7\u0131l\u0131\u011fa izin veremeyen Alboralar\u2019\u0131n may\u0131n tarlalar\u0131yla \u00e7evrili bir k\u00f6yde ya\u015fam\u0131n\u0131 ele al\u0131yor. Do\u011fas\u0131 gere\u011fi Mardin\u2019in tarihi, geleneksel ve k\u00fclt\u00fcrel \u00f6zelliklerini \u00f6n planda tutan Uzak \u015eehir dizisi, izleyiciden tam not al\u0131yor.<\/p>\n<p><img loading=\"lazy\" decoding=\"async\" class=\"wp-image-107152\" src=\"https:\/\/www.tgrthaber.com\/mavikadin\/wp-content\/uploads\/Adsiz-tasarim-76-2-1024x576.jpg\" alt=\"Mardin\u2019de Albora a\u015fireti var m\u0131?\" width=\"1208\" height=\"680\" title=\"\" srcset=\"https:\/\/www.tgrthaber.com\/mavikadin\/wp-content\/uploads\/Adsiz-tasarim-76-2-1024x576.jpg 1024w, https:\/\/www.tgrthaber.com\/mavikadin\/wp-content\/uploads\/Adsiz-tasarim-76-2-300x169.jpg 300w, https:\/\/www.tgrthaber.com\/mavikadin\/wp-content\/uploads\/Adsiz-tasarim-76-2-768x432.jpg 768w, https:\/\/www.tgrthaber.com\/mavikadin\/wp-content\/uploads\/Adsiz-tasarim-76-2-1536x864.jpg 1536w, https:\/\/www.tgrthaber.com\/mavikadin\/wp-content\/uploads\/Adsiz-tasarim-76-2.jpg 1600w\" sizes=\"(max-width: 1208px) 100vw, 1208px\" \/><\/p>\n<p>Dizinin hikayesinde yer alan mistik ve gizemli k\u00f6y, dizideki karakterlerinde \u015fekillenmesini sa\u011fl\u0131yor. Gelenek ve g\u00f6reneklerine s\u0131k\u0131 s\u0131k\u0131ya ba\u011fl\u0131 olan Albora k\u00f6y\u00fcnde ilerleyen b\u00f6l\u00fcmlerde neler ya\u015fanaca\u011f\u0131 merak ediliyor. Bakal\u0131m Albora a\u015fireti ve k\u00f6y\u00fcnde ilerleyen b\u00f6l\u00fcmlerde neler olacak\u2026<\/p>\n","protected":false},"excerpt":{"rendered":"<p>Kanal D ekranlar\u0131n\u0131n ilgiyle takip edilen dizisi Uzak \u015eehir\u2019de ad\u0131 ge\u00e7en Albora a\u015firetinin ger\u00e7ekten var olup olmad\u0131\u011f\u0131 merak edildi. Peki, Mardin\u2019de Albora a\u015fireti var m\u0131? \u0130\u015fte detaylar\u2026 <\/p>\n","protected":false},"author":26,"featured_media":107147,"comment_status":"closed","ping_status":"closed","sticky":false,"template":"","format":"standard","meta":{"rank_math_lock_modified_date":false,"footnotes":""},"categories":[602],"tags":[4435,4436,2293],"class_list":["post-107140","post","type-post","status-publish","format-standard","has-post-thumbnail","hentry","category-diziler","tag-albora-asireti","tag-albora-koyu","tag-uzak-sehir"],"_links":{"self":[{"href":"https:\/\/www.tgrthaber.com\/mavikadin\/wp-json\/wp\/v2\/posts\/107140"}],"collection":[{"href":"https:\/\/www.tgrthaber.com\/mavikadin\/wp-json\/wp\/v2\/posts"}],"about":[{"href":"https:\/\/www.tgrthaber.com\/mavikadin\/wp-json\/wp\/v2\/types\/post"}],"author":[{"embeddable":true,"href":"https:\/\/www.tgrthaber.com\/mavikadin\/wp-json\/wp\/v2\/users\/26"}],"replies":[{"embeddable":true,"href":"https:\/\/www.tgrthaber.com\/mavikadin\/wp-json\/wp\/v2\/comments?post=107140"}],"version-history":[{"count":1,"href":"https:\/\/www.tgrthaber.com\/mavikadin\/wp-json\/wp\/v2\/posts\/107140\/revisions"}],"predecessor-version":[{"id":107154,"href":"https:\/\/www.tgrthaber.com\/mavikadin\/wp-json\/wp\/v2\/posts\/107140\/revisions\/107154"}],"wp:featuredmedia":[{"embeddable":true,"href":"https:\/\/www.tgrthaber.com\/mavikadin\/wp-json\/wp\/v2\/media\/107147"}],"wp:attachment":[{"href":"https:\/\/www.tgrthaber.com\/mavikadin\/wp-json\/wp\/v2\/media?parent=107140"}],"wp:term":[{"taxonomy":"category","embeddable":true,"href":"https:\/\/www.tgrthaber.com\/mavikadin\/wp-json\/wp\/v2\/categories?post=107140"},{"taxonomy":"post_tag","embeddable":true,"href":"https:\/\/www.tgrthaber.com\/mavikadin\/wp-json\/wp\/v2\/tags?post=107140"}],"curies":[{"name":"wp","href":"https:\/\/api.w.org\/{rel}","templated":true}]}}