{"id":107185,"date":"2024-12-16T18:14:54","date_gmt":"2024-12-16T15:14:54","guid":{"rendered":"https:\/\/www.tgrthaber.com\/mavikadin\/?p=107185"},"modified":"2024-12-16T18:14:54","modified_gmt":"2024-12-16T15:14:54","slug":"sakir-pasa-ailesinin-suati-melih-yalcin-yilmaz-basarili-performansiyla-dikkat-cekti","status":"publish","type":"post","link":"https:\/\/www.tgrthaber.com\/mavikadin\/sakir-pasa-ailesinin-suati-melih-yalcin-yilmaz-basarili-performansiyla-dikkat-cekti\/","title":{"rendered":"\u015eakir Pa\u015fa Ailesi\u2019nin Suat\u2019\u0131 Melih Yal\u00e7\u0131n Y\u0131lmaz ba\u015far\u0131l\u0131 performans\u0131yla dikkat \u00e7ekti!"},"content":{"rendered":"<p>\u015eakir Pa\u015fa Ailesi: Mucizeler ve Skandallar dizisinde Suat karakterine can veren Melih Yal\u00e7\u0131n Y\u0131lmaz\u2019\u0131n kim oldu\u011fu merak edildi. NOW TV ekranlar\u0131n\u0131n iddial\u0131 dizileri aras\u0131nda yer alan \u015eakir Pa\u015fa Ailesi: Mucizeler ve Skandallar ge\u00e7ti\u011fimiz g\u00fcn ekran maceras\u0131na ba\u015flad\u0131. Dizi hem konusuyla hem de g\u00fc\u00e7l\u00fc oyuncu kadrosuyla dikkatleri \u00fczerine \u00e7ekmeyi ba\u015fard\u0131. Dizide \u00f6nemli bir karaktere can veren Melih Yal\u00e7\u0131n Y\u0131lmaz\u2019\u0131n da kim oldu\u011fu merak edildi.<\/p>\n<p>Peki, \u015eakir Pa\u015fa Ailesi Suat kimdir? \u015eakir Pa\u015fa Ailesi\u2019nin Suat\u2019\u0131 Melih Yal\u00e7\u0131n Y\u0131lmaz kimdir? Melih Yal\u00e7\u0131n Y\u0131lmaz ka\u00e7 ya\u015f\u0131nda, hangi dizilerde oynad\u0131? Melih Yal\u00e7\u0131n Y\u0131lmaz, hakk\u0131nda merak edilenleri sizin i\u00e7in ara\u015ft\u0131rd\u0131k. \u0130\u015fte Melih Yal\u00e7\u0131n Y\u0131lmaz hakk\u0131nda bilinmeyenler\u2026<\/p>\n<h3>\u015eAK\u0130R PA\u015eA A\u0130LES\u0130 SUAT K\u0130MD\u0130R?<\/h3>\n<p>NOW TV ekranlar\u0131n\u0131n yeni sezona bomba gibi ba\u015flayan dizisi \u015eakir Pa\u015fa Ailesi: Mucizeler ve Skandallar, seyirciden tam not almay\u0131 ba\u015fard\u0131. Hem konusu hem de oyuncular\u0131yla izleyicinin dikkatini \u00e7eken dizide karakterlere can veren oyuncular\u0131n \u00f6zel hayatlar\u0131 da merak edildi. \u015eakir Pa\u015fa Ailesi\u2019nin ba\u015far\u0131l\u0131 \u00e7ocuk oyuncular\u0131 aras\u0131nda yer alan Melih Yal\u00e7\u0131n Y\u0131lmaz\u2019\u0131n da kim oldu\u011fu merak ediliyor.<\/p>\n<p><img loading=\"lazy\" decoding=\"async\" class=\"alignnone wp-image-107187\" src=\"https:\/\/www.tgrthaber.com\/mavikadin\/wp-content\/uploads\/Adsiz-tasarim-83-1-1024x576.jpg\" alt=\"Melih Yal\u00e7\u0131n Y\u0131lmaz kimdir\" width=\"1208\" height=\"680\" title=\"\" srcset=\"https:\/\/www.tgrthaber.com\/mavikadin\/wp-content\/uploads\/Adsiz-tasarim-83-1-1024x576.jpg 1024w, https:\/\/www.tgrthaber.com\/mavikadin\/wp-content\/uploads\/Adsiz-tasarim-83-1-300x169.jpg 300w, https:\/\/www.tgrthaber.com\/mavikadin\/wp-content\/uploads\/Adsiz-tasarim-83-1-768x432.jpg 768w, https:\/\/www.tgrthaber.com\/mavikadin\/wp-content\/uploads\/Adsiz-tasarim-83-1-1536x864.jpg 1536w, https:\/\/www.tgrthaber.com\/mavikadin\/wp-content\/uploads\/Adsiz-tasarim-83-1.jpg 1600w\" sizes=\"(max-width: 1208px) 100vw, 1208px\" \/><\/p>\n<p>Melih Yal\u00e7\u0131n Y\u0131lmaz, \u015eakir Pa\u015fa Ailesi: Mucizeler ve Skandallar dizisinde \u201cSuat\u201d karakterine can veriyor.\u00a0Suat karakteri, \u015eakir Pa\u015fa\u2019n\u0131n en k\u00fc\u00e7\u00fck o\u011flu olarak kar\u015f\u0131m\u0131za \u00e7\u0131kmaktad\u0131r. Suat, merakl\u0131, ayd\u0131n ve sanatla i\u00e7 i\u00e7e olan bir karakterdir. Ailesinin sanata ve k\u00fclt\u00fcre olan ilgisi Suat\u2019\u0131n da hayat\u0131n\u0131 derinden etkileyecektir.<\/p>\n<h3>MEL\u0130H YAL\u00c7IN YILMAZ K\u0130MD\u0130R?<\/h3>\n<p>Melih Yal\u00e7\u0131n Y\u0131lmaz, 2011 tarihinde d\u00fcnyaya geldi. \u015eimdilerde ilkokul \u00f6\u011frencisi olan Y\u0131lmaz hem \u00f6\u011frencilik hayat\u0131n\u0131 hem de oyunculuk kariyerini beraber y\u00fcr\u00fct\u00fcyor. Oyunculu\u011fa erken ya\u015flarda at\u0131lan Y\u0131lmaz, ba\u015far\u0131l\u0131 performans\u0131yla dikkatleri \u00fczerine \u00e7ekiyor.<\/p>\n<p><img loading=\"lazy\" decoding=\"async\" class=\"alignnone wp-image-107188\" src=\"https:\/\/www.tgrthaber.com\/mavikadin\/wp-content\/uploads\/Adsiz-tasarim-84-1-1024x576.jpg\" alt=\"Melih Yal\u00e7\u0131n Y\u0131lmaz kimdir\" width=\"1208\" height=\"680\" title=\"\" srcset=\"https:\/\/www.tgrthaber.com\/mavikadin\/wp-content\/uploads\/Adsiz-tasarim-84-1-1024x576.jpg 1024w, https:\/\/www.tgrthaber.com\/mavikadin\/wp-content\/uploads\/Adsiz-tasarim-84-1-300x169.jpg 300w, https:\/\/www.tgrthaber.com\/mavikadin\/wp-content\/uploads\/Adsiz-tasarim-84-1-768x432.jpg 768w, https:\/\/www.tgrthaber.com\/mavikadin\/wp-content\/uploads\/Adsiz-tasarim-84-1-1536x864.jpg 1536w, https:\/\/www.tgrthaber.com\/mavikadin\/wp-content\/uploads\/Adsiz-tasarim-84-1.jpg 1600w\" sizes=\"(max-width: 1208px) 100vw, 1208px\" \/><\/p>\n<p>Ba\u015far\u0131l\u0131 \u00e7ocuk oyuncular aras\u0131nda yer alan Melih Yal\u00e7\u0131n Y\u0131lmaz, oyunculuk kariyerine ilk ad\u0131m\u0131n\u0131 reklam \u00e7ekimleriyle atm\u0131\u015ft\u0131r. Y\u0131lmaz, Dar\u00fc\u015f\u015fafaka, Nestle Damak, Dubai Havayollar\u0131 ve Tusa\u015f gibi reklam filmlerinde yer alm\u0131\u015f ve kendini g\u00f6stermi\u015ftir.<\/p>\n<h3>MEL\u0130H YAL\u00c7IN YILMAZ KA\u00c7 YA\u015eINDA?<\/h3>\n<p>\u015eimdilerde 13 ya\u015f\u0131nda olan ba\u015far\u0131l\u0131 \u00e7ocuk oyuncu Melih Yal\u00e7\u0131n Y\u0131lmaz, reklam filmlerinin yan\u0131 s\u0131ra dizilerde de rol alm\u0131\u015ft\u0131r. \u0130lk profesyonel oyunculuk deneyimini 2022 y\u0131l\u0131nda FOX TV ekranlar\u0131nda izleyici kar\u015f\u0131s\u0131na \u00e7\u0131kan \u201c\u0130yilik\u201d dizisiyle ger\u00e7ekle\u015ftiren Y\u0131lmaz, daha sonra yine 2022 y\u0131l\u0131nda Netflix dijital platformlar\u0131nda yay\u0131mlanan \u201cTerzi\u201d dizisinde rol alm\u0131\u015ft\u0131r.<\/p>\n<p><img loading=\"lazy\" decoding=\"async\" class=\"alignnone wp-image-107189\" src=\"https:\/\/www.tgrthaber.com\/mavikadin\/wp-content\/uploads\/Adsiz-tasarim-82-2-1024x576.jpg\" alt=\"Melih Yal\u00e7\u0131n Y\u0131lmaz kimdir\" width=\"1208\" height=\"680\" title=\"\" srcset=\"https:\/\/www.tgrthaber.com\/mavikadin\/wp-content\/uploads\/Adsiz-tasarim-82-2-1024x576.jpg 1024w, https:\/\/www.tgrthaber.com\/mavikadin\/wp-content\/uploads\/Adsiz-tasarim-82-2-300x169.jpg 300w, https:\/\/www.tgrthaber.com\/mavikadin\/wp-content\/uploads\/Adsiz-tasarim-82-2-768x432.jpg 768w, https:\/\/www.tgrthaber.com\/mavikadin\/wp-content\/uploads\/Adsiz-tasarim-82-2-1536x864.jpg 1536w, https:\/\/www.tgrthaber.com\/mavikadin\/wp-content\/uploads\/Adsiz-tasarim-82-2.jpg 1600w\" sizes=\"(max-width: 1208px) 100vw, 1208px\" \/><\/p>\n<p>Melih Yal\u00e7\u0131n Y\u0131lmaz, 2023 y\u0131l\u0131nda ise TRT1 ekranlar\u0131n\u0131n dijital platformu \u201cTabii\u201dde yay\u0131mlanan \u201cModern Do\u011fu Masallar\u0131\u201d dizisinde \u0130brahim\u2019in \u00e7ocuklu\u011funu canland\u0131rm\u0131\u015ft\u0131r. Bu rol\u00fcyle kendini geli\u015ftiren Y\u0131lmaz, ba\u015far\u0131l\u0131 i\u015flere imza atm\u0131\u015f ve kendini geli\u015ftirmi\u015ftir. Ba\u015far\u0131l\u0131 \u00e7ocuk oyuncu Y\u0131lmaz, \u015fimdilerde NOW TV ekranlar\u0131nda izleyici kar\u015f\u0131s\u0131na \u00e7\u0131kan \u201c\u015eakir Pa\u015fa Ailesi: Mucizeler ve Skandallar\u201d dizisinde \u201cSuat\u201d karakterine can veriyor.<\/p>\n","protected":false},"excerpt":{"rendered":"<p>\u015eakir Pa\u015fa Ailesi: Mucizeler ve Skandallar dizisinin ba\u015far\u0131l\u0131 \u00e7ocuk oyuncular\u0131 aras\u0131nda yer alan Melih Yal\u00e7\u0131n Y\u0131lmaz, performans\u0131yla dikkatleri \u00fczerine \u00e7ekti. Melih Yal\u00e7\u0131n Y\u0131lmaz\u2019\u0131n kim oldu\u011fu izleyiciler taraf\u0131ndan merak edildi. Peki, Melih Yal\u00e7\u0131n Y\u0131lmaz kimdir, ka\u00e7 ya\u015f\u0131nda? \u0130\u015fte ayr\u0131nt\u0131lar\u2026 <\/p>\n","protected":false},"author":26,"featured_media":107186,"comment_status":"closed","ping_status":"closed","sticky":false,"template":"","format":"standard","meta":{"rank_math_lock_modified_date":false,"footnotes":""},"categories":[491],"tags":[4450,2324,2963],"class_list":["post-107185","post","type-post","status-publish","format-standard","has-post-thumbnail","hentry","category-biyografi","tag-melih-yalcin-yilmaz","tag-sakir-pasa-ailesi","tag-sakir-pasa-ailesi-mucizeler-ve-skandallar"],"_links":{"self":[{"href":"https:\/\/www.tgrthaber.com\/mavikadin\/wp-json\/wp\/v2\/posts\/107185"}],"collection":[{"href":"https:\/\/www.tgrthaber.com\/mavikadin\/wp-json\/wp\/v2\/posts"}],"about":[{"href":"https:\/\/www.tgrthaber.com\/mavikadin\/wp-json\/wp\/v2\/types\/post"}],"author":[{"embeddable":true,"href":"https:\/\/www.tgrthaber.com\/mavikadin\/wp-json\/wp\/v2\/users\/26"}],"replies":[{"embeddable":true,"href":"https:\/\/www.tgrthaber.com\/mavikadin\/wp-json\/wp\/v2\/comments?post=107185"}],"version-history":[{"count":2,"href":"https:\/\/www.tgrthaber.com\/mavikadin\/wp-json\/wp\/v2\/posts\/107185\/revisions"}],"predecessor-version":[{"id":107191,"href":"https:\/\/www.tgrthaber.com\/mavikadin\/wp-json\/wp\/v2\/posts\/107185\/revisions\/107191"}],"wp:featuredmedia":[{"embeddable":true,"href":"https:\/\/www.tgrthaber.com\/mavikadin\/wp-json\/wp\/v2\/media\/107186"}],"wp:attachment":[{"href":"https:\/\/www.tgrthaber.com\/mavikadin\/wp-json\/wp\/v2\/media?parent=107185"}],"wp:term":[{"taxonomy":"category","embeddable":true,"href":"https:\/\/www.tgrthaber.com\/mavikadin\/wp-json\/wp\/v2\/categories?post=107185"},{"taxonomy":"post_tag","embeddable":true,"href":"https:\/\/www.tgrthaber.com\/mavikadin\/wp-json\/wp\/v2\/tags?post=107185"}],"curies":[{"name":"wp","href":"https:\/\/api.w.org\/{rel}","templated":true}]}}