{"id":107266,"date":"2024-12-16T21:44:05","date_gmt":"2024-12-16T18:44:05","guid":{"rendered":"https:\/\/www.tgrthaber.com\/mavikadin\/?p=107266"},"modified":"2024-12-17T01:31:30","modified_gmt":"2024-12-16T22:31:30","slug":"uzak-sehir-albora-konaginin-sirri-albora-konagi-nerede-hic-duyulmayan-detay-ortaya-cikti","status":"publish","type":"post","link":"https:\/\/www.tgrthaber.com\/mavikadin\/uzak-sehir-albora-konaginin-sirri-albora-konagi-nerede-hic-duyulmayan-detay-ortaya-cikti\/","title":{"rendered":"Uzak \u015eehir Albora Kona\u011f\u0131&#8217;n\u0131n s\u0131rr\u0131! Albora Kona\u011f\u0131 nerede? Hi\u00e7 duyulmayan detay ortaya \u00e7\u0131kt\u0131"},"content":{"rendered":"<p>Kanal D\u2019nin yeni sezon dizisi Uzak \u015eehir, konusuyla oldu\u011fu kadar \u00e7ekim mekanlar\u0131yla da dikkatleri \u00fczerine \u00e7ekiyor. G\u00fcneydo\u011fu Anadolu\u2019nun e\u015fsiz g\u00fczelliklerini ekrana ta\u015f\u0131yan Uzak \u015eehir dizisinde, \u00f6zellikle Albora Kona\u011f\u0131 merak uyand\u0131rd\u0131. Peki, Uzak \u015eehir dizisi nerede \u00e7ekiliyor? Albora Kona\u011f\u0131 nerede bulunuyor? \u0130\u015fte diziye dair t\u00fcm merak edilenler&#8230;<\/p>\n<h3>UZAK \u015eEH\u0130R ALBORA KONA\u011eI NEREDE?<\/h3>\n<p>Dizide s\u0131k\u00e7a g\u00f6r\u00fclen Albora Kona\u011f\u0131, Uzak \u015eehir\u2019in merkezinde yer al\u0131yor. \u0130zleyiciler, kona\u011f\u0131n ger\u00e7ek hayatta nerede oldu\u011funu merak ediyor. Albora Kona\u011f\u0131, yine Midyat il\u00e7esinde bulunuyor ve tarihi dokusuyla dikkat \u00e7ekiyor. Kona\u011f\u0131n mimari \u00f6zelli\u011fi, Midyat\u2019\u0131n ta\u015f i\u015f\u00e7ili\u011finin en g\u00fczel \u00f6rneklerinden biri.<\/p>\n<p><img loading=\"lazy\" decoding=\"async\" class=\"alignnone wp-image-107272\" src=\"https:\/\/www.tgrthaber.com\/mavikadin\/wp-content\/uploads\/Ekran-goruntusu-2024-12-16-213742.png\" alt=\"\" width=\"658\" height=\"422\" title=\"\" srcset=\"https:\/\/www.tgrthaber.com\/mavikadin\/wp-content\/uploads\/Ekran-goruntusu-2024-12-16-213742.png 830w, https:\/\/www.tgrthaber.com\/mavikadin\/wp-content\/uploads\/Ekran-goruntusu-2024-12-16-213742-300x192.png 300w, https:\/\/www.tgrthaber.com\/mavikadin\/wp-content\/uploads\/Ekran-goruntusu-2024-12-16-213742-768x492.png 768w\" sizes=\"(max-width: 658px) 100vw, 658px\" \/><\/p>\n<h3>UZAK \u015eEH\u0130R D\u0130Z\u0130S\u0130 NEREDE \u00c7EK\u0130L\u0130YOR?<\/h3>\n<p>AyNA Yap\u0131m imzas\u0131n\u0131 ta\u015f\u0131yan Uzak \u015eehir, izleyiciyi T\u00fcrkiye\u2019nin k\u00fclt\u00fcrel zenginlikleriyle dolu bir yolculu\u011fa \u00e7\u0131kar\u0131yor. Dizinin \u00e7ekim adresi olarak \u00f6zellikle Mardin\u2019in Midyat il\u00e7esi tercih edilmi\u015f durumda. Midyat, ta\u015f evleri, dar sokaklar\u0131 ve tarih kokan atmosferiyle diziye farkl\u0131 bir soluk getiriyor.<\/p>\n<p>Midyat\u2019\u0131n tarihi evlerinde \u00e7ekilen sahneler, izleyicilere adeta bir g\u00f6rsel \u015f\u00f6len sunuyor. Bu sahneler sayesinde G\u00fcneydo\u011fu Anadolu\u2019nun otantik havas\u0131 t\u00fcm ihti\u015fam\u0131yla ekrana yans\u0131t\u0131l\u0131yor. Dizinin baz\u0131 b\u00f6l\u00fcmleri ise \u0130stanbul\u2019da \u00e7ekiliyor. Ancak genel a\u011f\u0131rl\u0131k Midyat\u2019\u0131n e\u015fsiz do\u011fas\u0131 ve k\u00fclt\u00fcrel miras\u0131 \u00fczerine kurulu.<\/p>\n<p><img loading=\"lazy\" decoding=\"async\" class=\"alignnone size-large wp-image-107271\" src=\"https:\/\/www.tgrthaber.com\/mavikadin\/wp-content\/uploads\/1731079451_blobid1731079451172-717x1024.jpg\" alt=\"\" width=\"640\" height=\"914\" title=\"\" srcset=\"https:\/\/www.tgrthaber.com\/mavikadin\/wp-content\/uploads\/1731079451_blobid1731079451172-717x1024.jpg 717w, https:\/\/www.tgrthaber.com\/mavikadin\/wp-content\/uploads\/1731079451_blobid1731079451172-210x300.jpg 210w, https:\/\/www.tgrthaber.com\/mavikadin\/wp-content\/uploads\/1731079451_blobid1731079451172-768x1097.jpg 768w, https:\/\/www.tgrthaber.com\/mavikadin\/wp-content\/uploads\/1731079451_blobid1731079451172-1075x1536.jpg 1075w, https:\/\/www.tgrthaber.com\/mavikadin\/wp-content\/uploads\/1731079451_blobid1731079451172.jpg 1200w\" sizes=\"(max-width: 640px) 100vw, 640px\" \/><\/p>\n<h3>UZAK \u015eEH\u0130R D\u0130Z\u0130S\u0130 KONUSU NED\u0130R?<\/h3>\n<p>Kanal D&#8217;nin yeni sezonda izleyicilerle bulu\u015fturdu\u011fu Uzak \u015eehir dizisi, derinlemesine i\u015flenen konusu ve g\u00fc\u00e7l\u00fc karakterleriyle dikkat \u00e7ekiyor. Alya Albora, vefat eden e\u015finin vasiyetini yerine getirmek i\u00e7in 5 ya\u015f\u0131ndaki o\u011flu ve cenazesiyle Kanada&#8217;dan Mardin&#8217;e, Albora topraklar\u0131na gelir. Ancak bu geli\u015f, Alya&#8217;n\u0131n hayat\u0131nda b\u00fcy\u00fck bir d\u00f6n\u00fcm noktas\u0131 olacakt\u0131r \u00e7\u00fcnk\u00fc Albora ailesi ve bu topraklar, onun geri d\u00f6n\u00fc\u015f\u00fcn\u00fc engelleyecek kadar g\u00fc\u00e7l\u00fcd\u00fcr.<\/p>\n<p>Uzak \u015eehir dizisinde, Alya Albora&#8217;n\u0131n ba\u015f\u0131ndan ge\u00e7enler, ge\u00e7mi\u015fin karanl\u0131k s\u0131rlar\u0131yla birle\u015ferek b\u00fcy\u00fck bir m\u00fccadeleye d\u00f6n\u00fc\u015f\u00fcr. E\u015finin \u00f6l\u00fcm\u00fcnden sonra ailesiyle ba\u015f ba\u015fa kalan Alya, hem kaybolan huzurunu hem de e\u015finin miras\u0131n\u0131 ararken, Mardin&#8217;in sert ko\u015fullar\u0131 ve Albora ailesinin gizemli ge\u00e7mi\u015fiyle y\u00fczle\u015fmek zorunda kal\u0131r. Cihan Albora, Alya&#8217;n\u0131n \u00e7\u0131rp\u0131n\u0131\u015flar\u0131na kay\u0131ts\u0131z kalmaz ancak \u00e7ocu\u011funu al\u0131p gitmesine de izin vermez, bu da Alya\u2019y\u0131 zorlu bir sava\u015f\u0131n i\u00e7ine s\u00fcr\u00fckler.<\/p>\n<p><img loading=\"lazy\" decoding=\"async\" class=\"alignnone wp-image-107281\" src=\"https:\/\/www.tgrthaber.com\/mavikadin\/wp-content\/uploads\/Ekran-goruntusu-2024-12-16-214705.png\" alt=\"\" width=\"655\" height=\"364\" title=\"\" srcset=\"https:\/\/www.tgrthaber.com\/mavikadin\/wp-content\/uploads\/Ekran-goruntusu-2024-12-16-214705.png 822w, https:\/\/www.tgrthaber.com\/mavikadin\/wp-content\/uploads\/Ekran-goruntusu-2024-12-16-214705-300x167.png 300w, https:\/\/www.tgrthaber.com\/mavikadin\/wp-content\/uploads\/Ekran-goruntusu-2024-12-16-214705-768x427.png 768w\" sizes=\"(max-width: 655px) 100vw, 655px\" \/><\/p>\n<p>Dizinin temel temalar\u0131ndan biri, aile ba\u011flar\u0131, s\u0131rr\u0131 saklanan ge\u00e7mi\u015fler ve b\u00f6lgenin derin tarihinden gelen \u00e7at\u0131\u015fmalar \u00fczerinedir. Alya&#8217;n\u0131n m\u00fccadele etti\u011fi en b\u00fcy\u00fck engel, sadece ailesiyle de\u011fil, ayn\u0131 zamanda b\u00f6lgenin ger\u00e7ekleriyle de y\u00fczle\u015fmesidir.<\/p>\n<h3>UZAK \u015eEH\u0130R OYUNCU KADROSU<\/h3>\n<p>Uzak \u015eehir, g\u00fc\u00e7l\u00fc oyuncu kadrosuyla da iddias\u0131n\u0131 ortaya koyuyor. \u0130\u015fte dizinin dikkat \u00e7eken isimleri:<\/p>\n<ul>\n<li>Ozan Akbaba<\/li>\n<li>Sinem \u00dcnsal<\/li>\n<li>Gonca Cilasun<\/li>\n<li>M\u00fcfit Kayacan<\/li>\n<li>Alper \u00c7ankaya<\/li>\n<li>Ferit Kaya<\/li>\n<li>Sahra \u015ea\u015f<\/li>\n<li>Dilin D\u00f6\u011fer<\/li>\n<li>Atakan \u00d6zkaya<\/li>\n<li>\u0130lkay Kayku<\/li>\n<li>Nazmi K\u0131r\u0131k<\/li>\n<li>Mine K\u0131l\u0131\u00e7<\/li>\n<li>Sinan Demirer<\/li>\n<li>Zeynep Kankonde<\/li>\n<li>Muttalip M\u00fcjdeci<\/li>\n<li>Bar\u0131\u015f Yal\u00e7\u0131n<\/li>\n<li>Burak \u015eafak<\/li>\n<li>Mehmet Polat<\/li>\n<li>Yunus Eski<\/li>\n<li>Yaren G\u00fcldiken<\/li>\n<li>Kuzey Gezer<\/li>\n<\/ul>\n<p><img loading=\"lazy\" decoding=\"async\" class=\"alignnone wp-image-107274\" src=\"https:\/\/www.tgrthaber.com\/mavikadin\/wp-content\/uploads\/Ekran-goruntusu-2024-12-16-214138.png\" alt=\"\" width=\"738\" height=\"411\" title=\"\" srcset=\"https:\/\/www.tgrthaber.com\/mavikadin\/wp-content\/uploads\/Ekran-goruntusu-2024-12-16-214138.png 817w, https:\/\/www.tgrthaber.com\/mavikadin\/wp-content\/uploads\/Ekran-goruntusu-2024-12-16-214138-300x167.png 300w, https:\/\/www.tgrthaber.com\/mavikadin\/wp-content\/uploads\/Ekran-goruntusu-2024-12-16-214138-768x428.png 768w\" sizes=\"(max-width: 738px) 100vw, 738px\" \/><\/p>\n<h3>UZAK \u015eEH\u0130R HANG\u0130 G\u00dcN YAYINLANIYOR?<\/h3>\n<p>Uzak \u015eehir\u2019in ilk b\u00f6l\u00fcm\u00fc, 11 Kas\u0131m\u2019da Kanal D ekranlar\u0131nda izleyiciyle bulu\u015ftu. G\u00fc\u00e7l\u00fc hikayesi ve etkileyici \u00e7ekim mekanlar\u0131yla izleyenlerden tam not alan dizi, her hafta yeni b\u00f6l\u00fcmleriyle ekranlara gelmeye devam ediyor.<\/p>\n<p><img loading=\"lazy\" decoding=\"async\" class=\"alignnone wp-image-107275\" src=\"https:\/\/www.tgrthaber.com\/mavikadin\/wp-content\/uploads\/Ekran-goruntusu-2024-12-16-214147.png\" alt=\"\" width=\"738\" height=\"416\" title=\"\" srcset=\"https:\/\/www.tgrthaber.com\/mavikadin\/wp-content\/uploads\/Ekran-goruntusu-2024-12-16-214147.png 820w, https:\/\/www.tgrthaber.com\/mavikadin\/wp-content\/uploads\/Ekran-goruntusu-2024-12-16-214147-300x169.png 300w, https:\/\/www.tgrthaber.com\/mavikadin\/wp-content\/uploads\/Ekran-goruntusu-2024-12-16-214147-768x433.png 768w\" sizes=\"(max-width: 738px) 100vw, 738px\" \/><\/p>\n<h3>UZAK \u015eEH\u0130R REYT\u0130NGLERDE Z\u0130RVEDE<\/h3>\n<p>Uzak \u015eehir yay\u0131nlanmaya ba\u015flad\u0131\u011f\u0131 andan itibaren b\u00fcy\u00fck bir heyecan yaratt\u0131. \u0130lk b\u00f6l\u00fcm\u00fcyle reytinglerde \u00fcst s\u0131ralarda yer alan Uzak \u015eehir, konak dizilerine olan ilgiyi yeniden canland\u0131rd\u0131. G\u00fcneydo\u011fu Anadolu\u2019nun tarih kokan mekanlar\u0131 etkileyici hikayesi ve g\u00fc\u00e7l\u00fc oyuncu kadrosu ile pazartesi ak\u015famlar\u0131na damgas\u0131n\u0131 vuruyor.<\/p>\n<p><img loading=\"lazy\" decoding=\"async\" class=\"alignnone wp-image-107276\" src=\"https:\/\/www.tgrthaber.com\/mavikadin\/wp-content\/uploads\/Ekran-goruntusu-2024-12-16-214306.png\" alt=\"\" width=\"732\" height=\"410\" title=\"\" srcset=\"https:\/\/www.tgrthaber.com\/mavikadin\/wp-content\/uploads\/Ekran-goruntusu-2024-12-16-214306.png 827w, https:\/\/www.tgrthaber.com\/mavikadin\/wp-content\/uploads\/Ekran-goruntusu-2024-12-16-214306-300x168.png 300w, https:\/\/www.tgrthaber.com\/mavikadin\/wp-content\/uploads\/Ekran-goruntusu-2024-12-16-214306-768x430.png 768w\" sizes=\"(max-width: 732px) 100vw, 732px\" \/><\/p>\n","protected":false},"excerpt":{"rendered":"<p>Uzak \u015eehir, Mardin Midyat\u2019ta \u00e7ekilen tarihi atmosferi ve Albora Kona\u011f\u0131\u2019yla izleyenlerin dikkatini \u00e7ekti. Albora Kona\u011f\u0131 ile ilgili detaylar merak edildi. Ozan Akbaba ve Sinem \u00dcnsal\u2019\u0131n ba\u015frol\u00fcnde oldu\u011fu Uzak \u015eehir dizisi nerede \u00e7ekiliyor, Albora Kona\u011f\u0131 nerede?<\/p>\n","protected":false},"author":4,"featured_media":107273,"comment_status":"closed","ping_status":"closed","sticky":false,"template":"","format":"standard","meta":{"rank_math_lock_modified_date":false,"footnotes":""},"categories":[602],"tags":[4475,2777,4474,2293],"class_list":["post-107266","post","type-post","status-publish","format-standard","has-post-thumbnail","hentry","category-diziler","tag-albora-konagi","tag-mardin","tag-midyat","tag-uzak-sehir"],"_links":{"self":[{"href":"https:\/\/www.tgrthaber.com\/mavikadin\/wp-json\/wp\/v2\/posts\/107266"}],"collection":[{"href":"https:\/\/www.tgrthaber.com\/mavikadin\/wp-json\/wp\/v2\/posts"}],"about":[{"href":"https:\/\/www.tgrthaber.com\/mavikadin\/wp-json\/wp\/v2\/types\/post"}],"author":[{"embeddable":true,"href":"https:\/\/www.tgrthaber.com\/mavikadin\/wp-json\/wp\/v2\/users\/4"}],"replies":[{"embeddable":true,"href":"https:\/\/www.tgrthaber.com\/mavikadin\/wp-json\/wp\/v2\/comments?post=107266"}],"version-history":[{"count":8,"href":"https:\/\/www.tgrthaber.com\/mavikadin\/wp-json\/wp\/v2\/posts\/107266\/revisions"}],"predecessor-version":[{"id":107370,"href":"https:\/\/www.tgrthaber.com\/mavikadin\/wp-json\/wp\/v2\/posts\/107266\/revisions\/107370"}],"wp:featuredmedia":[{"embeddable":true,"href":"https:\/\/www.tgrthaber.com\/mavikadin\/wp-json\/wp\/v2\/media\/107273"}],"wp:attachment":[{"href":"https:\/\/www.tgrthaber.com\/mavikadin\/wp-json\/wp\/v2\/media?parent=107266"}],"wp:term":[{"taxonomy":"category","embeddable":true,"href":"https:\/\/www.tgrthaber.com\/mavikadin\/wp-json\/wp\/v2\/categories?post=107266"},{"taxonomy":"post_tag","embeddable":true,"href":"https:\/\/www.tgrthaber.com\/mavikadin\/wp-json\/wp\/v2\/tags?post=107266"}],"curies":[{"name":"wp","href":"https:\/\/api.w.org\/{rel}","templated":true}]}}