{"id":107296,"date":"2024-12-16T22:47:49","date_gmt":"2024-12-16T19:47:49","guid":{"rendered":"https:\/\/www.tgrthaber.com\/mavikadin\/?p=107296"},"modified":"2024-12-16T22:47:49","modified_gmt":"2024-12-16T19:47:49","slug":"kudus-fatihi-selahaddin-eyyubi-dizisinde-mila-kimdir-tarihte-var-mi-elif-doganin-biyografisi","status":"publish","type":"post","link":"https:\/\/www.tgrthaber.com\/mavikadin\/kudus-fatihi-selahaddin-eyyubi-dizisinde-mila-kimdir-tarihte-var-mi-elif-doganin-biyografisi\/","title":{"rendered":"Kud\u00fcs Fatihi Selahaddin Eyyubi dizisinde Mila kimdir, tarihte var m\u0131? Elif Do\u011fan\u2019\u0131n biyografisi"},"content":{"rendered":"<p>TRT 1\u2019in ekranlarda izleyicilerle bulu\u015fturdu\u011fu Kud\u00fcs Fatihi Selahaddin Eyyubi dizisi, tarihi bir yolculu\u011fa \u00e7\u0131kar\u0131rken ayn\u0131 zamanda g\u00fc\u00e7l\u00fc oyunculuk performanslar\u0131yla da dikkat \u00e7ekiyor. Dizinin en dikkat \u00e7eken karakterlerinden biri ise, Mila. Kud\u00fcs Fatihi Selahaddin Eyyubi dizisinde Mila&#8217;y\u0131 Elif Do\u011fan canland\u0131r\u0131yor. Peki, Mila kimdir, ger\u00e7ek mi, tarihte var m\u0131? Elif Do\u011fan kimdir, nereli ve ka\u00e7 ya\u015f\u0131nda? \u0130\u015fte bu sorular\u0131n yan\u0131tlar\u0131 ve daha fazlas\u0131\u2026<\/p>\n<h3>KUD\u00dcS FAT\u0130H\u0130 SELAHADD\u0130N EYYUB\u0130 M\u0130LA KARAKTER\u0130 K\u0130MD\u0130R?<\/h3>\n<p>Mila, Kud\u00fcs Fatihi Selahaddin Eyyubi dizisinde yer alan ve g\u00fc\u00e7l\u00fc bir stratejik zekaya sahip olan bir kad\u0131n karakterdir. Selahaddin Eyyubi\u2019nin etraf\u0131ndaki fig\u00fcrlere farkl\u0131 bir bak\u0131\u015f a\u00e7\u0131s\u0131 getiren Mila, dizinin \u00f6nemli kad\u0131n karakterlerinden biridir. Ancak, Mila tarihi kay\u0131tlarda yer alan bir fig\u00fcr de\u011fildir. Bu karakter tamamen dizinin senaryosunda yer alan kurgu bir karakterdir. Bununla birlikte, Mila karakteri, dizinin hikayesine derinlik katan, izleyicinin ilgisini \u00e7eken ve g\u00fc\u00e7l\u00fc bir kad\u0131n\u0131n tarihsel m\u00fccadeleye nas\u0131l katk\u0131 sa\u011flayabilece\u011fini g\u00f6steren bir fig\u00fcrd\u00fcr.<\/p>\n<p><img loading=\"lazy\" decoding=\"async\" class=\"alignnone  wp-image-107301\" src=\"https:\/\/www.tgrthaber.com\/mavikadin\/wp-content\/uploads\/ab7263bb-ffb0-48b9-92a8-a41d9ebfd471.jpg\" alt=\"\" width=\"594\" height=\"891\" title=\"\" srcset=\"https:\/\/www.tgrthaber.com\/mavikadin\/wp-content\/uploads\/ab7263bb-ffb0-48b9-92a8-a41d9ebfd471.jpg 300w, https:\/\/www.tgrthaber.com\/mavikadin\/wp-content\/uploads\/ab7263bb-ffb0-48b9-92a8-a41d9ebfd471-200x300.jpg 200w\" sizes=\"(max-width: 594px) 100vw, 594px\" \/><\/p>\n<h3>M\u0130LA&#8217;YI OYNAYAN EL\u0130F DO\u011eAN K\u0130MD\u0130R?<\/h3>\n<p>Elif Do\u011fan, gen\u00e7 ya\u015f\u0131na ra\u011fmen pek \u00e7ok projede rol alm\u0131\u015f ba\u015far\u0131l\u0131 bir oyuncudur. 6 Eyl\u00fcl 1994 do\u011fumlu olan Elif Do\u011fan, \u0130stanbul \u00dcniversitesi \u0130ngilizce \u00d6\u011fretmenli\u011fi b\u00f6l\u00fcm\u00fcnde e\u011fitimini s\u00fcrd\u00fcr\u00fcrken, ayn\u0131 \u00fcniversitenin Devlet Konservatuvar\u0131 M\u00fczikal B\u00f6l\u00fcm\u00fc\u2019nde yan dal olarak \u015fan e\u011fitimi alm\u0131\u015ft\u0131r. Sahneye olan ilgisi gen\u00e7 ya\u015flarda ba\u015flam\u0131\u015f ve m\u00fczikal oyunlarda sahne deneyimi kazanm\u0131\u015ft\u0131r.<\/p>\n<p>Elif Do\u011fan, oyunculuk kariyerine 2016 y\u0131l\u0131nda A\u015fk Laftan Anlamaz dizisinde g\u00f6sterdi\u011fi ba\u015far\u0131l\u0131 performansla ad\u0131m atm\u0131\u015ft\u0131r. Ayn\u0131 y\u0131l Hayat Bazen Tatl\u0131d\u0131r dizisinde Zeynep karakterini canland\u0131rarak b\u00fcy\u00fck \u00e7\u0131k\u0131\u015f yapm\u0131\u015ft\u0131r. Bu projelerdeki ba\u015far\u0131s\u0131 ile dikkat \u00e7eken Do\u011fan, \u015fu an Kud\u00fcs Fatihi Selahaddin Eyyubi dizisinde Mila karakterini canland\u0131rarak kariyerinde yeni bir ad\u0131m atm\u0131\u015ft\u0131r.<\/p>\n<p><img loading=\"lazy\" decoding=\"async\" class=\"alignnone  wp-image-107300\" src=\"https:\/\/www.tgrthaber.com\/mavikadin\/wp-content\/uploads\/Ekran-goruntusu-2024-12-16-222550.png\" alt=\"\" width=\"726\" height=\"384\" title=\"\" srcset=\"https:\/\/www.tgrthaber.com\/mavikadin\/wp-content\/uploads\/Ekran-goruntusu-2024-12-16-222550.png 1025w, https:\/\/www.tgrthaber.com\/mavikadin\/wp-content\/uploads\/Ekran-goruntusu-2024-12-16-222550-300x159.png 300w, https:\/\/www.tgrthaber.com\/mavikadin\/wp-content\/uploads\/Ekran-goruntusu-2024-12-16-222550-768x406.png 768w\" sizes=\"(max-width: 726px) 100vw, 726px\" \/><\/p>\n<h3>EL\u0130F DO\u011eAN HANG\u0130 D\u0130Z\u0130LERDE OYNADI?<\/h3>\n<p>A\u015fk Laftan Anlamaz (2016)<\/p>\n<p>Hayat Bazen Tatl\u0131d\u0131r (2016)<\/p>\n<p>Kud\u00fcs Fatihi Selahaddin Eyyubi (2024)<\/p>\n<h3>EL\u0130F DO\u011eAN NEREL\u0130, KA\u00c7 YA\u015eINDA?<\/h3>\n<p>Elif Do\u011fan, \u0130stanbul do\u011fumludur. 6 Eyl\u00fcl 1994 do\u011fumlu olan oyuncu, 2024 y\u0131l\u0131 itibar\u0131yla 30 ya\u015f\u0131ndad\u0131r. Gen\u00e7 ya\u015f\u0131na ra\u011fmen sahne ve ekran deneyimi olduk\u00e7a geni\u015f olan Elif Do\u011fan, Kud\u00fcs Fatihi Selahaddin Eyyubi dizisinde g\u00fc\u00e7l\u00fc bir kad\u0131n karakter olan Mila\u2019y\u0131 canland\u0131rmaktad\u0131r.<\/p>\n<p><img loading=\"lazy\" decoding=\"async\" class=\"alignnone  wp-image-107308\" src=\"https:\/\/www.tgrthaber.com\/mavikadin\/wp-content\/uploads\/elif-dogan.jpg\" alt=\"\" width=\"729\" height=\"417\" title=\"\" srcset=\"https:\/\/www.tgrthaber.com\/mavikadin\/wp-content\/uploads\/elif-dogan.jpg 584w, https:\/\/www.tgrthaber.com\/mavikadin\/wp-content\/uploads\/elif-dogan-300x172.jpg 300w\" sizes=\"(max-width: 729px) 100vw, 729px\" \/><\/p>\n<h3>KUD\u00dcS FAT\u0130H\u0130 SELAHADD\u0130N EYYUB\u0130 M\u0130LA TAR\u0130HTE VAR MI?<\/h3>\n<p>Hay\u0131r, Mila karakteri Kud\u00fcs Fatihi Selahaddin Eyyubi dizisinin kurgu bir fig\u00fcr\u00fcd\u00fcr ve tarihi kay\u0131tlarda yer almaz.<\/p>\n<h3>EL\u0130F DO\u011eAN NEREL\u0130?<\/h3>\n<p>Elif Do\u011fan, \u0130stanbul do\u011fumludur.<\/p>\n<h3>EL\u0130F DO\u011eAN KA\u00c7 YA\u015eINDA?<\/h3>\n<p>Elif Do\u011fan, 2024 y\u0131l\u0131 itibar\u0131yla 30 ya\u015f\u0131ndad\u0131r.<\/p>\n<p><img loading=\"lazy\" decoding=\"async\" class=\"alignnone  wp-image-107303\" src=\"https:\/\/www.tgrthaber.com\/mavikadin\/wp-content\/uploads\/Ekran-goruntusu-2024-12-16-224123.png\" alt=\"\" width=\"770\" height=\"479\" title=\"\" srcset=\"https:\/\/www.tgrthaber.com\/mavikadin\/wp-content\/uploads\/Ekran-goruntusu-2024-12-16-224123.png 606w, https:\/\/www.tgrthaber.com\/mavikadin\/wp-content\/uploads\/Ekran-goruntusu-2024-12-16-224123-300x187.png 300w\" sizes=\"(max-width: 770px) 100vw, 770px\" \/><\/p>\n<h3>KUD\u00dcS FAT\u0130H\u0130 SELAHADD\u0130N EYYUB\u0130 D\u0130Z\u0130S\u0130 KONUSU<\/h3>\n<p>TRT 1\u2019in ekranlara ta\u015f\u0131d\u0131\u011f\u0131 Kud\u00fcs Fatihi Selahaddin Eyyubi dizisi, tarihsel bir destan\u0131 anlat\u0131rken, Selahaddin Eyyubi\u2019nin liderli\u011finde ger\u00e7ekle\u015fen zorlu m\u00fccadeleleri ve stratejik ad\u0131mlar\u0131 g\u00f6zler \u00f6n\u00fcne seriyor. Selahaddin\u2019in Kud\u00fcs\u2019\u00fc fethetmek i\u00e7in verdi\u011fi b\u00fcy\u00fck sava\u015f\u0131 anlatan dizi, izleyicilerine tarihe derinlemesine bir bak\u0131\u015f sunuyor.<\/p>\n<p>Dizinin birinci sezonunun sonunda, Emir Selahaddin\u2019in kimli\u011fi belirsiz ki\u015filer taraf\u0131ndan kuyusuna at\u0131lmas\u0131 b\u00fcy\u00fck bir \u015fok etkisi yarat\u0131r. Bu kaybolu\u015f, Sultan Nureddin Zengi\u2019nin Kud\u00fcs Ku\u015fatmas\u0131\u2019n\u0131 sona erdirmesine neden olur. Ancak yeni sezona girdi\u011fimizde, Selahaddin, \u0130belinli Balian taraf\u0131ndan kuyudan \u00e7\u0131kar\u0131l\u0131r ve ikili aras\u0131nda g\u00fc\u00e7l\u00fc bir g\u00fcven ba\u011f\u0131 kurulur. Yolda, k\u00f6le tacirlerinin kurban\u0131 olarak M\u0131s\u0131r\u2019a g\u00f6t\u00fcr\u00fcl\u00fcp arenada d\u00f6v\u00fc\u015ft\u00fcr\u00fcl\u00fcrler. Bu, Selahaddin i\u00e7in hem bir y\u0131k\u0131m hem de yeni bir m\u00fccadele alan\u0131 anlam\u0131na gelir.<\/p>\n<p><img loading=\"lazy\" decoding=\"async\" class=\"alignnone  wp-image-107306\" src=\"https:\/\/www.tgrthaber.com\/mavikadin\/wp-content\/uploads\/bac8e972-eb46-4003-b5a8-6090f7916c87-1024x683.jpg\" alt=\"\" width=\"752\" height=\"502\" title=\"\" srcset=\"https:\/\/www.tgrthaber.com\/mavikadin\/wp-content\/uploads\/bac8e972-eb46-4003-b5a8-6090f7916c87-1024x683.jpg 1024w, https:\/\/www.tgrthaber.com\/mavikadin\/wp-content\/uploads\/bac8e972-eb46-4003-b5a8-6090f7916c87-300x200.jpg 300w, https:\/\/www.tgrthaber.com\/mavikadin\/wp-content\/uploads\/bac8e972-eb46-4003-b5a8-6090f7916c87-768x512.jpg 768w, https:\/\/www.tgrthaber.com\/mavikadin\/wp-content\/uploads\/bac8e972-eb46-4003-b5a8-6090f7916c87-1536x1024.jpg 1536w, https:\/\/www.tgrthaber.com\/mavikadin\/wp-content\/uploads\/bac8e972-eb46-4003-b5a8-6090f7916c87.jpg 2004w\" sizes=\"(max-width: 752px) 100vw, 752px\" \/><\/p>\n<p>Dizinin devam\u0131nda, M\u0131s\u0131r&#8217;da kudretli Ha\u00e7l\u0131 Krall\u0131\u011f\u0131 ve Zengi ailesi aras\u0131nda b\u00fcy\u00fck bir \u00e7eki\u015fme ya\u015fan\u0131r. Ha\u00e7l\u0131lar\u0131n deste\u011fiyle vezir D\u0131rgam, M\u0131s\u0131r y\u00f6netimini ele ge\u00e7irir. Nureddin Zengi ise, Emir \u015eirkuh\u2019un komutas\u0131ndaki ordusuyla Kahire&#8217;yi ku\u015fatarak, devrik vezir \u015eaver\u2019i geri getirmek i\u00e7in harekete ge\u00e7er. Selahaddin, d\u00f6v\u00fc\u015f meydan\u0131nda ba\u015flatt\u0131\u011f\u0131 k\u00f6le isyan\u0131 ile \u015eirkuh kuvvetlerinin Kahire&#8217;ye girmesini sa\u011flar ve b\u00f6ylece Zengi ailesinin M\u0131s\u0131r\u2019daki etkinli\u011fi artar.<\/p>\n<p>Fakat M\u0131s\u0131r&#8217;daki huzursuzluklar, Selahaddin ve Nureddin Zengi aras\u0131ndaki ili\u015fkileri zorlamaya ba\u015flar. Zengi\u2019nin \u00f6l\u00fcm\u00fcnden sonra Selahaddin, M\u0131s\u0131r\u2019\u0131n yeni veziri olur ve Halep\u2019teki fitne olaylar\u0131 ile de m\u00fccadele eder. Bu s\u00fcre\u00e7te, Selahaddin Eyyubi\u2019nin stratejik zekas\u0131, M\u0131s\u0131r\u2019\u0131 kontrol alt\u0131na almak i\u00e7in b\u00fcy\u00fck bir f\u0131rsat sunar.<\/p>\n<p>Selahaddin, Kahire\u2019deki yeni g\u00f6revine ba\u015flad\u0131\u011f\u0131nda, Kud\u00fcs\u2019\u00fc fethetmek i\u00e7in \u00f6nemli stratejiler geli\u015ftirmeye ba\u015flar. \u015eam, Halep, Musul ve Kahire \u015fehirlerini topraklar\u0131na katmay\u0131 hedefleyen Selahaddin, kan d\u00f6kmeden bu \u015fehirlerin kontrol\u00fcn\u00fc ele ge\u00e7irmeyi ama\u00e7lar. Selahaddin, Kud\u00fcs\u2019e giden yolda \u00f6nemli zaferler kazanarak Ha\u00e7l\u0131 kalelerini bir bir fetheder.<\/p>\n<p><img loading=\"lazy\" decoding=\"async\" class=\"alignnone size-large wp-image-107307\" src=\"https:\/\/www.tgrthaber.com\/mavikadin\/wp-content\/uploads\/0db18451-341e-40b3-8553-a6bd5dbb5165-1024x682.jpg\" alt=\"\" width=\"640\" height=\"426\" title=\"\" srcset=\"https:\/\/www.tgrthaber.com\/mavikadin\/wp-content\/uploads\/0db18451-341e-40b3-8553-a6bd5dbb5165-1024x682.jpg 1024w, https:\/\/www.tgrthaber.com\/mavikadin\/wp-content\/uploads\/0db18451-341e-40b3-8553-a6bd5dbb5165-300x200.jpg 300w, https:\/\/www.tgrthaber.com\/mavikadin\/wp-content\/uploads\/0db18451-341e-40b3-8553-a6bd5dbb5165-768x511.jpg 768w, https:\/\/www.tgrthaber.com\/mavikadin\/wp-content\/uploads\/0db18451-341e-40b3-8553-a6bd5dbb5165-1536x1022.jpg 1536w, https:\/\/www.tgrthaber.com\/mavikadin\/wp-content\/uploads\/0db18451-341e-40b3-8553-a6bd5dbb5165.jpg 2007w\" sizes=\"(max-width: 640px) 100vw, 640px\" \/><\/p>\n<p>Kud\u00fcs\u2019\u00fcn fethi i\u00e7in Selahaddin\u2019in kar\u015f\u0131s\u0131nda, Ha\u00e7l\u0131 Krall\u0131\u011f\u0131\u2019n\u0131n yeni kral\u0131 Luzinyanl\u0131 Guy bulunur. Guy, selefi Amalrik\u2019in aksine sava\u015f yanl\u0131s\u0131d\u0131r ve Kud\u00fcs\u2019\u00fcn tehdit alt\u0131nda oldu\u011funu d\u00fc\u015f\u00fcnerek Selahaddin ile b\u00fcy\u00fck bir \u00e7at\u0131\u015fmaya haz\u0131rd\u0131r. \u0130ki ordu, H\u0131ttin\u2019de kar\u015f\u0131 kar\u015f\u0131ya gelir ve Selahaddin\u2019in komutas\u0131ndaki M\u00fcsl\u00fcmanlar b\u00fcy\u00fck bir zafer kazan\u0131r. Ha\u00e7l\u0131 ordusu b\u00fcy\u00fck bir yenilgi al\u0131rken, Selahaddin\u2019in ordusu Kud\u00fcs surlar\u0131n\u0131 ku\u015fatarak \u015fehri teslim al\u0131r.<\/p>\n<p>Kud\u00fcs\u2019\u00fcn savunmas\u0131n\u0131, Selahaddin\u2019in eski dostu Kont Balian yapmaktad\u0131r. Ancak, Kud\u00fcs\u2019\u00fcn direnemeyece\u011fini anlayan Balian, \u015fehri teslim etmeyi kabul eder. Selahaddin, Kud\u00fcs\u2019\u00fc fethederek tarihi bir zafer kazan\u0131r ve 88 y\u0131l s\u00fcren Ha\u00e7l\u0131 i\u015fgalini sonland\u0131r\u0131r. Hem dostlar\u0131ndan hem de d\u00fc\u015fmanlar\u0131ndan takdir toplayarak Kud\u00fcs\u2019\u00fcn tart\u0131\u015fmas\u0131z fatihi olur.<\/p>\n","protected":false},"excerpt":{"rendered":"<p>TRT 1 ekranlar\u0131n\u0131n Sal\u0131 ak\u015famlar\u0131na damgas\u0131n\u0131 vuran yap\u0131m\u0131 Kud\u00fcs Fatihi Selahaddin Eyyubi dizisinde Mila karakteri ile ilgili detaylar merak ediliyor. Kud\u00fcs Fatihi Selahaddin Eyyubi Mila kimdir, ger\u00e7ek mi? Mila tarihte var m\u0131? Mila karakterini oynayan Elif Do\u011fan ile ilgili detaylar\u0131 sizin i\u00e7in derledik.<\/p>\n","protected":false},"author":4,"featured_media":107299,"comment_status":"closed","ping_status":"closed","sticky":false,"template":"","format":"standard","meta":{"rank_math_lock_modified_date":false,"footnotes":""},"categories":[602],"tags":[4482,4486,4485,4484],"class_list":["post-107296","post","type-post","status-publish","format-standard","has-post-thumbnail","hentry","category-diziler","tag-elif-dogan","tag-kudus-fatihi-selahaddin-eyyubi","tag-kudus-fatihi-selahaddin-eyyubi-mila","tag-mila-karakteri"],"_links":{"self":[{"href":"https:\/\/www.tgrthaber.com\/mavikadin\/wp-json\/wp\/v2\/posts\/107296"}],"collection":[{"href":"https:\/\/www.tgrthaber.com\/mavikadin\/wp-json\/wp\/v2\/posts"}],"about":[{"href":"https:\/\/www.tgrthaber.com\/mavikadin\/wp-json\/wp\/v2\/types\/post"}],"author":[{"embeddable":true,"href":"https:\/\/www.tgrthaber.com\/mavikadin\/wp-json\/wp\/v2\/users\/4"}],"replies":[{"embeddable":true,"href":"https:\/\/www.tgrthaber.com\/mavikadin\/wp-json\/wp\/v2\/comments?post=107296"}],"version-history":[{"count":2,"href":"https:\/\/www.tgrthaber.com\/mavikadin\/wp-json\/wp\/v2\/posts\/107296\/revisions"}],"predecessor-version":[{"id":107310,"href":"https:\/\/www.tgrthaber.com\/mavikadin\/wp-json\/wp\/v2\/posts\/107296\/revisions\/107310"}],"wp:featuredmedia":[{"embeddable":true,"href":"https:\/\/www.tgrthaber.com\/mavikadin\/wp-json\/wp\/v2\/media\/107299"}],"wp:attachment":[{"href":"https:\/\/www.tgrthaber.com\/mavikadin\/wp-json\/wp\/v2\/media?parent=107296"}],"wp:term":[{"taxonomy":"category","embeddable":true,"href":"https:\/\/www.tgrthaber.com\/mavikadin\/wp-json\/wp\/v2\/categories?post=107296"},{"taxonomy":"post_tag","embeddable":true,"href":"https:\/\/www.tgrthaber.com\/mavikadin\/wp-json\/wp\/v2\/tags?post=107296"}],"curies":[{"name":"wp","href":"https:\/\/api.w.org\/{rel}","templated":true}]}}