{"id":107297,"date":"2024-12-16T22:52:46","date_gmt":"2024-12-16T19:52:46","guid":{"rendered":"https:\/\/www.tgrthaber.com\/mavikadin\/?p=107297"},"modified":"2024-12-17T09:22:53","modified_gmt":"2024-12-17T06:22:53","slug":"patlayan-flaslar-heijan-ve-mutiye-zor-anlar-yasatti","status":"publish","type":"post","link":"https:\/\/www.tgrthaber.com\/mavikadin\/patlayan-flaslar-heijan-ve-mutiye-zor-anlar-yasatti\/","title":{"rendered":"Patlayan fla\u015flar Heijan ve Muti&#8217;ye zor anlar ya\u015fatt\u0131"},"content":{"rendered":"<p>\u015eark\u0131lar\u0131 ve sosyal medya payla\u015f\u0131mlar\u0131 ile ad\u0131ndan s\u00f6z ettiren ikili Heijan ve Muti, bu ak\u015fam bir geceye kat\u0131ld\u0131. \u00dcnl\u00fc isimler gazetecilere poz verirken patlayan fla\u015flar nedeniyle zor anlar ya\u015fad\u0131.<\/p>\n<h3>PATLAYAN FLA\u015eLAR HE\u0130JAN VE MUT\u0130&#8217;YE ZOR ANLAR YA\u015eATTI<\/h3>\n<p>As\u0131l ismi M\u00fccahit Do\u011fan olan Muti, \u00f6zellikle \u00fcnl\u00fc rap\u00e7i &#8216;Heijan&#8217; ile \u00e7\u0131kard\u0131\u011f\u0131 \u015fark\u0131s\u0131yla g\u00fcndem olmu\u015ftu. \u0130kili daha sonra baz\u0131 olaylara dahil olduklar\u0131 iddias\u0131 ile g\u00fcndeme gelmi\u015fti. Meslek birli\u011fi Mesam&#8217;\u0131n d\u00fczenledi\u011fi \u00f6d\u00fcl t\u00f6renine kat\u0131lan Heijan ve Muti gazetecilerin kar\u015f\u0131s\u0131na \u00e7\u0131kt\u0131. O s\u0131rada patlayan fla\u015flar y\u00fcz\u00fcnden g\u00f6zleri ya\u015flanan Heijan&#8217;\u0131n g\u00f6r\u00fcnt\u00fcs\u00fc objektiflere b\u00f6yle yans\u0131d\u0131.<\/p>\n<div style=\"width: 640px;\" class=\"wp-video\"><!--[if lt IE 9]><script>document.createElement('video');<\/script><![endif]-->\n<video class=\"wp-video-shortcode\" id=\"video-107297-1\" width=\"640\" height=\"1138\" preload=\"metadata\" controls=\"controls\"><source type=\"video\/mp4\" src=\"https:\/\/www.tgrthaber.com\/mavikadin\/wp-content\/uploads\/aa.mp4?_=1\" \/><a href=\"https:\/\/www.tgrthaber.com\/mavikadin\/wp-content\/uploads\/aa.mp4\">https:\/\/www.tgrthaber.com\/mavikadin\/wp-content\/uploads\/aa.mp4<\/a><\/video><\/div>\n<h3>MUT\u0130 K\u0130MD\u0130R?<\/h3>\n<p>Muti ad\u0131yla bilinen rap sanat\u00e7\u0131s\u0131n\u0131n as\u0131l ismi M\u00fccahit Do\u011fan\u2019d\u0131r. 1994 senesinde d\u00fcnyaya gelmi\u015ftir. Do\u011fum yeri \u0130stanbul olarak kay\u0131tlara ge\u00e7mi\u015ftir.\u00a0Lise e\u011fitimini tamamlad\u0131ktan sonra \u0130stanbul \u00dcniversitesi\u2019nden mezun olmu\u015ftur. \u0130lk m\u00fczik \u00e7al\u0131\u015fmas\u0131n\u0131 2017 y\u0131l\u0131nda yay\u0131nlayarak geni\u015f bir kitleye ula\u015fm\u0131\u015ft\u0131r. G\u00fcn\u00fcm\u00fczde sanat kariyerine devam etmektedir.<\/p>\n<p>Muti, ilk kez 2017 senesinde Heijan ile birlikte seslendirdi\u011fi Yans\u0131n Geceler ve Abin D\u0131zo Brem\u0131n adl\u0131 par\u00e7alarla tan\u0131nm\u0131\u015ft\u0131r. Bu \u015fark\u0131lar, 2017 y\u0131l\u0131nda en \u00e7ok dinlenen eserler aras\u0131nda yer alm\u0131\u015ft\u0131r.<\/p>\n<p>Ayr\u0131ca Parra, Davay Davay, D\u00fc\u015fme ve Deli Ediyor gibi \u015fark\u0131larla da i\u015f birliklerini s\u00fcrd\u00fcrm\u00fc\u015flerdir.<\/p>\n<figure id=\"attachment_107314\" aria-describedby=\"caption-attachment-107314\" style=\"width: 1208px\" class=\"wp-caption alignnone\"><img loading=\"lazy\" decoding=\"async\" class=\"wp-image-107314 size-full\" src=\"https:\/\/www.tgrthaber.com\/mavikadin\/wp-content\/uploads\/hcccn.jpg\" alt=\"Heijan ve Muti\" width=\"1208\" height=\"680\" title=\"\" srcset=\"https:\/\/www.tgrthaber.com\/mavikadin\/wp-content\/uploads\/hcccn.jpg 1208w, https:\/\/www.tgrthaber.com\/mavikadin\/wp-content\/uploads\/hcccn-300x169.jpg 300w, https:\/\/www.tgrthaber.com\/mavikadin\/wp-content\/uploads\/hcccn-1024x576.jpg 1024w, https:\/\/www.tgrthaber.com\/mavikadin\/wp-content\/uploads\/hcccn-768x432.jpg 768w\" sizes=\"(max-width: 1208px) 100vw, 1208px\" \/><figcaption id=\"caption-attachment-107314\" class=\"wp-caption-text\">Heijan ve Muti<\/figcaption><\/figure>\n<h3>HEIJAN K\u0130MD\u0130R?<\/h3>\n<p>Heijan, 1994 y\u0131l\u0131nda Van&#8217;da d\u00fcnyaya gelen sanat\u00e7\u0131n\u0131n ger\u00e7ek ad\u0131 Do\u011fan Tarda\u2019d\u0131r. Yunus Emre Ticaret Meslek Lisesi\u2019ni tamamlad\u0131ktan sonra, e\u011fitimine Eski\u015fehir Anadolu \u00dcniversitesi A\u00e7\u0131k \u00d6\u011fretim Fak\u00fcltesi\u2019nde devam etmi\u015ftir. Bir televizyon program\u0131nda, Heijan isminin &#8220;Normal Zehir&#8221; anlam\u0131na geldi\u011fini ifade etmi\u015ftir.<\/p>\n<p>&#8220;Yans\u0131n Geceler&#8221; ve &#8220;Semt Oturu\u015fu&#8221; adl\u0131 par\u00e7alar\u0131yla geni\u015f bir kitle taraf\u0131ndan tan\u0131nm\u0131\u015ft\u0131r. Ayr\u0131ca Yolduzlar \u00c7etesi isimli sinema filminde \u00c7ayc\u0131 rol\u00fcyle izleyicilerin kar\u015f\u0131s\u0131na \u00e7\u0131km\u0131\u015ft\u0131r.<\/p>\n<p>Heijan ad\u0131yla bilinen Do\u011fan Tarda, 1 Aral\u0131k 2017 tarihinde Emniyet Genel M\u00fcd\u00fcrl\u00fc\u011f\u00fc\u2019n\u00fcn Narkotik Su\u00e7larla M\u00fccadele ve Siber Su\u00e7larla M\u00fccadele birimleri taraf\u0131ndan ba\u015flat\u0131lan bir uyu\u015fturucu operasyonu kapsam\u0131nda g\u00f6zalt\u0131na al\u0131nm\u0131\u015ft\u0131r.<\/p>\n","protected":false},"excerpt":{"rendered":"<p>Son zamanlarda pop\u00fclerlikleri olduk\u00e7a artan rap\u00e7i Muti ve Heijan bir geceye kat\u0131ld\u0131. Patlayan fla\u015flardan rahats\u0131z olan Heijan, zor anlar ya\u015fad\u0131.<\/p>\n","protected":false},"author":2,"featured_media":107315,"comment_status":"closed","ping_status":"closed","sticky":false,"template":"","format":"standard","meta":{"rank_math_lock_modified_date":false,"footnotes":""},"categories":[76],"tags":[4491,133,2218],"class_list":["post-107297","post","type-post","status-publish","format-standard","has-post-thumbnail","hentry","category-magazin","tag-heijan","tag-magazin","tag-magazin-haberleri"],"_links":{"self":[{"href":"https:\/\/www.tgrthaber.com\/mavikadin\/wp-json\/wp\/v2\/posts\/107297"}],"collection":[{"href":"https:\/\/www.tgrthaber.com\/mavikadin\/wp-json\/wp\/v2\/posts"}],"about":[{"href":"https:\/\/www.tgrthaber.com\/mavikadin\/wp-json\/wp\/v2\/types\/post"}],"author":[{"embeddable":true,"href":"https:\/\/www.tgrthaber.com\/mavikadin\/wp-json\/wp\/v2\/users\/2"}],"replies":[{"embeddable":true,"href":"https:\/\/www.tgrthaber.com\/mavikadin\/wp-json\/wp\/v2\/comments?post=107297"}],"version-history":[{"count":2,"href":"https:\/\/www.tgrthaber.com\/mavikadin\/wp-json\/wp\/v2\/posts\/107297\/revisions"}],"predecessor-version":[{"id":107435,"href":"https:\/\/www.tgrthaber.com\/mavikadin\/wp-json\/wp\/v2\/posts\/107297\/revisions\/107435"}],"wp:featuredmedia":[{"embeddable":true,"href":"https:\/\/www.tgrthaber.com\/mavikadin\/wp-json\/wp\/v2\/media\/107315"}],"wp:attachment":[{"href":"https:\/\/www.tgrthaber.com\/mavikadin\/wp-json\/wp\/v2\/media?parent=107297"}],"wp:term":[{"taxonomy":"category","embeddable":true,"href":"https:\/\/www.tgrthaber.com\/mavikadin\/wp-json\/wp\/v2\/categories?post=107297"},{"taxonomy":"post_tag","embeddable":true,"href":"https:\/\/www.tgrthaber.com\/mavikadin\/wp-json\/wp\/v2\/tags?post=107297"}],"curies":[{"name":"wp","href":"https:\/\/api.w.org\/{rel}","templated":true}]}}