{"id":107359,"date":"2024-12-17T01:24:30","date_gmt":"2024-12-16T22:24:30","guid":{"rendered":"https:\/\/www.tgrthaber.com\/mavikadin\/?p=107359"},"modified":"2024-12-17T01:32:54","modified_gmt":"2024-12-16T22:32:54","slug":"uzak-sehir-ile-ilgili-bomba-iddia-nurgul-yesilcay-alyanin-annesi-olarak-diziye-dahil-oluyor","status":"publish","type":"post","link":"https:\/\/www.tgrthaber.com\/mavikadin\/uzak-sehir-ile-ilgili-bomba-iddia-nurgul-yesilcay-alyanin-annesi-olarak-diziye-dahil-oluyor\/","title":{"rendered":"Uzak \u015eehir ile ilgili bomba iddia! Nurg\u00fcl Ye\u015fil\u00e7ay, Alya&#8217;n\u0131n annesi olarak diziye dahil oluyor"},"content":{"rendered":"<p>Kanal D ekranlar\u0131n\u0131n en \u00e7ok izlenen yap\u0131mlar\u0131ndan biri olan Uzak \u015eehir, s\u00fcr\u00fckleyici senaryosu ve g\u00fc\u00e7l\u00fc oyuncu kadrosuyla reyting listelerinde zirveye oturmaya devam ediyor. Ozan Akbaba, Sinem \u00dcnsal, M\u00fcfit Kayacan, Sahra \u015ea\u015f gibi ba\u015far\u0131l\u0131 isimleri bir araya getiren dizi, her yeni b\u00f6l\u00fcmde konu\u015fulmaya de\u011fer geli\u015fmelerle g\u00fcndeme geliyor.<\/p>\n<h3>ALYA&#8217;NIN ANNES\u0130 ROL\u00dcYLE NURG\u00dcL YE\u015e\u0130L\u00c7AY DAH\u0130L OLUYOR<\/h3>\n<p>Son olarak diziye dair ortaya at\u0131lan bir iddia, izleyicileri heyecanland\u0131rd\u0131. Usta oyuncu Nurg\u00fcl Ye\u015fil\u00e7ay\u2019\u0131n, Uzak \u015eehir kadrosuna Alya\u2019n\u0131n annesi rol\u00fcyle dahil olaca\u011f\u0131 konu\u015fuluyor. Ye\u015fil\u00e7ay\u2019\u0131n diziye kat\u0131lmas\u0131yla birlikte senaryonun seyrinin tamamen de\u011fi\u015fece\u011fi ve dengelerin alt \u00fcst olaca\u011f\u0131 tahmin ediliyor.<\/p>\n<p><img loading=\"lazy\" decoding=\"async\" class=\"alignnone wp-image-107360\" src=\"https:\/\/www.tgrthaber.com\/mavikadin\/wp-content\/uploads\/Ge8QmuRWIAAzb_r-1024x577.jpg\" alt=\"\" width=\"682\" height=\"384\" title=\"\" srcset=\"https:\/\/www.tgrthaber.com\/mavikadin\/wp-content\/uploads\/Ge8QmuRWIAAzb_r-1024x577.jpg 1024w, https:\/\/www.tgrthaber.com\/mavikadin\/wp-content\/uploads\/Ge8QmuRWIAAzb_r-300x169.jpg 300w, https:\/\/www.tgrthaber.com\/mavikadin\/wp-content\/uploads\/Ge8QmuRWIAAzb_r-768x432.jpg 768w, https:\/\/www.tgrthaber.com\/mavikadin\/wp-content\/uploads\/Ge8QmuRWIAAzb_r.jpg 1101w\" sizes=\"(max-width: 682px) 100vw, 682px\" \/><\/p>\n<h3>ASMALI KONAK D\u0130Z\u0130S\u0130YLE YILDIZI PARLADI<\/h3>\n<p>T\u00fcrk televizyon d\u00fcnyas\u0131n\u0131n en sevilen isimlerinden biri olan Nurg\u00fcl Ye\u015fil\u00e7ay, daha \u00f6nce Parampar\u00e7a ve Veda Mektubu gibi projelerdeki anne rolleriyle be\u011feni toplam\u0131\u015ft\u0131. Oyunculu\u011fundaki \u00e7e\u015fitlilikle dikkat \u00e7eken Ye\u015fil\u00e7ay, \u00f6zellikle Asmal\u0131 Konak dizisindeki Bahar karakteriyle geni\u015f bir hayran kitlesi edinmi\u015f ve T\u00fcrk dizi tarihine ad\u0131n\u0131 alt\u0131n harflerle yazd\u0131rm\u0131\u015ft\u0131.<\/p>\n<p>Bu kez Alya\u2019n\u0131n annesi olarak ekrana d\u00f6necek olan Ye\u015fil\u00e7ay, diziye dahil olmas\u0131yla birlikte karakterler aras\u0131ndaki \u00e7at\u0131\u015fmay\u0131 zirveye ta\u015f\u0131yacak.<\/p>\n<p><img loading=\"lazy\" decoding=\"async\" class=\"alignnone wp-image-107361\" src=\"https:\/\/www.tgrthaber.com\/mavikadin\/wp-content\/uploads\/620x409-asmali-konak-nerede-cekildi-ne-zaman-basladi-1695548643176.jpg\" alt=\"\" width=\"691\" height=\"456\" title=\"\" srcset=\"https:\/\/www.tgrthaber.com\/mavikadin\/wp-content\/uploads\/620x409-asmali-konak-nerede-cekildi-ne-zaman-basladi-1695548643176.jpg 620w, https:\/\/www.tgrthaber.com\/mavikadin\/wp-content\/uploads\/620x409-asmali-konak-nerede-cekildi-ne-zaman-basladi-1695548643176-300x198.jpg 300w\" sizes=\"(max-width: 691px) 100vw, 691px\" \/><\/p>\n<p>Nurg\u00fcl Ye\u015fil\u00e7ay\u2019\u0131n kariyeri incelendi\u011finde, \u00f6zellikle Asmal\u0131 Konak dizisiyle T\u00fcrk televizyon tarihine damga vurdu\u011fu g\u00f6r\u00fclebilir. Asmal\u0131 Konak, \u0130stanbul\u2019dan gelerek k\u00f6kl\u00fc bir ailenin i\u00e7ine dahil olan gen\u00e7 bir kad\u0131n\u0131n hikayesini anlatm\u0131\u015f ve Ye\u015fil\u00e7ay ile \u00d6zcan Deniz\u2019i adeta \u015f\u00f6hretin zirvesine ta\u015f\u0131m\u0131\u015ft\u0131. Bu dizi, y\u0131llar i\u00e7inde bir\u00e7ok benzer yap\u0131m\u0131n da \u00f6nc\u00fcs\u00fc olmu\u015ftu.<\/p>\n<h3>NURG\u00dcL YE\u015e\u0130L\u00c7AY K\u0130MD\u0130R?<\/h3>\n<p>Nurg\u00fcl Ye\u015fil\u00e7ay, 26 Mart 1976&#8217;da Afyonkarahisar&#8217;da do\u011fdu. Ancak sanat\u00e7\u0131n\u0131n bir r\u00f6portaj\u0131nda belirtti\u011fi \u00fczere, aslen \u0130zmir do\u011fumlu oldu\u011funu ifade etmi\u015ftir. Ortaokul ve lise e\u011fitimini \u0130zmir&#8217;de tamamlayan Ye\u015fil\u00e7ay, Eski\u015fehir Anadolu \u00dcniversitesi Tiyatro B\u00f6l\u00fcm\u00fcnden 2001 y\u0131l\u0131nda mezun oldu. Kariyerine televizyon dizileriyle ba\u015flayan Ye\u015fil\u00e7ay, k\u0131sa s\u00fcrede T\u00fcrkiye\u2019nin en tan\u0131nm\u0131\u015f oyuncular\u0131ndan biri haline geldi.<\/p>\n<p>Nurg\u00fcl Ye\u015fil\u00e7ay\u2019\u0131n televizyon kariyeri, 1998 y\u0131l\u0131nda yay\u0131nlanan \u0130kinci Bahar dizisindeki G\u00fcls\u00fcm karakteriyle ba\u015flad\u0131. Ancak onun y\u0131ld\u0131z\u0131n\u0131 as\u0131l parlatan proje, 2002 y\u0131l\u0131nda \u00c7a\u011fan Irmak y\u00f6netmenli\u011finde \u00e7ekilen Asmal\u0131 Konak dizisindeki Bahar Karada\u011f rol\u00fc oldu. Bu diziyle geni\u015f bir hayran kitlesine ula\u015fan Ye\u015fil\u00e7ay, ayn\u0131 y\u0131l Teoman ile birlikte ba\u015frol\u00fc payla\u015ft\u0131\u011f\u0131 Mumya Firarda filmiyle sinema d\u00fcnyas\u0131na ad\u0131m att\u0131.<\/p>\n<p><img loading=\"lazy\" decoding=\"async\" class=\"alignnone wp-image-107362\" src=\"https:\/\/www.tgrthaber.com\/mavikadin\/wp-content\/uploads\/Ekran-goruntusu-2024-12-17-011552.png\" alt=\"\" width=\"689\" height=\"831\" title=\"\" srcset=\"https:\/\/www.tgrthaber.com\/mavikadin\/wp-content\/uploads\/Ekran-goruntusu-2024-12-17-011552.png 582w, https:\/\/www.tgrthaber.com\/mavikadin\/wp-content\/uploads\/Ekran-goruntusu-2024-12-17-011552-249x300.png 249w\" sizes=\"(max-width: 689px) 100vw, 689px\" \/><\/p>\n<p>2005 y\u0131l\u0131nda At\u0131f Y\u0131lmaz\u2019\u0131n y\u00f6netti\u011fi E\u011freti Gelin filminde canland\u0131rd\u0131\u011f\u0131 Kostak Emine karakteriyle b\u00fcy\u00fck be\u011feni kazanan oyuncu, 12. Adana Alt\u0131n Koza Film Festivali\u2019nde En \u0130yi Kad\u0131n Oyuncu \u00d6d\u00fcl\u00fc&#8217;ne lay\u0131k g\u00f6r\u00fcld\u00fc. Bu ba\u015far\u0131, Ye\u015fil\u00e7ay\u2019\u0131n sinema kariyerindeki \u00f6nemli kilometre ta\u015flar\u0131ndan biri oldu.<\/p>\n<p>Ayn\u0131 d\u00f6nemde televizyon dizilerinde de aktif olan sanat\u00e7\u0131, Melekler Adas\u0131, Belal\u0131 Bald\u0131z, Ezo Gelin gibi yap\u0131mlarla dikkat \u00e7ekti. 2006 y\u0131l\u0131nda Fatih Ak\u0131n\u2019\u0131n y\u00f6netti\u011fi, 60. Cannes Film Festivali\u2019nde \u00f6d\u00fcl alan Ya\u015fam\u0131n K\u0131y\u0131s\u0131nda filminde Ayten \u00d6zt\u00fcrk karakterine hayat verdi.<\/p>\n<p>Son y\u0131llarda televizyon ve tiyatroda ba\u015far\u0131l\u0131 i\u015flere imza atan Ye\u015fil\u00e7ay, 2020-2021 y\u0131llar\u0131nda FOX TV&#8217;de yay\u0131nlanan Kefaret dizisinde Zeynep G\u00f6kmen \u00c7\u0131narl\u0131 karakterini canland\u0131rarak geni\u015f bir izleyici kitlesine ula\u015ft\u0131. Sanat\u00e7\u0131, ayn\u0131 zamanda sahneye de d\u00f6nerek, Afra Sara\u00e7o\u011flu ile birlikte oynad\u0131\u011f\u0131 Bir Barda Bir Gece oyunuyla tiyatroseverlerin kar\u015f\u0131s\u0131na \u00e7\u0131kt\u0131.<\/p>\n<p><img loading=\"lazy\" decoding=\"async\" class=\"alignnone wp-image-107363\" src=\"https:\/\/www.tgrthaber.com\/mavikadin\/wp-content\/uploads\/Ekran-goruntusu-2024-12-17-011636.png\" alt=\"\" width=\"690\" height=\"763\" title=\"\" srcset=\"https:\/\/www.tgrthaber.com\/mavikadin\/wp-content\/uploads\/Ekran-goruntusu-2024-12-17-011636.png 583w, https:\/\/www.tgrthaber.com\/mavikadin\/wp-content\/uploads\/Ekran-goruntusu-2024-12-17-011636-271x300.png 271w\" sizes=\"(max-width: 690px) 100vw, 690px\" \/><\/p>\n<p>2022 y\u0131l\u0131nda yine FOX TV&#8217;de yay\u0131nlanan Son Nefesime Kadar dizisinde ba\u015frol oynad\u0131.<\/p>\n<h3>UZAK \u015eEH\u0130R D\u0130Z\u0130S\u0130 KONUSU<\/h3>\n<p>Kanada\u2019da huzurlu bir hayat s\u00fcren Alya\u2019n\u0131n hikayesi, e\u015finin ani \u00f6l\u00fcm\u00fcyle alt\u00fcst olur. Boran\u2019\u0131n vasiyeti \u00fczerine, onu memleketi Mardin\u2019e g\u00f6t\u00fcren Alya, kendini bir anda gelenekler ve t\u00f6relerin h\u00fck\u00fcm s\u00fcrd\u00fc\u011f\u00fc Albora ailesinin \u00e7at\u0131\u015fmal\u0131 d\u00fcnyas\u0131nda bulur. Ailesi, Alya\u2019n\u0131n o\u011flunu geri vermeyi reddeder ve bu durum gen\u00e7 kad\u0131n\u0131 b\u00fcy\u00fck bir m\u00fccadeleye s\u00fcr\u00fckler. O\u011flunu al\u0131p ka\u00e7mak i\u00e7in yapt\u0131\u011f\u0131 hamle, geri d\u00f6n\u00fc\u015f\u00fc olmayan bir sava\u015f\u0131n fitilini ate\u015fler.<\/p>\n<p><img loading=\"lazy\" decoding=\"async\" class=\"alignnone wp-image-107271\" src=\"https:\/\/www.tgrthaber.com\/mavikadin\/wp-content\/uploads\/1731079451_blobid1731079451172-717x1024.jpg\" alt=\"\" width=\"691\" height=\"987\" title=\"\" srcset=\"https:\/\/www.tgrthaber.com\/mavikadin\/wp-content\/uploads\/1731079451_blobid1731079451172-717x1024.jpg 717w, https:\/\/www.tgrthaber.com\/mavikadin\/wp-content\/uploads\/1731079451_blobid1731079451172-210x300.jpg 210w, https:\/\/www.tgrthaber.com\/mavikadin\/wp-content\/uploads\/1731079451_blobid1731079451172-768x1097.jpg 768w, https:\/\/www.tgrthaber.com\/mavikadin\/wp-content\/uploads\/1731079451_blobid1731079451172-1075x1536.jpg 1075w, https:\/\/www.tgrthaber.com\/mavikadin\/wp-content\/uploads\/1731079451_blobid1731079451172.jpg 1200w\" sizes=\"(max-width: 691px) 100vw, 691px\" \/><\/p>\n<h3>UZAK \u015eEH\u0130R OYUNCU KADROSU<\/h3>\n<p>Dizinin geni\u015f ve iddial\u0131 oyuncu kadrosu \u015fu isimlerden olu\u015fuyor:<\/p>\n<p>Ozan Akbaba (Cihan)<\/p>\n<p>Sinem \u00dcnsal (Alya)<\/p>\n<p>Gonca Cilasun<\/p>\n<p>M\u00fcfit Kayacan<\/p>\n<p>Ferit Kaya<\/p>\n<p>Atakan \u00d6zkaya<\/p>\n<p>Sahra \u015ea\u015f<\/p>\n<p>Dilin D\u00f6\u011fer<\/p>\n<p>Mine K\u0131l\u0131\u00e7<\/p>\n<p>Nazmi K\u0131r\u0131k<\/p>\n<p>\u0130lkay Kayku<\/p>\n<p>Sinan Demirer<\/p>\n<p>Zeynep Kankonde<\/p>\n<p>Mehmet Polat ve daha pek \u00e7ok ba\u015far\u0131l\u0131 isim yer al\u0131yor.<\/p>\n<!--[if lt IE 9]><script>document.createElement('video');<\/script><![endif]-->\n\t<div class=\"wp-playlist wp-video-playlist wp-playlist-light\">\n\t\t<video controls=\"controls\" preload=\"none\" width=\"618\"\n\t\t height=\"351\"\t><\/video>\n\t<div class=\"wp-playlist-next\"><\/div>\n\t<div class=\"wp-playlist-prev\"><\/div>\n\t<noscript>\n\t<ol>\n\t\t<li><a href='https:\/\/www.tgrthaber.com\/mavikadin\/wp-content\/uploads\/ssstwitter.com_1734387527763.mp4'>uzak \u015fehir<\/a><\/li>\t<\/ol>\n\t<\/noscript>\n\t<script type=\"application\/json\" class=\"wp-playlist-script\">{\"type\":\"video\",\"tracklist\":true,\"tracknumbers\":true,\"images\":true,\"artists\":true,\"tracks\":[{\"src\":\"https:\\\/\\\/www.tgrthaber.com\\\/mavikadin\\\/wp-content\\\/uploads\\\/ssstwitter.com_1734387527763.mp4\",\"type\":\"video\\\/mp4\",\"title\":\"uzak \\u015fehir\",\"caption\":\"\",\"description\":\"\",\"meta\":{\"length_formatted\":\"0:44\"},\"dimensions\":{\"original\":{\"width\":634,\"height\":360},\"resized\":{\"width\":618,\"height\":351}},\"image\":{\"src\":\"https:\\\/\\\/www.tgrthaber.com\\\/mavikadin\\\/wp-includes\\\/images\\\/media\\\/video.svg\",\"width\":48,\"height\":64},\"thumb\":{\"src\":\"https:\\\/\\\/www.tgrthaber.com\\\/mavikadin\\\/wp-includes\\\/images\\\/media\\\/video.svg\",\"width\":48,\"height\":64}}]}<\/script>\n<\/div>\n\t\n","protected":false},"excerpt":{"rendered":"<p>Kanal D\u2019nin reyting rekortmeni dizisi Uzak \u015eehir oyuncu kadrosuna dev bir isim kat\u0131l\u0131yor. Ozan Akbaba ve Sinem \u00dcnsal\u2019\u0131n ba\u015frollerinde yer ald\u0131\u011f\u0131 dizide Alya\u2019n\u0131n annesini oynayacak oyuncunun Nurg\u00fcl Ye\u015fil\u00e7ay olaca\u011f\u0131 iddia edildi.<\/p>\n","protected":false},"author":4,"featured_media":107364,"comment_status":"closed","ping_status":"closed","sticky":false,"template":"","format":"standard","meta":{"rank_math_lock_modified_date":false,"footnotes":""},"categories":[602],"tags":[4505,2787,2293],"class_list":["post-107359","post","type-post","status-publish","format-standard","has-post-thumbnail","hentry","category-diziler","tag-asmali-konak","tag-nurgul-yesilcay","tag-uzak-sehir"],"_links":{"self":[{"href":"https:\/\/www.tgrthaber.com\/mavikadin\/wp-json\/wp\/v2\/posts\/107359"}],"collection":[{"href":"https:\/\/www.tgrthaber.com\/mavikadin\/wp-json\/wp\/v2\/posts"}],"about":[{"href":"https:\/\/www.tgrthaber.com\/mavikadin\/wp-json\/wp\/v2\/types\/post"}],"author":[{"embeddable":true,"href":"https:\/\/www.tgrthaber.com\/mavikadin\/wp-json\/wp\/v2\/users\/4"}],"replies":[{"embeddable":true,"href":"https:\/\/www.tgrthaber.com\/mavikadin\/wp-json\/wp\/v2\/comments?post=107359"}],"version-history":[{"count":4,"href":"https:\/\/www.tgrthaber.com\/mavikadin\/wp-json\/wp\/v2\/posts\/107359\/revisions"}],"predecessor-version":[{"id":107367,"href":"https:\/\/www.tgrthaber.com\/mavikadin\/wp-json\/wp\/v2\/posts\/107359\/revisions\/107367"}],"wp:featuredmedia":[{"embeddable":true,"href":"https:\/\/www.tgrthaber.com\/mavikadin\/wp-json\/wp\/v2\/media\/107364"}],"wp:attachment":[{"href":"https:\/\/www.tgrthaber.com\/mavikadin\/wp-json\/wp\/v2\/media?parent=107359"}],"wp:term":[{"taxonomy":"category","embeddable":true,"href":"https:\/\/www.tgrthaber.com\/mavikadin\/wp-json\/wp\/v2\/categories?post=107359"},{"taxonomy":"post_tag","embeddable":true,"href":"https:\/\/www.tgrthaber.com\/mavikadin\/wp-json\/wp\/v2\/tags?post=107359"}],"curies":[{"name":"wp","href":"https:\/\/api.w.org\/{rel}","templated":true}]}}