{"id":107371,"date":"2024-12-17T02:25:07","date_gmt":"2024-12-16T23:25:07","guid":{"rendered":"https:\/\/www.tgrthaber.com\/mavikadin\/?p=107371"},"modified":"2024-12-17T02:25:07","modified_gmt":"2024-12-16T23:25:07","slug":"sakir-pasa-ailesi-ilk-bolumuyle-gundem-oldu-carpici-sahne-sosyal-medyada-olay-yaratti","status":"publish","type":"post","link":"https:\/\/www.tgrthaber.com\/mavikadin\/sakir-pasa-ailesi-ilk-bolumuyle-gundem-oldu-carpici-sahne-sosyal-medyada-olay-yaratti\/","title":{"rendered":"\u015eakir Pa\u015fa Ailesi ilk b\u00f6l\u00fcm\u00fcyle g\u00fcndem oldu! \u00c7arp\u0131c\u0131 sahne sosyal medyada olay yaratt\u0131"},"content":{"rendered":"<p>Osmanl\u0131 \u0130mparatorlu\u011fu\u2019nun son d\u00f6neminde ge\u00e7en, modern T\u00fcrk sanat\u0131n\u0131n \u00f6nemli fig\u00fcrlerini konu alan \u015eakir Pa\u015fa Ailesi, ilk b\u00f6l\u00fcm\u00fcyle ekranlara geldi. Dizi, g\u00fc\u00e7l\u00fc oyuncu kadrosu ve \u00e7arp\u0131c\u0131 sahneleriyle b\u00fcy\u00fck ses getirdi. Ancak, ilk b\u00f6l\u00fcmde yer alan bir sahne sosyal medyada b\u00fcy\u00fck yank\u0131 uyand\u0131rd\u0131. Gelinini denizde \u00e7\u0131plak \u015fekilde izleyen kay\u0131npeder sahnesi, izleyiciler aras\u0131nda en \u00e7ok konu\u015fulan anlardan biri oldu.<\/p>\n<h3>\u015eAK\u0130R PA\u015eA A\u0130LES\u0130 \u0130LK B\u00d6L\u00dcM\u00dcNE DAMGA VURDU<\/h3>\n<p>\u015eakir Pa\u015fa Ailesi dizisinin en dikkat \u00e7eken sahnesi, \u00e7\u0131plak bir \u015fekilde denize giren gelin ve onu izleyen kay\u0131npeder aras\u0131ndaki anlar oldu. \u0130zleyiciler bu sahneyi sosyal medyada yo\u011fun bir \u015fekilde tart\u0131\u015ft\u0131. Kimileri sahneyi cesur bulurken, kimileri de s\u0131n\u0131rlar\u0131 zorlayan bir anlat\u0131m dili olarak de\u011ferlendirdi. &#8220;Sanat\u0131n arka plan\u0131n\u0131 anlatan bir hikayede b\u00f6yle bir sahneye gerek var m\u0131yd\u0131?&#8221; sorusu g\u00fcndeme geldi.<\/p>\n<p><img loading=\"lazy\" decoding=\"async\" class=\"alignnone  wp-image-107379\" src=\"https:\/\/www.tgrthaber.com\/mavikadin\/wp-content\/uploads\/1024xauto.webp\" alt=\"\" width=\"586\" height=\"340\" title=\"\" srcset=\"https:\/\/www.tgrthaber.com\/mavikadin\/wp-content\/uploads\/1024xauto.webp 1024w, https:\/\/www.tgrthaber.com\/mavikadin\/wp-content\/uploads\/1024xauto-300x174.webp 300w, https:\/\/www.tgrthaber.com\/mavikadin\/wp-content\/uploads\/1024xauto-768x446.webp 768w\" sizes=\"(max-width: 586px) 100vw, 586px\" \/><\/p>\n<h3>\u015eAK\u0130R PA\u015eA A\u0130LES\u0130 D\u0130Z\u0130S\u0130 KONUSU NED\u0130R?<\/h3>\n<p>Dizi, Osmanl\u0131 \u0130mparatorlu\u011fu\u2019nun son y\u0131llar\u0131nda, modern T\u00fcrk sanat\u0131n\u0131n mihenk ta\u015flar\u0131n\u0131 olu\u015fturan \u015eakir Pa\u015fa Ailesi\u2019nin hikayesini ele al\u0131yor. 1912 y\u0131l\u0131nda ba\u015flayan bu etkileyici anlat\u0131, sanat d\u00fcnyas\u0131nda \u00e7\u0131\u011f\u0131r a\u00e7an isimlerin s\u0131r dolu hayatlar\u0131n\u0131 izleyicilerle bulu\u015fturuyor. Halikarnas Bal\u0131k\u00e7\u0131s\u0131 Cevat \u015eakir Kabaa\u011fa\u00e7l\u0131, resim sanat\u0131n\u0131n usta ismi Fahrelnisa Zeid, ilk T\u00fcrk grav\u00fcr sanat\u00e7\u0131s\u0131 Aliye Berger ve T\u00fcrk seramik sanat\u0131n\u0131n \u00f6nc\u00fcs\u00fc F\u00fcreya Koral gibi isimler, bu hikayenin merkezinde yer al\u0131yor. Aile i\u00e7indeki s\u0131rlar, entrikalar ve mucizeler izleyiciyi b\u00fcy\u00fcleyici bir d\u00fcnyaya davet ediyor.<\/p>\n<p><img loading=\"lazy\" decoding=\"async\" class=\"alignnone  wp-image-107380\" src=\"https:\/\/www.tgrthaber.com\/mavikadin\/wp-content\/uploads\/Ekran-goruntusu-2024-12-17-021510-1024x581.png\" alt=\"\" width=\"578\" height=\"328\" title=\"\" srcset=\"https:\/\/www.tgrthaber.com\/mavikadin\/wp-content\/uploads\/Ekran-goruntusu-2024-12-17-021510-1024x581.png 1024w, https:\/\/www.tgrthaber.com\/mavikadin\/wp-content\/uploads\/Ekran-goruntusu-2024-12-17-021510-300x170.png 300w, https:\/\/www.tgrthaber.com\/mavikadin\/wp-content\/uploads\/Ekran-goruntusu-2024-12-17-021510-768x436.png 768w, https:\/\/www.tgrthaber.com\/mavikadin\/wp-content\/uploads\/Ekran-goruntusu-2024-12-17-021510.png 1087w\" sizes=\"(max-width: 578px) 100vw, 578px\" \/><\/p>\n<h3>\u015eAK\u0130R PA\u015eA A\u0130LES\u0130 OYUNCULARI<\/h3>\n<p>\u015eakir Pa\u015fa Ailesi dizisinin dikkat \u00e7eken bir di\u011fer yan\u0131 ise geni\u015f ve g\u00fc\u00e7l\u00fc oyuncu kadrosu. Ba\u015frollerde usta oyuncular Vahide Per\u00e7in, F\u0131rat Tan\u0131\u015f, Devrim Yakut, Cem Yi\u011fit \u00dcz\u00fcmo\u011flu, Denise Capezza, Nilsu Berfin Akta\u015f, Helin Kandemir ve Ya\u011fmur Ba\u015fkurt yer al\u0131yor. Ayr\u0131ca, sonradan kadroya dahil olan Meryem Uzerli, g\u00fc\u00e7l\u00fc oyunculuk performans\u0131yla diziye farkl\u0131 bir renk kat\u0131yor.<\/p>\n<p><img loading=\"lazy\" decoding=\"async\" class=\"alignnone  wp-image-107381\" src=\"https:\/\/www.tgrthaber.com\/mavikadin\/wp-content\/uploads\/Ekran-goruntusu-2024-12-17-021456-1024x574.png\" alt=\"\" width=\"592\" height=\"332\" title=\"\" srcset=\"https:\/\/www.tgrthaber.com\/mavikadin\/wp-content\/uploads\/Ekran-goruntusu-2024-12-17-021456-1024x574.png 1024w, https:\/\/www.tgrthaber.com\/mavikadin\/wp-content\/uploads\/Ekran-goruntusu-2024-12-17-021456-300x168.png 300w, https:\/\/www.tgrthaber.com\/mavikadin\/wp-content\/uploads\/Ekran-goruntusu-2024-12-17-021456-768x431.png 768w, https:\/\/www.tgrthaber.com\/mavikadin\/wp-content\/uploads\/Ekran-goruntusu-2024-12-17-021456.png 1107w\" sizes=\"(max-width: 592px) 100vw, 592px\" \/><\/p>\n<h3>SOSYAL MEDYADA OLAY YARATAN SAHNEYE YORUM YA\u011eDI<\/h3>\n<p>\u015eakir Pa\u015fa Ailesi ilk b\u00f6l\u00fcm\u00fcn\u00fcn ard\u0131ndan sosyal medyada yorum ya\u011fmuru ba\u015flad\u0131. \u00d6zellikle aile i\u00e7i karma\u015falar\u0131 ve sanat d\u00fcnyas\u0131n\u0131n perde arkas\u0131n\u0131 g\u00f6zler \u00f6n\u00fcne seren olay \u00f6rg\u00fcs\u00fc, baz\u0131 izleyiciler taraf\u0131ndan cesur ve \u00f6zg\u00fcn bulunurken, baz\u0131lar\u0131 da &#8220;fazla cesur&#8221; olarak nitelendirildi. \u0130lk b\u00f6l\u00fcmdeki tart\u0131\u015fmal\u0131 sahneyle ilgili bir kullan\u0131c\u0131, &#8220;Sanat d\u00fcnyas\u0131n\u0131n bu kadar cesur \u015fekilde i\u015flenmesi, diziyi farkl\u0131 bir noktaya ta\u015f\u0131yor&#8221; derken, bir ba\u015fka kullan\u0131c\u0131, &#8220;Aile ba\u011flar\u0131 bu kadar rahats\u0131z edici \u015fekilde ele al\u0131nmamal\u0131yd\u0131&#8221; yorumunda bulundu.<\/p>\n<p><img loading=\"lazy\" decoding=\"async\" class=\"alignnone  wp-image-107372\" src=\"https:\/\/www.tgrthaber.com\/mavikadin\/wp-content\/uploads\/1024xauto-7.webp\" alt=\"\" width=\"638\" height=\"134\" title=\"\" srcset=\"https:\/\/www.tgrthaber.com\/mavikadin\/wp-content\/uploads\/1024xauto-7.webp 1024w, https:\/\/www.tgrthaber.com\/mavikadin\/wp-content\/uploads\/1024xauto-7-300x63.webp 300w, https:\/\/www.tgrthaber.com\/mavikadin\/wp-content\/uploads\/1024xauto-7-768x161.webp 768w\" sizes=\"(max-width: 638px) 100vw, 638px\" \/> <img loading=\"lazy\" decoding=\"async\" class=\"alignnone size-large wp-image-107373\" src=\"https:\/\/www.tgrthaber.com\/mavikadin\/wp-content\/uploads\/1024xauto-6.webp\" alt=\"\" width=\"640\" height=\"128\" title=\"\" srcset=\"https:\/\/www.tgrthaber.com\/mavikadin\/wp-content\/uploads\/1024xauto-6.webp 1024w, https:\/\/www.tgrthaber.com\/mavikadin\/wp-content\/uploads\/1024xauto-6-300x60.webp 300w, https:\/\/www.tgrthaber.com\/mavikadin\/wp-content\/uploads\/1024xauto-6-768x154.webp 768w\" sizes=\"(max-width: 640px) 100vw, 640px\" \/> <img loading=\"lazy\" decoding=\"async\" class=\"alignnone size-large wp-image-107374\" src=\"https:\/\/www.tgrthaber.com\/mavikadin\/wp-content\/uploads\/1024xauto-5.webp\" alt=\"\" width=\"640\" height=\"134\" title=\"\" srcset=\"https:\/\/www.tgrthaber.com\/mavikadin\/wp-content\/uploads\/1024xauto-5.webp 1024w, https:\/\/www.tgrthaber.com\/mavikadin\/wp-content\/uploads\/1024xauto-5-300x63.webp 300w, https:\/\/www.tgrthaber.com\/mavikadin\/wp-content\/uploads\/1024xauto-5-768x161.webp 768w\" sizes=\"(max-width: 640px) 100vw, 640px\" \/> <img loading=\"lazy\" decoding=\"async\" class=\"alignnone size-large wp-image-107375\" src=\"https:\/\/www.tgrthaber.com\/mavikadin\/wp-content\/uploads\/1024xauto-4.webp\" alt=\"\" width=\"640\" height=\"463\" title=\"\" srcset=\"https:\/\/www.tgrthaber.com\/mavikadin\/wp-content\/uploads\/1024xauto-4.webp 1024w, https:\/\/www.tgrthaber.com\/mavikadin\/wp-content\/uploads\/1024xauto-4-300x217.webp 300w, https:\/\/www.tgrthaber.com\/mavikadin\/wp-content\/uploads\/1024xauto-4-768x555.webp 768w\" sizes=\"(max-width: 640px) 100vw, 640px\" \/> <img loading=\"lazy\" decoding=\"async\" class=\"alignnone size-large wp-image-107376\" src=\"https:\/\/www.tgrthaber.com\/mavikadin\/wp-content\/uploads\/1024xauto-3.webp\" alt=\"\" width=\"640\" height=\"154\" title=\"\" srcset=\"https:\/\/www.tgrthaber.com\/mavikadin\/wp-content\/uploads\/1024xauto-3.webp 1024w, https:\/\/www.tgrthaber.com\/mavikadin\/wp-content\/uploads\/1024xauto-3-300x72.webp 300w, https:\/\/www.tgrthaber.com\/mavikadin\/wp-content\/uploads\/1024xauto-3-768x185.webp 768w\" sizes=\"(max-width: 640px) 100vw, 640px\" \/> <img loading=\"lazy\" decoding=\"async\" class=\"alignnone size-large wp-image-107377\" src=\"https:\/\/www.tgrthaber.com\/mavikadin\/wp-content\/uploads\/1024xauto-2.webp\" alt=\"\" width=\"640\" height=\"159\" title=\"\" srcset=\"https:\/\/www.tgrthaber.com\/mavikadin\/wp-content\/uploads\/1024xauto-2.webp 1024w, https:\/\/www.tgrthaber.com\/mavikadin\/wp-content\/uploads\/1024xauto-2-300x75.webp 300w, https:\/\/www.tgrthaber.com\/mavikadin\/wp-content\/uploads\/1024xauto-2-768x191.webp 768w\" sizes=\"(max-width: 640px) 100vw, 640px\" \/> <img loading=\"lazy\" decoding=\"async\" class=\"alignnone size-large wp-image-107378\" src=\"https:\/\/www.tgrthaber.com\/mavikadin\/wp-content\/uploads\/1024xauto-1.webp\" alt=\"\" width=\"640\" height=\"624\" title=\"\" srcset=\"https:\/\/www.tgrthaber.com\/mavikadin\/wp-content\/uploads\/1024xauto-1.webp 1024w, https:\/\/www.tgrthaber.com\/mavikadin\/wp-content\/uploads\/1024xauto-1-300x293.webp 300w, https:\/\/www.tgrthaber.com\/mavikadin\/wp-content\/uploads\/1024xauto-1-768x749.webp 768w\" sizes=\"(max-width: 640px) 100vw, 640px\" \/><\/p>\n<h3>\u015eAK\u0130R PA\u015eA A\u0130LES\u0130 \u0130K\u0130NC\u0130 B\u00d6L\u00dcM\u00dcNE MERYEM UZERL\u0130 GEL\u0130YOR<\/h3>\n<p>Dizinin tan\u0131t\u0131mlar\u0131nda merakla beklenen isimlerden biri de \u00fcnl\u00fc oyuncu Meryem Uzerli. Ancak Uzerli, ilk b\u00f6l\u00fcmde yer almad\u0131. \u0130zleyicilerin heyecanla bekledi\u011fi y\u0131ld\u0131z, dizide g\u00fczelli\u011fi ve etkileyici ki\u015fili\u011fiyle \u00f6n plana \u00e7\u0131kan \u201cRozali\u201d karakterine hayat verecek. Rozali\u2019nin hikayeye ne zaman dahil olaca\u011f\u0131 ise merak konusuydu. Gelen bilgilere g\u00f6re Uzerli, \u015eakir Pa\u015fa Ailesi: Mucizeler ve Skandallar dizisinde ikinci b\u00f6l\u00fcmden itibaren izleyici kar\u015f\u0131s\u0131na \u00e7\u0131kacak.<\/p>\n<p><img loading=\"lazy\" decoding=\"async\" class=\"alignnone  wp-image-107234\" src=\"https:\/\/www.tgrthaber.com\/mavikadin\/wp-content\/uploads\/Ekran-goruntusu-2024-12-16-200607.png\" alt=\"\" width=\"644\" height=\"729\" title=\"\" srcset=\"https:\/\/www.tgrthaber.com\/mavikadin\/wp-content\/uploads\/Ekran-goruntusu-2024-12-16-200607.png 592w, https:\/\/www.tgrthaber.com\/mavikadin\/wp-content\/uploads\/Ekran-goruntusu-2024-12-16-200607-265x300.png 265w\" sizes=\"(max-width: 644px) 100vw, 644px\" \/><\/p>\n","protected":false},"excerpt":{"rendered":"<p>\u015eakir Pa\u015fa Ailesi, Osmanl\u0131 \u0130mparatorlu\u011fu\u2019nun son d\u00f6neminden modern T\u00fcrk sanat\u0131na ge\u00e7i\u015f s\u00fcrecinde ya\u015fanan entrikalar\u0131 ve aile i\u00e7i s\u0131rlar\u0131 konu al\u0131yor. \u0130lk b\u00f6l\u00fcm\u00fcyle hem sahneleri hem de g\u00fc\u00e7l\u00fc oyuncu kadrosuyla dikkat \u00e7eken dizi, cesur sahneleriyle sosyal medyada tart\u0131\u015fma konusu oldu.<\/p>\n","protected":false},"author":4,"featured_media":107382,"comment_status":"closed","ping_status":"closed","sticky":false,"template":"","format":"standard","meta":{"rank_math_lock_modified_date":false,"footnotes":""},"categories":[602],"tags":[2324,2963],"class_list":["post-107371","post","type-post","status-publish","format-standard","has-post-thumbnail","hentry","category-diziler","tag-sakir-pasa-ailesi","tag-sakir-pasa-ailesi-mucizeler-ve-skandallar"],"_links":{"self":[{"href":"https:\/\/www.tgrthaber.com\/mavikadin\/wp-json\/wp\/v2\/posts\/107371"}],"collection":[{"href":"https:\/\/www.tgrthaber.com\/mavikadin\/wp-json\/wp\/v2\/posts"}],"about":[{"href":"https:\/\/www.tgrthaber.com\/mavikadin\/wp-json\/wp\/v2\/types\/post"}],"author":[{"embeddable":true,"href":"https:\/\/www.tgrthaber.com\/mavikadin\/wp-json\/wp\/v2\/users\/4"}],"replies":[{"embeddable":true,"href":"https:\/\/www.tgrthaber.com\/mavikadin\/wp-json\/wp\/v2\/comments?post=107371"}],"version-history":[{"count":2,"href":"https:\/\/www.tgrthaber.com\/mavikadin\/wp-json\/wp\/v2\/posts\/107371\/revisions"}],"predecessor-version":[{"id":107384,"href":"https:\/\/www.tgrthaber.com\/mavikadin\/wp-json\/wp\/v2\/posts\/107371\/revisions\/107384"}],"wp:featuredmedia":[{"embeddable":true,"href":"https:\/\/www.tgrthaber.com\/mavikadin\/wp-json\/wp\/v2\/media\/107382"}],"wp:attachment":[{"href":"https:\/\/www.tgrthaber.com\/mavikadin\/wp-json\/wp\/v2\/media?parent=107371"}],"wp:term":[{"taxonomy":"category","embeddable":true,"href":"https:\/\/www.tgrthaber.com\/mavikadin\/wp-json\/wp\/v2\/categories?post=107371"},{"taxonomy":"post_tag","embeddable":true,"href":"https:\/\/www.tgrthaber.com\/mavikadin\/wp-json\/wp\/v2\/tags?post=107371"}],"curies":[{"name":"wp","href":"https:\/\/api.w.org\/{rel}","templated":true}]}}