{"id":107394,"date":"2024-12-17T04:41:10","date_gmt":"2024-12-17T01:41:10","guid":{"rendered":"https:\/\/www.tgrthaber.com\/mavikadin\/?p=107394"},"modified":"2024-12-17T04:41:33","modified_gmt":"2024-12-17T01:41:33","slug":"sakir-pasa-ailesi-kimin-hikayesi-sakir-pasa-ailesi-dizisi-hangi-donemi-ve-yillari-anlatiyor","status":"publish","type":"post","link":"https:\/\/www.tgrthaber.com\/mavikadin\/sakir-pasa-ailesi-kimin-hikayesi-sakir-pasa-ailesi-dizisi-hangi-donemi-ve-yillari-anlatiyor\/","title":{"rendered":"\u015eakir Pa\u015fa ailesi kimin hikayesi? \u015eakir Pa\u015fa Ailesi dizisi hangi d\u00f6nemi ve y\u0131llar\u0131 anlat\u0131yor?"},"content":{"rendered":"<p>Kanal D\u2019nin yeni dizisi \u015eakir Pa\u015fa Ailesi, g\u00fc\u00e7l\u00fc oyuncu kadrosu ve etkileyici hikayesiyle izleyicinin ilgisini topluyor. \u015eakir Pa\u015fa ailesi kimin hikayesi? \u015eakir Pa\u015fa Ailesi dizisi hangi d\u00f6nemi ve y\u0131llar\u0131 anlat\u0131yor? sorusunun cevab\u0131 merak ediliyor. Dizi, 1912 y\u0131l\u0131nda ba\u015flayan ve Osmanl\u0131 \u0130mparatorlu\u011fu\u2019nun \u00f6nemli bir pa\u015fa ailesinin ya\u015fam\u0131n\u0131 anlatan bir dramatik yap\u0131ya sahip. Ancak, diziyi izleyenlerin akl\u0131ndaki en b\u00fcy\u00fck soru, \u015eakir Pa\u015fa Ailesi&#8217;nin kimin hikayesi oldu\u011fu!<\/p>\n<h3>\u015eAK\u0130R PA\u015eA A\u0130LES\u0130 K\u0130M\u0130N H\u0130KAYES\u0130?<\/h3>\n<p>\u015eakir Pa\u015fa Ailesi, Osmanl\u0131\u2019n\u0131n k\u00f6kl\u00fc ve \u00f6nemli ailelerinden biri olan Pa\u015fa ailesinin s\u0131rlarla dolu ya\u015fam\u0131n\u0131 konu al\u0131yor. Halikarnas Bal\u0131k\u00e7\u0131s\u0131 olarak tan\u0131nan Cevat \u015eakir Kabaa\u011fa\u00e7l\u0131, modern resmin ustas\u0131 Fahr\u00fcnnisa Zeid, ilk T\u00fcrk grav\u00fcr sanat\u00e7\u0131s\u0131 Aliye Berger, ve T\u00fcrk seramik sanat\u0131n\u0131n \u00f6nc\u00fcs\u00fc F\u00fcreya Koral gibi \u00f6nemli sanat\u00e7\u0131lar, bu ailenin \u00fcyeleri olarak dizide yer alacak. Dizi, ailenin hem tarihsel miras\u0131n\u0131 hem de gizemli ili\u015fkilerini g\u00f6zler \u00f6n\u00fcne seriyor.<\/p>\n<p><img loading=\"lazy\" decoding=\"async\" class=\"alignnone size-large wp-image-107187\" src=\"https:\/\/www.tgrthaber.com\/mavikadin\/wp-content\/uploads\/Adsiz-tasarim-83-1-1024x576.jpg\" alt=\"\" width=\"640\" height=\"360\" title=\"\" srcset=\"https:\/\/www.tgrthaber.com\/mavikadin\/wp-content\/uploads\/Adsiz-tasarim-83-1-1024x576.jpg 1024w, https:\/\/www.tgrthaber.com\/mavikadin\/wp-content\/uploads\/Adsiz-tasarim-83-1-300x169.jpg 300w, https:\/\/www.tgrthaber.com\/mavikadin\/wp-content\/uploads\/Adsiz-tasarim-83-1-768x432.jpg 768w, https:\/\/www.tgrthaber.com\/mavikadin\/wp-content\/uploads\/Adsiz-tasarim-83-1-1536x864.jpg 1536w, https:\/\/www.tgrthaber.com\/mavikadin\/wp-content\/uploads\/Adsiz-tasarim-83-1.jpg 1600w\" sizes=\"(max-width: 640px) 100vw, 640px\" \/><\/p>\n<h3>\u015eAK\u0130R PA\u015eA GER\u00c7EKTE K\u0130MD\u0130R?<\/h3>\n<p>\u015eakir Pa\u015fa, ger\u00e7ek hayatta Osmanl\u0131 Devleti&#8217;nin \u00f6nde gelen devlet adamlar\u0131ndan biridir. 1855 y\u0131l\u0131nda do\u011fan Kabaa\u011fa\u00e7l\u0131zade Mehmed \u015eakir Pa\u015fa, Osmanl\u0131 Sadrazam\u0131 Ahmed Cevad Pa\u015fa\u2019n\u0131n karde\u015fi ve \u00fcnl\u00fc edebiyat\u00e7\u0131 Cevat \u015eakir Kabaa\u011fa\u00e7l\u0131\u2019n\u0131n babas\u0131d\u0131r. Osmanl\u0131&#8217;n\u0131n kritik d\u00f6nemlerinde diplomatik g\u00f6revlerde bulunan \u015eakir Pa\u015fa, Girit Valisi olarak g\u00f6rev yapm\u0131\u015f ve 1895 y\u0131l\u0131nda aktif g\u00f6rev hayat\u0131n\u0131 noktalayarak ailesine y\u00f6nelmi\u015ftir. Ancak dizideki \u015eakir Pa\u015fa, tarihi fig\u00fcr\u00fcn ya\u015fam\u0131ndan esinlenerek kurgulanan bir karakterdir ve tam olarak ger\u00e7ek hayat\u0131 yans\u0131tmaz.<\/p>\n<p><img loading=\"lazy\" decoding=\"async\" class=\"alignnone size-large wp-image-107396\" src=\"https:\/\/www.tgrthaber.com\/mavikadin\/wp-content\/uploads\/Ekran-goruntusu-2024-12-17-021510-1-1024x581.png\" alt=\"\" width=\"640\" height=\"363\" title=\"\" srcset=\"https:\/\/www.tgrthaber.com\/mavikadin\/wp-content\/uploads\/Ekran-goruntusu-2024-12-17-021510-1-1024x581.png 1024w, https:\/\/www.tgrthaber.com\/mavikadin\/wp-content\/uploads\/Ekran-goruntusu-2024-12-17-021510-1-300x170.png 300w, https:\/\/www.tgrthaber.com\/mavikadin\/wp-content\/uploads\/Ekran-goruntusu-2024-12-17-021510-1-768x436.png 768w, https:\/\/www.tgrthaber.com\/mavikadin\/wp-content\/uploads\/Ekran-goruntusu-2024-12-17-021510-1.png 1087w\" sizes=\"(max-width: 640px) 100vw, 640px\" \/><\/p>\n<h3>\u015eAK\u0130R PA\u015eA A\u0130LES\u0130 HANG\u0130 D\u00d6NEM\u0130 ANLATIYOR?<\/h3>\n<p>\u015eakir Pa\u015fa Ailesi dizisi, 1912 y\u0131l\u0131nda ba\u015flayarak Osmanl\u0131 \u0130mparatorlu\u011fu\u2019nun son d\u00f6nemine \u0131\u015f\u0131k tutuyor. B\u00fcy\u00fckada\u2019daki tarihi bir k\u00f6\u015fkte ge\u00e7en dizi, o d\u00f6nemin toplumsal yap\u0131s\u0131n\u0131 ve aristokrat ya\u015fam\u0131n\u0131 derinlemesine inceliyor. Ailenin ili\u015fkileri, b\u00fcy\u00fck skandallar, ve de\u011fi\u015fen d\u00fcnyada ya\u015fad\u0131klar\u0131 zorluklar diziye g\u00fc\u00e7l\u00fc bir dramatik yap\u0131 kazand\u0131r\u0131yor.<\/p>\n<p><img loading=\"lazy\" decoding=\"async\" class=\"alignnone size-large wp-image-107397\" src=\"https:\/\/www.tgrthaber.com\/mavikadin\/wp-content\/uploads\/Ekran-goruntusu-2024-12-17-021456-1-1024x574.png\" alt=\"\" width=\"640\" height=\"359\" title=\"\" srcset=\"https:\/\/www.tgrthaber.com\/mavikadin\/wp-content\/uploads\/Ekran-goruntusu-2024-12-17-021456-1-1024x574.png 1024w, https:\/\/www.tgrthaber.com\/mavikadin\/wp-content\/uploads\/Ekran-goruntusu-2024-12-17-021456-1-300x168.png 300w, https:\/\/www.tgrthaber.com\/mavikadin\/wp-content\/uploads\/Ekran-goruntusu-2024-12-17-021456-1-768x431.png 768w, https:\/\/www.tgrthaber.com\/mavikadin\/wp-content\/uploads\/Ekran-goruntusu-2024-12-17-021456-1.png 1107w\" sizes=\"(max-width: 640px) 100vw, 640px\" \/><\/p>\n<h3>\u015eAK\u0130R PA\u015eA A\u0130LES\u0130 GER\u00c7EK M\u0130, KURGU MU?<\/h3>\n<p>Dizinin temelini olu\u015fturan hikaye, \u015eakir Pa\u015fa Ailesi\u2019nin ger\u00e7ek ya\u015fam \u00f6yk\u00fclerine dayansa da, bir\u00e7ok \u00f6\u011fe kurgusal olarak eklenmi\u015f. Dizideki karakterler ve olaylar, tarihsel ger\u00e7ekler ile harmanlanarak izleyiciye sunuluyor. \u00d6rne\u011fin, Cevat \u015eakir Kabaa\u011fa\u00e7l\u0131 ve ailesi ger\u00e7ekten var olan fig\u00fcrler olsa da, dizideki aile i\u00e7indeki dram ve skandallar \u00e7o\u011funlukla kurguya dayanmaktad\u0131r. Bu, izleyiciyi hem tarihsel bir yolculu\u011fa \u00e7\u0131kar\u0131yor hem de s\u00fcr\u00fckleyici bir hikaye sunuyor.<\/p>\n<p><img loading=\"lazy\" decoding=\"async\" class=\"alignnone size-large wp-image-107398\" src=\"https:\/\/www.tgrthaber.com\/mavikadin\/wp-content\/uploads\/Ekran-goruntusu-2024-12-17-021143-1024x615.png\" alt=\"\" width=\"640\" height=\"384\" title=\"\" srcset=\"https:\/\/www.tgrthaber.com\/mavikadin\/wp-content\/uploads\/Ekran-goruntusu-2024-12-17-021143-1024x615.png 1024w, https:\/\/www.tgrthaber.com\/mavikadin\/wp-content\/uploads\/Ekran-goruntusu-2024-12-17-021143-300x180.png 300w, https:\/\/www.tgrthaber.com\/mavikadin\/wp-content\/uploads\/Ekran-goruntusu-2024-12-17-021143-768x462.png 768w, https:\/\/www.tgrthaber.com\/mavikadin\/wp-content\/uploads\/Ekran-goruntusu-2024-12-17-021143.png 1198w\" sizes=\"(max-width: 640px) 100vw, 640px\" \/><\/p>\n<h3>\u015eAK\u0130R PA\u015eA A\u0130LES\u0130 OYUNCULARI<\/h3>\n<p>Dizinin g\u00fc\u00e7l\u00fc oyuncu kadrosu, dikkat \u00e7ekiyor. Vahide Per\u00e7in, F\u0131rat Tan\u0131\u015f, Meryem Uzerli gibi \u00fcnl\u00fc isimler ba\u015frolleri payla\u015f\u0131yor. Devrim Yakut, Cem Yi\u011fit \u00dcz\u00fcmo\u011flu, ve Denise Capezza gibi yetenekli isimler de dizinin \u00f6nemli karakterlerine hayat veriyor. Bu kadro, dizinin dram\u0131n\u0131 ve aile ili\u015fkilerini g\u00fc\u00e7l\u00fc bir \u015fekilde izleyiciye aktarmay\u0131 ama\u00e7l\u0131yor.<\/p>\n<p><img loading=\"lazy\" decoding=\"async\" class=\"alignnone size-large wp-image-107399\" src=\"https:\/\/www.tgrthaber.com\/mavikadin\/wp-content\/uploads\/Ekran-goruntusu-2024-12-17-021420-1024x565.png\" alt=\"\" width=\"640\" height=\"353\" title=\"\" srcset=\"https:\/\/www.tgrthaber.com\/mavikadin\/wp-content\/uploads\/Ekran-goruntusu-2024-12-17-021420-1024x565.png 1024w, https:\/\/www.tgrthaber.com\/mavikadin\/wp-content\/uploads\/Ekran-goruntusu-2024-12-17-021420-300x166.png 300w, https:\/\/www.tgrthaber.com\/mavikadin\/wp-content\/uploads\/Ekran-goruntusu-2024-12-17-021420-768x424.png 768w, https:\/\/www.tgrthaber.com\/mavikadin\/wp-content\/uploads\/Ekran-goruntusu-2024-12-17-021420.png 1172w\" sizes=\"(max-width: 640px) 100vw, 640px\" \/><\/p>\n<h3>\u015eAK\u0130R PA\u015eA A\u0130LES\u0130 NEREDE \u00c7EK\u0130L\u0130YOR?<\/h3>\n<p>\u015eakir Pa\u015fa Ailesi dizisinin \u00e7ekimlerinin b\u00fcy\u00fck bir k\u0131sm\u0131 B\u00fcy\u00fckada&#8217;da yap\u0131l\u0131yor. Buradaki tarihi k\u00f6\u015fk, d\u00f6nemin atmosferini do\u011fru bir \u015fekilde yans\u0131tmak i\u00e7in \u00f6zel olarak yeniden tasarlanm\u0131\u015f. 1200 metrekarelik alanda kurulan set, d\u00f6nemin ya\u015fam tarz\u0131n\u0131 detaylar\u0131yla izleyiciye aktar\u0131yor. Ayr\u0131ca, kost\u00fcm tasar\u0131m\u0131nda da d\u00f6nemin giyim tarzlar\u0131 \u00f6zel olarak ara\u015ft\u0131r\u0131ld\u0131 ve karakterlere \u00f6zg\u00fcn k\u0131yafetler tasarland\u0131.<\/p>\n<p><img loading=\"lazy\" decoding=\"async\" class=\"alignnone size-large wp-image-107400\" src=\"https:\/\/www.tgrthaber.com\/mavikadin\/wp-content\/uploads\/rozali-1-1024x582.jpg\" alt=\"\" width=\"640\" height=\"364\" title=\"\" srcset=\"https:\/\/www.tgrthaber.com\/mavikadin\/wp-content\/uploads\/rozali-1-1024x582.jpg 1024w, https:\/\/www.tgrthaber.com\/mavikadin\/wp-content\/uploads\/rozali-1-300x171.jpg 300w, https:\/\/www.tgrthaber.com\/mavikadin\/wp-content\/uploads\/rozali-1-768x437.jpg 768w, https:\/\/www.tgrthaber.com\/mavikadin\/wp-content\/uploads\/rozali-1-1536x873.jpg 1536w, https:\/\/www.tgrthaber.com\/mavikadin\/wp-content\/uploads\/rozali-1.jpg 1900w\" sizes=\"(max-width: 640px) 100vw, 640px\" \/><\/p>\n","protected":false},"excerpt":{"rendered":"<p>\u015eakir Pa\u015fa Ailesi, Osmanl\u0131 \u0130mparatorlu\u011fu&#8217;nun \u00fcnl\u00fc pa\u015fa ailesinin dram\u0131n\u0131 ve gizemli ili\u015fkilerini 1912&#8217;de ba\u015flayan bir hikaye ile ekrana ta\u015f\u0131yor. Ger\u00e7ek tarihi fig\u00fcrlerden esinlenen dizi, g\u00fc\u00e7l\u00fc oyuncu kadrosu ile dikkat \u00e7ekiyor. Peki \u015eakir Pa\u015fa ailesi kimin hikayesi? \u015eakir Pa\u015fa Ailesi hangi d\u00f6nemi ve y\u0131llar\u0131 anlat\u0131yor?<\/p>\n","protected":false},"author":4,"featured_media":107395,"comment_status":"closed","ping_status":"closed","sticky":false,"template":"","format":"standard","meta":{"rank_math_lock_modified_date":false,"footnotes":""},"categories":[602],"tags":[4509,3890,4510,2324],"class_list":["post-107394","post","type-post","status-publish","format-standard","has-post-thumbnail","hentry","category-diziler","tag-dizi-sakir-pasa-kimdir","tag-hikaye","tag-sakir-pasa","tag-sakir-pasa-ailesi"],"_links":{"self":[{"href":"https:\/\/www.tgrthaber.com\/mavikadin\/wp-json\/wp\/v2\/posts\/107394"}],"collection":[{"href":"https:\/\/www.tgrthaber.com\/mavikadin\/wp-json\/wp\/v2\/posts"}],"about":[{"href":"https:\/\/www.tgrthaber.com\/mavikadin\/wp-json\/wp\/v2\/types\/post"}],"author":[{"embeddable":true,"href":"https:\/\/www.tgrthaber.com\/mavikadin\/wp-json\/wp\/v2\/users\/4"}],"replies":[{"embeddable":true,"href":"https:\/\/www.tgrthaber.com\/mavikadin\/wp-json\/wp\/v2\/comments?post=107394"}],"version-history":[{"count":2,"href":"https:\/\/www.tgrthaber.com\/mavikadin\/wp-json\/wp\/v2\/posts\/107394\/revisions"}],"predecessor-version":[{"id":107402,"href":"https:\/\/www.tgrthaber.com\/mavikadin\/wp-json\/wp\/v2\/posts\/107394\/revisions\/107402"}],"wp:featuredmedia":[{"embeddable":true,"href":"https:\/\/www.tgrthaber.com\/mavikadin\/wp-json\/wp\/v2\/media\/107395"}],"wp:attachment":[{"href":"https:\/\/www.tgrthaber.com\/mavikadin\/wp-json\/wp\/v2\/media?parent=107394"}],"wp:term":[{"taxonomy":"category","embeddable":true,"href":"https:\/\/www.tgrthaber.com\/mavikadin\/wp-json\/wp\/v2\/categories?post=107394"},{"taxonomy":"post_tag","embeddable":true,"href":"https:\/\/www.tgrthaber.com\/mavikadin\/wp-json\/wp\/v2\/tags?post=107394"}],"curies":[{"name":"wp","href":"https:\/\/api.w.org\/{rel}","templated":true}]}}