{"id":107403,"date":"2024-12-17T04:59:29","date_gmt":"2024-12-17T01:59:29","guid":{"rendered":"https:\/\/www.tgrthaber.com\/mavikadin\/?p=107403"},"modified":"2024-12-17T09:00:22","modified_gmt":"2024-12-17T06:00:22","slug":"kizil-goncalarda-ayrilik-mi-var-zeynep-hayranlari-sokta","status":"publish","type":"post","link":"https:\/\/www.tgrthaber.com\/mavikadin\/kizil-goncalarda-ayrilik-mi-var-zeynep-hayranlari-sokta\/","title":{"rendered":"K\u0131z\u0131l Goncalar&#8217;da ayr\u0131l\u0131k m\u0131 var? Zeynep hayranlar\u0131 \u015fokta"},"content":{"rendered":"<p>Pazartesi ak\u015famlar\u0131n\u0131n sevilen dizisi K\u0131z\u0131l Goncalar 31. b\u00f6l\u00fcm\u00fcnde ya\u015fanan s\u00fcrpriz geli\u015fmeler, izleyicileri \u015fok etti. \u00d6zellikle Zeynep karakteriyle ilgili ya\u015fananlar, dizinin takip\u00e7ilerini derinden etkiledi. Bu hafta ekrana damgas\u0131n\u0131 vuran olaylar\u0131n ard\u0131nda, izleyenlerin bekledi\u011fi geli\u015fmelerin tersine bir ayr\u0131l\u0131k sahnesi yer ald\u0131.<\/p>\n<h3>KIZIL GONCALAR&#8217;DA AYRILIK MI VAR?<\/h3>\n<p>Ba\u015frollerinde \u00d6zcan Deniz, \u00d6zg\u00fc Namal, Mert Yaz\u0131c\u0131o\u011flu, Erkan Avc\u0131 ve Hazal T\u00fcresan gibi \u00fcnl\u00fc isimlerin yer ald\u0131\u011f\u0131 K\u0131z\u0131l Goncalar, y\u00f6netmen \u00d6m\u00fcr Atay ve senarist Necati \u015eahin\u2019in elinden \u00e7\u0131kan senaryosu ile pazartesi ak\u015famlar\u0131na damga vuruyor. Dizideki dram ve gerilim dolu sahneler her ge\u00e7en hafta artarken, Zeynep ve C\u00fcneyd\u2019in ili\u015fkisi de izleyicileri ekrana kilitlemeye devam ediyor.<\/p>\n<p><img loading=\"lazy\" decoding=\"async\" class=\"alignnone size-large wp-image-107405\" src=\"https:\/\/www.tgrthaber.com\/mavikadin\/wp-content\/uploads\/Ekran-goruntusu-2024-12-17-045157-1024x558.png\" alt=\"\" width=\"640\" height=\"349\" title=\"\" srcset=\"https:\/\/www.tgrthaber.com\/mavikadin\/wp-content\/uploads\/Ekran-goruntusu-2024-12-17-045157-1024x558.png 1024w, https:\/\/www.tgrthaber.com\/mavikadin\/wp-content\/uploads\/Ekran-goruntusu-2024-12-17-045157-300x164.png 300w, https:\/\/www.tgrthaber.com\/mavikadin\/wp-content\/uploads\/Ekran-goruntusu-2024-12-17-045157-768x419.png 768w, https:\/\/www.tgrthaber.com\/mavikadin\/wp-content\/uploads\/Ekran-goruntusu-2024-12-17-045157.png 1185w\" sizes=\"(max-width: 640px) 100vw, 640px\" \/><\/p>\n<p>Dizinin son b\u00f6l\u00fcm\u00fcnde, daha \u00f6nce Vahid\u2019e ait oldu\u011fu d\u00fc\u015f\u00fcn\u00fclen bir ceset k\u0131y\u0131ya vurmu\u015ftu ve bu durum herkesin kafas\u0131nda soru i\u015faretleri olu\u015fturmu\u015ftu. \u00d6zellikle C\u00fcneyd\u2019in Vahid\u2019in \u00f6ld\u00fc\u011f\u00fcnden emin olmak istemesi, tarikat i\u00e7indeki gerilimi art\u0131rm\u0131\u015ft\u0131. Ancak Zeynep\u2019in C\u00fcneyd ile aralar\u0131ndaki mesafe ekran ba\u015f\u0131ndakileri bamba\u015fka bir noktaya s\u00fcr\u00fckledi.<\/p>\n<p>Zeynep\u2019in C\u00fcneyd\u2019den uzakla\u015fma karar\u0131, K\u0131z\u0131l Goncalar dizisi izleyicilerini \u015fa\u015f\u0131rtt\u0131. Herkesin &#8220;Ayr\u0131l\u0131k m\u0131 geliyor?&#8221; sorusunu sormas\u0131na sebep olan bu sahne, izleyiciler taraf\u0131ndan merak konusu oldu. Zeynep ve C\u00fcneyd aras\u0131nda neler olaca\u011f\u0131 gelecek b\u00f6l\u00fcmde ortaya \u00e7\u0131kacak.<\/p>\n<!--[if lt IE 9]><script>document.createElement('video');<\/script><![endif]-->\n\t<div class=\"wp-playlist wp-video-playlist wp-playlist-light\">\n\t\t<video controls=\"controls\" preload=\"none\" width=\"618\"\n\t\t height=\"348\"\t><\/video>\n\t<div class=\"wp-playlist-next\"><\/div>\n\t<div class=\"wp-playlist-prev\"><\/div>\n\t<noscript>\n\t<ol>\n\t\t<li><a href='https:\/\/www.tgrthaber.com\/mavikadin\/wp-content\/uploads\/nNJLYvPG7uXkUL15.mp4'>k\u0131z\u0131l goncalar zeynep<\/a><\/li>\t<\/ol>\n\t<\/noscript>\n\t<script type=\"application\/json\" class=\"wp-playlist-script\">{\"type\":\"video\",\"tracklist\":true,\"tracknumbers\":true,\"images\":true,\"artists\":true,\"tracks\":[{\"src\":\"https:\\\/\\\/www.tgrthaber.com\\\/mavikadin\\\/wp-content\\\/uploads\\\/nNJLYvPG7uXkUL15.mp4\",\"type\":\"video\\\/mp4\",\"title\":\"k\\u0131z\\u0131l goncalar zeynep\",\"caption\":\"\",\"description\":\"\",\"meta\":{\"length_formatted\":\"0:32\"},\"dimensions\":{\"original\":{\"width\":1280,\"height\":720},\"resized\":{\"width\":618,\"height\":348}},\"image\":{\"src\":\"https:\\\/\\\/www.tgrthaber.com\\\/mavikadin\\\/wp-includes\\\/images\\\/media\\\/video.svg\",\"width\":48,\"height\":64},\"thumb\":{\"src\":\"https:\\\/\\\/www.tgrthaber.com\\\/mavikadin\\\/wp-includes\\\/images\\\/media\\\/video.svg\",\"width\":48,\"height\":64}}]}<\/script>\n<\/div>\n\t\n<h3>KIZIL GONCALAR SON B\u00d6L\u00dcMDE NELER OLDU?<\/h3>\n<p>K\u0131z\u0131l Goncalar dizisinin 31. b\u00f6l\u00fcm\u00fc, izleyicileri yine heyecan dolu geli\u015fmelerle ekran ba\u015f\u0131na kilitledi. Vahid\u2019in suikast giri\u015fimi sonras\u0131nda, Zeynep\u2019in C\u00fcneyd i\u00e7in duydu\u011fu endi\u015feler giderek artarken, Sadi H\u00fcdayi\u2019ye olan g\u00fcvensizli\u011fi de peki\u015fiyor. Zeynep, C\u00fcneyd\u2019e ula\u015fmaya \u00e7al\u0131\u015ft\u0131\u011f\u0131 halde Sadi\u2019nin engellemeleri ve ald\u0131\u011f\u0131 yetersiz cevaplar, onu kendi y\u00f6ntemleriyle ger\u00e7e\u011fi aramaya itiyor. Bu durum, Zeynep\u2019in ili\u015fkilerindeki dengeyi sarsarken, yeni bir gerilim ortam\u0131 olu\u015fturuyor.<\/p>\n<p>Levent ve Meryem aras\u0131ndaki ili\u015fki de bir ba\u015fka \u00f6nemli geli\u015fme. Meryem, eski evlili\u011finin izlerinden kurtulmaya \u00e7al\u0131\u015f\u0131rken, Levent ile olan ba\u011flar\u0131n\u0131 g\u00fc\u00e7lendirmeye \u00e7abal\u0131yor. Ancak Meryem\u2019in ge\u00e7mi\u015fi, \u00f6zellikle k\u0131z\u0131 Zeynep i\u00e7in duydu\u011fu korkular\u0131 artt\u0131r\u0131yor ve bu durum Meryem\u2019i maneviyat a\u00e7\u0131s\u0131ndan zor durumda b\u0131rak\u0131yor.<\/p>\n<p><img loading=\"lazy\" decoding=\"async\" class=\"alignnone size-large wp-image-107406\" src=\"https:\/\/www.tgrthaber.com\/mavikadin\/wp-content\/uploads\/mina-demirtas-1024x623.png\" alt=\"\" width=\"640\" height=\"389\" title=\"\" srcset=\"https:\/\/www.tgrthaber.com\/mavikadin\/wp-content\/uploads\/mina-demirtas-1024x623.png 1024w, https:\/\/www.tgrthaber.com\/mavikadin\/wp-content\/uploads\/mina-demirtas-300x183.png 300w, https:\/\/www.tgrthaber.com\/mavikadin\/wp-content\/uploads\/mina-demirtas-768x467.png 768w, https:\/\/www.tgrthaber.com\/mavikadin\/wp-content\/uploads\/mina-demirtas.png 1052w\" sizes=\"(max-width: 640px) 100vw, 640px\" \/><\/p>\n<p>Vahid\u2019in cezaevinden kurtulmak i\u00e7in Sadi\u2019yi tehdit etmesi, Sadi\u2019yi zor bir durumda b\u0131rak\u0131yor. Bu tehdit, Sadi\u2019nin karars\u0131z kalmas\u0131na ve C\u00fcneyd ile babas\u0131n\u0131n g\u00f6r\u00fc\u015fmesine engel olmaya \u00e7al\u0131\u015fmas\u0131na yol a\u00e7\u0131yor. Ancak Sadi, yeni dostlar\u0131ndan zorlu bir kar\u015f\u0131l\u0131k almak zorunda kal\u0131yor. Bu arada, okuldaki mescidin ani bir \u015fikayetle kapat\u0131lmas\u0131 C\u00fcneyd\u2019i zorlu bir karar vermeye zorlar. Zeynep, bu \u015fikayetin tesad\u00fcf olmad\u0131\u011f\u0131n\u0131 d\u00fc\u015f\u00fcnerek, \u015f\u00fcphelerini dile getirir.<\/p>\n<p>Zeynep ve C\u00fcneyd aras\u0131ndaki gerilim iyice t\u0131rman\u0131rken, Zeynep, C\u00fcneyd\u2019i korumak amac\u0131yla tarikata d\u00f6nmeye karar verir. Bu hamle, hem Zeynep ile annesi Meryem\u2019in aras\u0131n\u0131 a\u00e7arken, hem de Meryem ve Levent\u2019i b\u00fcy\u00fck bir kavgaya s\u00fcr\u00fckler.<\/p>\n<p><img loading=\"lazy\" decoding=\"async\" class=\"alignnone size-large wp-image-107412\" src=\"https:\/\/www.tgrthaber.com\/mavikadin\/wp-content\/uploads\/Ekran-goruntusu-2024-12-17-050347-1024x587.png\" alt=\"\" width=\"640\" height=\"367\" title=\"\" srcset=\"https:\/\/www.tgrthaber.com\/mavikadin\/wp-content\/uploads\/Ekran-goruntusu-2024-12-17-050347-1024x587.png 1024w, https:\/\/www.tgrthaber.com\/mavikadin\/wp-content\/uploads\/Ekran-goruntusu-2024-12-17-050347-300x172.png 300w, https:\/\/www.tgrthaber.com\/mavikadin\/wp-content\/uploads\/Ekran-goruntusu-2024-12-17-050347-768x440.png 768w, https:\/\/www.tgrthaber.com\/mavikadin\/wp-content\/uploads\/Ekran-goruntusu-2024-12-17-050347.png 1076w\" sizes=\"(max-width: 640px) 100vw, 640px\" \/><\/p>\n","protected":false},"excerpt":{"rendered":"<p>K\u0131z\u0131l Goncalar dizisinde Zeynep\u2019in C\u00fcneyd\u2019den uzakla\u015fma karar\u0131 b\u00fcy\u00fck bir merak konusu oldu. 31. b\u00f6l\u00fcmde ya\u015fanan s\u00fcrpriz geli\u015fmeler, Zeynep hayranlar\u0131n\u0131 \u015fok etti. K\u0131z\u0131l Goncalar&#8217;da ayr\u0131l\u0131k m\u0131 var?<\/p>\n","protected":false},"author":4,"featured_media":107404,"comment_status":"closed","ping_status":"closed","sticky":false,"template":"","format":"standard","meta":{"rank_math_lock_modified_date":false,"footnotes":""},"categories":[602],"tags":[2735,2306,433],"class_list":["post-107403","post","type-post","status-publish","format-standard","has-post-thumbnail","hentry","category-diziler","tag-cuneyd","tag-kizil-goncalar","tag-zeynep"],"_links":{"self":[{"href":"https:\/\/www.tgrthaber.com\/mavikadin\/wp-json\/wp\/v2\/posts\/107403"}],"collection":[{"href":"https:\/\/www.tgrthaber.com\/mavikadin\/wp-json\/wp\/v2\/posts"}],"about":[{"href":"https:\/\/www.tgrthaber.com\/mavikadin\/wp-json\/wp\/v2\/types\/post"}],"author":[{"embeddable":true,"href":"https:\/\/www.tgrthaber.com\/mavikadin\/wp-json\/wp\/v2\/users\/4"}],"replies":[{"embeddable":true,"href":"https:\/\/www.tgrthaber.com\/mavikadin\/wp-json\/wp\/v2\/comments?post=107403"}],"version-history":[{"count":5,"href":"https:\/\/www.tgrthaber.com\/mavikadin\/wp-json\/wp\/v2\/posts\/107403\/revisions"}],"predecessor-version":[{"id":107413,"href":"https:\/\/www.tgrthaber.com\/mavikadin\/wp-json\/wp\/v2\/posts\/107403\/revisions\/107413"}],"wp:featuredmedia":[{"embeddable":true,"href":"https:\/\/www.tgrthaber.com\/mavikadin\/wp-json\/wp\/v2\/media\/107404"}],"wp:attachment":[{"href":"https:\/\/www.tgrthaber.com\/mavikadin\/wp-json\/wp\/v2\/media?parent=107403"}],"wp:term":[{"taxonomy":"category","embeddable":true,"href":"https:\/\/www.tgrthaber.com\/mavikadin\/wp-json\/wp\/v2\/categories?post=107403"},{"taxonomy":"post_tag","embeddable":true,"href":"https:\/\/www.tgrthaber.com\/mavikadin\/wp-json\/wp\/v2\/tags?post=107403"}],"curies":[{"name":"wp","href":"https:\/\/api.w.org\/{rel}","templated":true}]}}