{"id":107416,"date":"2024-12-17T08:50:32","date_gmt":"2024-12-17T05:50:32","guid":{"rendered":"https:\/\/www.tgrthaber.com\/mavikadin\/?p=107416"},"modified":"2024-12-17T08:52:09","modified_gmt":"2024-12-17T05:52:09","slug":"selena-gomez-35-milyon-tl-degerindeki-nisan-yuzugunu-neden-takmadi","status":"publish","type":"post","link":"https:\/\/www.tgrthaber.com\/mavikadin\/selena-gomez-35-milyon-tl-degerindeki-nisan-yuzugunu-neden-takmadi\/","title":{"rendered":"Selena Gomez 35 milyon TL de\u011ferindeki ni\u015fan y\u00fcz\u00fc\u011f\u00fcn\u00fc neden takmad\u0131?"},"content":{"rendered":"<p>Selena Gomez 35 milyon TL de\u011ferinde oldu\u011fu d\u00fc\u015f\u00fcn\u00fclen y\u00fcz\u00fc\u011f\u00fcn\u00fc neden takmad\u0131 herkes merak ediyor. Ge\u00e7ti\u011fimiz g\u00fcnlerde \u00e7ok konu\u015fulacak olay bir evlenme teklifi alm\u0131\u015f ve herkese sosyal medyadan a\u015fk\u0131n\u0131 hayk\u0131rm\u0131\u015ft\u0131. Selena Gomez\u2019in kat\u0131ld\u0131\u011f\u0131 bir davette y\u00fcz\u00fc\u011f\u00fcn\u00fc takmad\u0131\u011f\u0131 g\u00f6r\u00fcld\u00fc.<\/p>\n<h3>SELENA GOMEZ Y\u00dcZ\u00dc\u011e\u00dcN\u00dc TAKMADI DED\u0130KODULAR BA\u015eLADI<\/h3>\n<p>Selena Gomez \u00e7ok konu\u015fulan evlilik teklifi sonras\u0131 ilk kez a\u00e7\u0131k bir davete kat\u0131ld\u0131. B\u00fct\u00fcn bas\u0131n mensuplar\u0131n\u0131n bulundu\u011fu davette Selena Gomez&#8217;in parma\u011f\u0131nda y\u00fcz\u00fck var m\u0131 diye bak\u0131ld\u0131. Ancak Selena Gomez a\u015fk\u0131n\u0131 \u00f6ve \u00f6ve bitiremedi\u011fi ili\u015fkisinde ald\u0131\u011f\u0131 evlenme teklifi y\u00fcz\u00fc\u011f\u00fcn\u00fc takmam\u0131\u015ft\u0131. Herkesin \u015fok oldu\u011fu gecede Selena Gomez neden y\u00fcz\u00fc\u011f\u00fcn\u00fc takmad\u0131 konu\u015fmalar\u0131 ba\u015flad\u0131. \u0130kili aras\u0131nda bir sorun var, yoksa evlilik teklifi a\u015fk\u0131 \u00f6ld\u00fcrd\u00fc m\u00fc merak ediliyor. Selena Gomez&#8217;in \u00e7ok konu\u015fulan evlilik teklifi sonras\u0131 ilk kez halka a\u00e7\u0131k, b\u00fct\u00fcn bas\u0131n mensuplar\u0131n\u0131n bulundu\u011fu davete y\u00fcz\u00fcks\u00fcz kat\u0131lmas\u0131 dikkat \u00e7ekti.<\/p>\n<p><img loading=\"lazy\" decoding=\"async\" class=\"alignnone size-full wp-image-107417\" src=\"https:\/\/www.tgrthaber.com\/mavikadin\/wp-content\/uploads\/mavikadin-10-2.jpg\" alt=\"\" width=\"1920\" height=\"1080\" title=\"\" srcset=\"https:\/\/www.tgrthaber.com\/mavikadin\/wp-content\/uploads\/mavikadin-10-2.jpg 1920w, https:\/\/www.tgrthaber.com\/mavikadin\/wp-content\/uploads\/mavikadin-10-2-300x169.jpg 300w, https:\/\/www.tgrthaber.com\/mavikadin\/wp-content\/uploads\/mavikadin-10-2-1024x576.jpg 1024w, https:\/\/www.tgrthaber.com\/mavikadin\/wp-content\/uploads\/mavikadin-10-2-768x432.jpg 768w, https:\/\/www.tgrthaber.com\/mavikadin\/wp-content\/uploads\/mavikadin-10-2-1536x864.jpg 1536w\" sizes=\"(max-width: 1920px) 100vw, 1920px\" \/><\/p>\n<p>Y\u00fcz\u00fc\u011f\u00fcn de\u011feri 800 bin Euro \u00fczerinde oldu\u011fu d\u00fc\u015f\u00fcn\u00fcl\u00fcyor. 1 milyon dolar oldu\u011funu s\u00f6yleyen yabanc\u0131lar da bulunuyor. TL olarak ise 35 milyon civar\u0131nda bir de\u011fere sahip. G\u00f6steri\u015fli ve \u015f\u0131k g\u00f6r\u00fcnen y\u00fcz\u00fc\u011f\u00fcn net de\u011feri bilinmiyor ancak bir hayli pahal\u0131 oldu\u011fu a\u015fik\u00e2r. A\u015fklar\u0131 da y\u00fcz\u00fck kadar \u00e7ok konu\u015fulan \u00e7iftin aras\u0131nda so\u011fuk r\u00fczgarlar m\u0131 esiyor merak ediliyor. Selena Gomez bu kadar g\u00f6z \u00f6n\u00fcndeyken \u00e7ok \u00f6nemli bir davette neden y\u00fcz\u00fc\u011f\u00fcn\u00fc takmad\u0131?<\/p>\n<p><img loading=\"lazy\" decoding=\"async\" class=\"alignnone size-full wp-image-107418\" src=\"https:\/\/www.tgrthaber.com\/mavikadin\/wp-content\/uploads\/mavikadin-12-3.jpg\" alt=\"\" width=\"1920\" height=\"1080\" title=\"\" srcset=\"https:\/\/www.tgrthaber.com\/mavikadin\/wp-content\/uploads\/mavikadin-12-3.jpg 1920w, https:\/\/www.tgrthaber.com\/mavikadin\/wp-content\/uploads\/mavikadin-12-3-300x169.jpg 300w, https:\/\/www.tgrthaber.com\/mavikadin\/wp-content\/uploads\/mavikadin-12-3-1024x576.jpg 1024w, https:\/\/www.tgrthaber.com\/mavikadin\/wp-content\/uploads\/mavikadin-12-3-768x432.jpg 768w, https:\/\/www.tgrthaber.com\/mavikadin\/wp-content\/uploads\/mavikadin-12-3-1536x864.jpg 1536w\" sizes=\"(max-width: 1920px) 100vw, 1920px\" \/><\/p>\n<p>Instagram\u2019da 423 milyon takip\u00e7isi bulunan Selena Gomez ge\u00e7ti\u011fimiz g\u00fcnlerde y\u00fcz\u00fc\u011f\u00fcn\u00fc ve evlilik teklifini takip\u00e7ileriyle payla\u015fm\u0131\u015ft\u0131. Benny Blanco ile a\u015fk ya\u015fayan ve birbirlerine a\u015fk\u0131n\u0131 dile getiren \u00e7ift evlilik karar\u0131 alm\u0131\u015ft\u0131. Benny Blanco ge\u00e7ti\u011fimiz aylarda kat\u0131ld\u0131\u011f\u0131 bir programda \u00e7ocuk istedi\u011fini ve bunu Selana Gomez ile payla\u015ft\u0131\u011f\u0131n\u0131 da s\u00f6ylemi\u015fti. S\u00fcrpriz \u015fekilde evlenme teklifi eden Benny Blanco Selana Gomez&#8217;e olan a\u015fk\u0131n\u0131 bir kez daha g\u00f6stermi\u015fti. 35 milyon de\u011ferindeki Cartier y\u00fcz\u00fc\u011f\u00fc ile dikkat \u00e7eken Selena Gomez herkesin g\u00f6zlerini kama\u015ft\u0131rm\u0131\u015ft\u0131. D\u00fcnyan\u0131n konu\u015ftu\u011fu ve haber yapt\u0131\u011f\u0131 y\u00fcz\u00fc\u011f\u00fcn de\u011ferini sarraflar ve alan\u0131nda uzman ki\u015filer dahi de\u011ferlendirdi. Y\u00fcz\u00fc\u011f\u00fcn 5 karat civar\u0131nda oldu\u011fu ve 35 milyon TL de\u011ferinde oldu\u011fu tahmin ediliyor. sosyal medyada y\u00fcz\u00fc\u011f\u00fcn\u00fc payla\u015fan Selena Gomez k\u0131sa s\u00fcrede y\u00fcz binlerce be\u011feni ve yorum ald\u0131. Herkesin yak\u0131ndan takip etti\u011fi g\u00fczel \u00fcnl\u00fcn\u00fcn evlilik teklifi foto\u011fraf\u0131n\u0131 eski sevgilisi Justin Bieber&#8217;in e\u015fi Hailey Bieber da be\u011fendi. Bu be\u011feni magazin haberlerine yans\u0131m\u0131\u015f ve bir s\u00fcre konu\u015fulmu\u015ftu.<\/p>\n<p><img loading=\"lazy\" decoding=\"async\" class=\"alignnone size-full wp-image-107419\" src=\"https:\/\/www.tgrthaber.com\/mavikadin\/wp-content\/uploads\/mavikadin-11-3.jpg\" alt=\"\" width=\"1920\" height=\"1080\" title=\"\" srcset=\"https:\/\/www.tgrthaber.com\/mavikadin\/wp-content\/uploads\/mavikadin-11-3.jpg 1920w, https:\/\/www.tgrthaber.com\/mavikadin\/wp-content\/uploads\/mavikadin-11-3-300x169.jpg 300w, https:\/\/www.tgrthaber.com\/mavikadin\/wp-content\/uploads\/mavikadin-11-3-1024x576.jpg 1024w, https:\/\/www.tgrthaber.com\/mavikadin\/wp-content\/uploads\/mavikadin-11-3-768x432.jpg 768w, https:\/\/www.tgrthaber.com\/mavikadin\/wp-content\/uploads\/mavikadin-11-3-1536x864.jpg 1536w\" sizes=\"(max-width: 1920px) 100vw, 1920px\" \/><\/p>\n<p>Y\u00fcz\u00fc\u011f\u00fcn\u00fc g\u00f6sterdi\u011fi karelerle herkesi kendine hayran b\u0131rakan Selena Gomez&#8217;in kat\u0131ld\u0131\u011f\u0131 son davette y\u00fcz\u00fc\u011f\u00fcn\u00fcn olmamas\u0131 bas\u0131n\u0131n g\u00f6z\u00fcnden ka\u00e7mad\u0131. Herkes Selana Gomez&#8217;in parma\u011f\u0131nda neden y\u00fcz\u00fck yok merak ediyor. Evlilik teklifi sonras\u0131 kat\u0131ld\u0131\u011f\u0131 ilk davette y\u00fcz\u00fcks\u00fcz olmas\u0131 ak\u0131llara ayr\u0131l\u0131k ihtimalini getirdi.<\/p>\n","protected":false},"excerpt":{"rendered":"<p>Selena Gomez evlilik teklifi ald\u0131ktan sonra y\u00fcz\u00fc\u011f\u00fcn\u00fc parma\u011f\u0131ndan hi\u00e7 \u00e7\u0131karmadan sosyal medya payla\u015f\u0131mlar\u0131na devam etmi\u015fti. Herkesin g\u00fcnlerce konu\u015ftu\u011fu y\u00fcz\u00fck Selena Gomez&#8217;in kat\u0131ld\u0131\u011f\u0131 bir davette parma\u011f\u0131nda yoktu. Bas\u0131n\u0131n ilgisini \u00e7eken durum sonras\u0131 ayr\u0131l\u0131k dedikodular\u0131 ba\u015flad\u0131. <\/p>\n","protected":false},"author":25,"featured_media":107419,"comment_status":"closed","ping_status":"closed","sticky":false,"template":"","format":"standard","meta":{"rank_math_lock_modified_date":false,"footnotes":""},"categories":[76],"tags":[4030,4186,4031,3756],"class_list":["post-107416","post","type-post","status-publish","format-standard","has-post-thumbnail","hentry","category-magazin","tag-benny-blanco","tag-hailey-bieber","tag-justin-bieber","tag-selena-gomez"],"_links":{"self":[{"href":"https:\/\/www.tgrthaber.com\/mavikadin\/wp-json\/wp\/v2\/posts\/107416"}],"collection":[{"href":"https:\/\/www.tgrthaber.com\/mavikadin\/wp-json\/wp\/v2\/posts"}],"about":[{"href":"https:\/\/www.tgrthaber.com\/mavikadin\/wp-json\/wp\/v2\/types\/post"}],"author":[{"embeddable":true,"href":"https:\/\/www.tgrthaber.com\/mavikadin\/wp-json\/wp\/v2\/users\/25"}],"replies":[{"embeddable":true,"href":"https:\/\/www.tgrthaber.com\/mavikadin\/wp-json\/wp\/v2\/comments?post=107416"}],"version-history":[{"count":1,"href":"https:\/\/www.tgrthaber.com\/mavikadin\/wp-json\/wp\/v2\/posts\/107416\/revisions"}],"predecessor-version":[{"id":107420,"href":"https:\/\/www.tgrthaber.com\/mavikadin\/wp-json\/wp\/v2\/posts\/107416\/revisions\/107420"}],"wp:featuredmedia":[{"embeddable":true,"href":"https:\/\/www.tgrthaber.com\/mavikadin\/wp-json\/wp\/v2\/media\/107419"}],"wp:attachment":[{"href":"https:\/\/www.tgrthaber.com\/mavikadin\/wp-json\/wp\/v2\/media?parent=107416"}],"wp:term":[{"taxonomy":"category","embeddable":true,"href":"https:\/\/www.tgrthaber.com\/mavikadin\/wp-json\/wp\/v2\/categories?post=107416"},{"taxonomy":"post_tag","embeddable":true,"href":"https:\/\/www.tgrthaber.com\/mavikadin\/wp-json\/wp\/v2\/tags?post=107416"}],"curies":[{"name":"wp","href":"https:\/\/api.w.org\/{rel}","templated":true}]}}