{"id":107424,"date":"2024-12-17T09:31:14","date_gmt":"2024-12-17T06:31:14","guid":{"rendered":"https:\/\/www.tgrthaber.com\/mavikadin\/?p=107424"},"modified":"2024-12-17T09:31:56","modified_gmt":"2024-12-17T06:31:56","slug":"klass-model-turkiye-birincisi-tugce-kaya-zarafetiyle-herkesi-hayran-birakti","status":"publish","type":"post","link":"https:\/\/www.tgrthaber.com\/mavikadin\/klass-model-turkiye-birincisi-tugce-kaya-zarafetiyle-herkesi-hayran-birakti\/","title":{"rendered":"Klass Model T\u00fcrkiye birincisi Tu\u011f\u00e7e Kaya zarafetiyle herkesi hayran b\u0131rakt\u0131"},"content":{"rendered":"<p>Klass Model T\u00fcrkiye birincileri se\u00e7ildi. Tu\u011f\u00e7e Kaya ise geceye damga vuran isim oldu. Zarafetiyle herkesi hayran b\u0131rakan model 23 ya\u015f\u0131nda T\u00fcrkiye&#8217;nin y\u0131ld\u0131z\u0131 se\u00e7ildi. Erkek ve kad\u0131nda T\u00fcrkiye&#8217;nin y\u0131ld\u0131z\u0131n\u0131n se\u00e7ildi\u011fi gecede bir\u00e7ok gen\u00e7 yar\u0131\u015ft\u0131.<\/p>\n<h3>TU\u011e\u00c7E KAYA KLASS MODEL T\u00dcRK\u0130YE B\u0130R\u0130NC\u0130S\u0130 OLDU<\/h3>\n<p>T\u00fcrkiye&#8217;nin yeni y\u0131ld\u0131zlar\u0131n\u0131 ke\u015ffetmek i\u00e7in yap\u0131lan Alyalina Klass Model T\u00fcrkiye yar\u0131\u015fmas\u0131n\u0131n finali ger\u00e7ekle\u015fti. Tu\u011f\u00e7e Kaya kad\u0131n kategorisinde gecenin birincisi oldu. Teoman Sancaktar da erkek kategorisinde birinci olarak yerini ald\u0131. T\u00fcrkiye&#8217;nin poyum ve sinema, televizyon d\u00fcnyas\u0131na bir\u00e7ok isim kazand\u0131ran Alyalina Klass Model T\u00fcrkiye yar\u0131\u015fmas\u0131 herkesin g\u00f6zlerini kama\u015ft\u0131ran bir geceyle birincilerini buldu. Geceye damga vuran isim ise g\u00fczelli\u011fi ve zarafetiyle herkesi hayran b\u0131rakan Tu\u011f\u00e7e Kaya oldu. 20 kad\u0131n ve 20 erkek juriye yeteneklerini g\u00f6sterdi. Juri koltu\u011funda oturan isimler de bir hayli merak ediliyordu. Yar\u0131\u015fman\u0131n j\u00fcri ba\u015fkanl\u0131\u011f\u0131n\u0131 \u00fcstlenen Muammer Kapucuo\u011flu&#8217;nun yan\u0131 s\u0131ra, Bekir Aksoy, Murat Aygen, Benan Kurtulu\u015f, Melec \u00c7akmak, Berna \u00d6zt\u00fcrk, Emel Y\u0131ld\u0131r\u0131m, P\u0131nar G\u00fcve, Mevl\u00fct Dede, A\u00e7elya Elmas, Edda Dora, Nazan Eke, Onur T\u00fcmer ve Furkan Certel gibi sekt\u00f6r\u00fcn \u00f6nde gelen isimleri de j\u00fcri kadrosunda yer ald\u0131.<\/p>\n<p><img loading=\"lazy\" decoding=\"async\" class=\"alignnone size-full wp-image-107434\" src=\"https:\/\/www.tgrthaber.com\/mavikadin\/wp-content\/uploads\/Ekran-goruntusu-2024-12-17-092009.png\" alt=\"\" width=\"783\" height=\"514\" title=\"\" srcset=\"https:\/\/www.tgrthaber.com\/mavikadin\/wp-content\/uploads\/Ekran-goruntusu-2024-12-17-092009.png 783w, https:\/\/www.tgrthaber.com\/mavikadin\/wp-content\/uploads\/Ekran-goruntusu-2024-12-17-092009-300x197.png 300w, https:\/\/www.tgrthaber.com\/mavikadin\/wp-content\/uploads\/Ekran-goruntusu-2024-12-17-092009-768x504.png 768w\" sizes=\"(max-width: 783px) 100vw, 783px\" \/><\/p>\n<p>Gecenin sunuculu\u011funu ise Nefise Karatay yapt\u0131. Yar\u0131\u015fma \u00f6ncesi sorular\u0131 yan\u0131tlayan juri \u00fcyelerinden Muammer Kapucuo\u011flu &#8220;Klass Model T\u00fcrkiye olarak ilk kez bu t\u00fcr bir g\u00fczellik yar\u0131\u015fmas\u0131 d\u00fczenliyoruz. Amac\u0131m\u0131z yeni starlar ke\u015ffetmek. Bu y\u00fczden de b\u00fcy\u00fck bir organizasyon ger\u00e7ekle\u015ftirdik. Yakla\u015f\u0131k 6 ayd\u0131r bu etkinlikle ilgileniyoruz ve b\u00f6yle b\u00fcy\u00fck organizasyonlar\u0131n eksikli\u011fini hissettik.&#8221; \u015feklinde konu\u015ftu.<\/p>\n<p><img loading=\"lazy\" decoding=\"async\" class=\"alignnone size-full wp-image-107441\" src=\"https:\/\/www.tgrthaber.com\/mavikadin\/wp-content\/uploads\/Ekran-goruntusu-2024-12-17-092025.png\" alt=\"\" width=\"896\" height=\"500\" title=\"\" srcset=\"https:\/\/www.tgrthaber.com\/mavikadin\/wp-content\/uploads\/Ekran-goruntusu-2024-12-17-092025.png 896w, https:\/\/www.tgrthaber.com\/mavikadin\/wp-content\/uploads\/Ekran-goruntusu-2024-12-17-092025-300x167.png 300w, https:\/\/www.tgrthaber.com\/mavikadin\/wp-content\/uploads\/Ekran-goruntusu-2024-12-17-092025-768x429.png 768w\" sizes=\"(max-width: 896px) 100vw, 896px\" \/><\/p>\n<p>Ge\u00e7ti\u011fimiz aylarda T\u00fcrkiye G\u00fczeli se\u00e7ilen yar\u0131\u015fmada \u0130dil Bilgen&#8217;in g\u00fczelli\u011fi \u00e7ok tart\u0131\u015f\u0131lm\u0131\u015ft\u0131. Bas\u0131n mensuplar\u0131 bu konuyu juri \u00fcyelerine hat\u0131rlatarak Alyalina Klass Model T\u00fcrkiye birincisini hangi kriterlere g\u00f6re se\u00e7ti\u011fini sordu. Kapucuo\u011flu, &#8220;Amac\u0131m\u0131z g\u00fczelli\u011fe odaklanmak. Buradaki ana konumuz g\u00fczellik. Ses tonundan, v\u00fccut diline kadar her detaya dikkat ettik. Biz sadece bir model de\u011fil, bir star \u00e7\u0131karmak istiyoruz. J\u00fcrimiz de sekt\u00f6rde tan\u0131nan y\u0131ld\u0131zlardan olu\u015fuyor. Bu y\u00fczden bizden \u00e7\u0131kan isimler pozitif anlamda \u00e7ok konu\u015fulacak,&#8221; \u015feklinde yan\u0131t verdi.<\/p>\n<p><img loading=\"lazy\" decoding=\"async\" class=\"alignnone size-full wp-image-107442\" src=\"https:\/\/www.tgrthaber.com\/mavikadin\/wp-content\/uploads\/Ekran-goruntusu-2024-12-17-092058.png\" alt=\"\" width=\"898\" height=\"583\" title=\"\" srcset=\"https:\/\/www.tgrthaber.com\/mavikadin\/wp-content\/uploads\/Ekran-goruntusu-2024-12-17-092058.png 898w, https:\/\/www.tgrthaber.com\/mavikadin\/wp-content\/uploads\/Ekran-goruntusu-2024-12-17-092058-300x195.png 300w, https:\/\/www.tgrthaber.com\/mavikadin\/wp-content\/uploads\/Ekran-goruntusu-2024-12-17-092058-768x499.png 768w\" sizes=\"(max-width: 898px) 100vw, 898px\" \/><\/p>\n<p>Yar\u0131\u015fma sonunda ise kad\u0131nlarda Tu\u011f\u00e7e Kaya, erkeklerde ise Teoman Sancaktar birincilik ald\u0131. \u0130kincilik \u00f6d\u00fcllerini ise Lara Nil Sancaktar ve Sebahattin \u00d6nbey ald\u0131. \u00dc\u00e7\u00fcnc\u00fcl\u00fck \u00f6d\u00fcl\u00fc ise Ezgi Alhuda ve Efe Gabero\u011flu aras\u0131nda payla\u015f\u0131ld\u0131.<\/p>\n","protected":false},"excerpt":{"rendered":"<p>Alyalina Klass Model T\u00fcrkiye yar\u0131\u015fmas\u0131n\u0131n birincisi Tu\u011f\u00e7e Kaya oldu. G\u00fczelli\u011fi ve zarafetiyle herkesi hayran b\u0131rakan 23 ya\u015f\u0131ndaki g\u00fczel 20 ki\u015fi aras\u0131ndan se\u00e7ildi. <\/p>\n","protected":false},"author":25,"featured_media":107444,"comment_status":"closed","ping_status":"closed","sticky":false,"template":"","format":"standard","meta":{"rank_math_lock_modified_date":false,"footnotes":""},"categories":[76],"tags":[4514,4513],"class_list":["post-107424","post","type-post","status-publish","format-standard","has-post-thumbnail","hentry","category-magazin","tag-alyalina-klass-model-turkiye","tag-tugce-kaya"],"_links":{"self":[{"href":"https:\/\/www.tgrthaber.com\/mavikadin\/wp-json\/wp\/v2\/posts\/107424"}],"collection":[{"href":"https:\/\/www.tgrthaber.com\/mavikadin\/wp-json\/wp\/v2\/posts"}],"about":[{"href":"https:\/\/www.tgrthaber.com\/mavikadin\/wp-json\/wp\/v2\/types\/post"}],"author":[{"embeddable":true,"href":"https:\/\/www.tgrthaber.com\/mavikadin\/wp-json\/wp\/v2\/users\/25"}],"replies":[{"embeddable":true,"href":"https:\/\/www.tgrthaber.com\/mavikadin\/wp-json\/wp\/v2\/comments?post=107424"}],"version-history":[{"count":1,"href":"https:\/\/www.tgrthaber.com\/mavikadin\/wp-json\/wp\/v2\/posts\/107424\/revisions"}],"predecessor-version":[{"id":107445,"href":"https:\/\/www.tgrthaber.com\/mavikadin\/wp-json\/wp\/v2\/posts\/107424\/revisions\/107445"}],"wp:featuredmedia":[{"embeddable":true,"href":"https:\/\/www.tgrthaber.com\/mavikadin\/wp-json\/wp\/v2\/media\/107444"}],"wp:attachment":[{"href":"https:\/\/www.tgrthaber.com\/mavikadin\/wp-json\/wp\/v2\/media?parent=107424"}],"wp:term":[{"taxonomy":"category","embeddable":true,"href":"https:\/\/www.tgrthaber.com\/mavikadin\/wp-json\/wp\/v2\/categories?post=107424"},{"taxonomy":"post_tag","embeddable":true,"href":"https:\/\/www.tgrthaber.com\/mavikadin\/wp-json\/wp\/v2\/tags?post=107424"}],"curies":[{"name":"wp","href":"https:\/\/api.w.org\/{rel}","templated":true}]}}