{"id":107463,"date":"2024-12-17T10:04:21","date_gmt":"2024-12-17T07:04:21","guid":{"rendered":"https:\/\/www.tgrthaber.com\/mavikadin\/?p=107463"},"modified":"2024-12-17T10:08:26","modified_gmt":"2024-12-17T07:08:26","slug":"tanyeli-cocuklarini-paylasti-takipcileri-soke-oldu-boyunca-cocuklari-varmis","status":"publish","type":"post","link":"https:\/\/www.tgrthaber.com\/mavikadin\/tanyeli-cocuklarini-paylasti-takipcileri-soke-oldu-boyunca-cocuklari-varmis\/","title":{"rendered":"Tanyeli \u00e7ocuklar\u0131n\u0131 payla\u015ft\u0131 takip\u00e7ileri \u015foke oldu! &#8216;Boyunca \u00e7ocuklar\u0131 varm\u0131\u015f&#8217;"},"content":{"rendered":"<p>Pankreas kanseriyle m\u00fccadele eden Tanyeli \u00e7ocuklar\u0131n\u0131 payla\u015ft\u0131 takip\u00e7ileri \u015foke oldu.\u00a0 Tedavi s\u00fcreci hastanede devam eden \u00fcnl\u00fc isim ziyaretine gelen arkada\u015flar\u0131n\u0131 da s\u0131k s\u0131k payla\u015f\u0131yor.<\/p>\n<h3>TANYEL\u0130 \u00c7OCUKLARINI PAYLA\u015eTI TAK\u0130P\u00c7\u0130LER\u0130 \u015eOKE OLDU<\/h3>\n<p>\u0130ki \u00e7ocuk annesi Tanyeli &#8221;\u0130yi ki annesiyim&#8221; ak\u0131m\u0131na kat\u0131larak o\u011fullar\u0131yla birlikte oldu\u011fu kareyi takip\u00e7ileriyle payla\u015ft\u0131.<\/p>\n<p>Sevilen ismin takip\u00e7ileri ise &#8216;Boyunca \u00e7ocuklar\u0131 varm\u0131\u015f&#8217;, &#8216;\u0130lk kez \u00e7ocuklar\u0131 oldu\u011funu g\u00f6rd\u00fcm&#8217;, &#8216;Ma\u015fallah size&#8217; \u015feklinde yorumlar yazd\u0131.<\/p>\n<p>Uzun zamand\u0131r Pankreas kanseriyle m\u00fccadele eden Tanyeli&#8217;nin tedavisi devam ediyor. Art arda operasyonlar ge\u00e7iren Tanyeli\u2019nin \u00e7ok fazla kilo kaybetti\u011fi g\u00f6r\u00fclm\u00fc\u015ft\u00fc.<\/p>\n<p>Ya\u015fad\u0131\u011f\u0131 zorlu s\u00fcre\u00e7te yak\u0131n arkada\u015flar\u0131 Tanyeli\u2019yi yaln\u0131z b\u0131rakmad\u0131. \u00dcnl\u00fc isim de sevenlerinden s\u0131k s\u0131k dua isteyerek sa\u011fl\u0131k durumunu payla\u015fmaya devam ediyor.<\/p>\n<p><img loading=\"lazy\" decoding=\"async\" class=\"alignnone wp-image-107473\" src=\"https:\/\/www.tgrthaber.com\/mavikadin\/wp-content\/uploads\/Tanyeli-1-1.jpg\" alt=\"\" width=\"1208\" height=\"680\" title=\"\" srcset=\"https:\/\/www.tgrthaber.com\/mavikadin\/wp-content\/uploads\/Tanyeli-1-1.jpg 1920w, https:\/\/www.tgrthaber.com\/mavikadin\/wp-content\/uploads\/Tanyeli-1-1-300x169.jpg 300w, https:\/\/www.tgrthaber.com\/mavikadin\/wp-content\/uploads\/Tanyeli-1-1-1024x576.jpg 1024w, https:\/\/www.tgrthaber.com\/mavikadin\/wp-content\/uploads\/Tanyeli-1-1-768x432.jpg 768w, https:\/\/www.tgrthaber.com\/mavikadin\/wp-content\/uploads\/Tanyeli-1-1-1536x864.jpg 1536w\" sizes=\"(max-width: 1208px) 100vw, 1208px\" \/><\/p>\n<h3>TANYEL\u0130 PAYLA\u015eIMIYLA D\u0130KKAT \u00c7EKT\u0130<\/h3>\n<p>Ge\u00e7irdi\u011fi ameliyat sonras\u0131 dinlenen Tanyeli sosyal medyada bir payla\u015f\u0131mda bulundu.<\/p>\n<p>Kendisini hastaneye g\u00f6rmeye gelen ziyaret\u00e7ilerin odas\u0131nda uzun zaman kald\u0131\u011f\u0131n\u0131 s\u00f6yleyen Tanyeli bu konuda anlay\u0131\u015f bekledi\u011fini ifade etmi\u015fti.<\/p>\n<p>Tanyeli, hastane odas\u0131ndan payla\u015ft\u0131\u011f\u0131 videoda \u015f\u00f6yle konu\u015fmu\u015ftu:<\/p>\n<p>&#8221;Hepinize hay\u0131rl\u0131 haftalar. Sa\u011fl\u0131k, afiyet, bolluk, bereket, mucize dolu haberler alaca\u011f\u0131m\u0131z g\u00fczel bir hafta olmas\u0131n\u0131 diliyorum. Ve sizden bir \u015fey rica ediyorum. Bunu bir duyuru olarak d\u00fc\u015f\u00fcn\u00fcn. Beni l\u00fctfen yanl\u0131\u015f anlamay\u0131n. Uzun zamand\u0131r hastanedeyim. 2 ay\u0131 ge\u00e7ti hastane durumum. Hasta ziyareti adab\u0131n\u0131 tabii ki ben \u00f6\u011fretecek de\u011filim. K\u0131ymet bilip gelen ayaklar\u0131n\u0131zdan binlerce kez raz\u0131 olsun. Ama bizi anlaman\u0131z a\u00e7\u0131s\u0131ndan, sanki belki biraz k\u0131lavuzluk yapabilirim diye d\u00fc\u015f\u00fcn\u00fcyorum. \u00c7ok mutlu oluyorum dostlar\u0131m\u0131n gelmesine, ziyaret etmesine ama hastanede olmam\u0131n sebebi hastay\u0131m ve dinlenmek zorunday\u0131m. 2 ay\u0131 ge\u00e7kin bir s\u00fcredir bilmem ka\u00e7 metrekarenin i\u00e7indeyim. Ziyaret\u00e7i geldi\u011fi zaman \u00e7ok \u00e7ok mutlu oluyorum ama uzun s\u00fcrd\u00fc\u011f\u00fc zaman biraz \u0131zd\u0131rap haline gelebiliyor. \u00c7\u00fcnk\u00fc sanc\u0131m oluyor, a\u011fr\u0131m oluyor, \u015fi\u015fkinli\u011fim oluyor. Benim gibi b\u00fct\u00fcn hastalar\u0131n da san\u0131yorsam. \u0130\u015fte buras\u0131 da hastane pastane de\u011fil ki arkada\u015flar. Birisi odadayken tuvalete gidemiyorum mesela. Gelip birisi oturuyor saatlerce. Yani bu konuda sizden hem kendi ad\u0131ma hem de benim gibi rahats\u0131zl\u0131k duyan varsa onlar\u0131n ad\u0131na da ufak bir bilgilendirme diye d\u00fc\u015f\u00fcn\u00fcn. Geldiniz, oturdunuz, ne g\u00fczel, ne kadar mutlu oluyorum. Ama belirli bir s\u00fcreyi ge\u00e7tikten sonra ger\u00e7ekten \u0131zd\u0131rap dolu sanc\u0131larla k\u0131vranmak zorunda kalabiliyorum. Ne geldiyse ba\u015f\u0131ma i\u00e7ime atmaktan geldi. O y\u00fczden kendime s\u00f6z verdim bu videoyu da yap\u0131verdim. Ba\u015f\u0131m\u0131n \u00fcst\u00fcnde yeriniz var ziyaret\u00e7i saatlerinde. &#8221;<\/p>\n<p><img loading=\"lazy\" decoding=\"async\" class=\"alignnone wp-image-107475\" src=\"https:\/\/www.tgrthaber.com\/mavikadin\/wp-content\/uploads\/Tanyeli-2.jpg\" alt=\"\" width=\"1208\" height=\"680\" title=\"\" srcset=\"https:\/\/www.tgrthaber.com\/mavikadin\/wp-content\/uploads\/Tanyeli-2.jpg 1920w, https:\/\/www.tgrthaber.com\/mavikadin\/wp-content\/uploads\/Tanyeli-2-300x169.jpg 300w, https:\/\/www.tgrthaber.com\/mavikadin\/wp-content\/uploads\/Tanyeli-2-1024x576.jpg 1024w, https:\/\/www.tgrthaber.com\/mavikadin\/wp-content\/uploads\/Tanyeli-2-768x432.jpg 768w, https:\/\/www.tgrthaber.com\/mavikadin\/wp-content\/uploads\/Tanyeli-2-1536x864.jpg 1536w\" sizes=\"(max-width: 1208px) 100vw, 1208px\" \/><\/p>\n<h3>\u201c\u0130Y\u0130 K\u0130 ANNES\u0130Y\u0130M\u201d<\/h3>\n<p>53 ya\u015f\u0131ndaki Tanyeli sosyal medyada &#8221;\u0130yi ki annesiyim&#8221; ak\u0131m\u0131na kat\u0131larak o\u011fullar\u0131 Taylan ve Teoman ile birlikte oldu\u011fu foto\u011fraf\u0131 payla\u015ft\u0131.<\/p>\n<p>\u00dcnl\u00fc ismin \u00e7ocuklar\u0131n\u0131 g\u00f6ren takip\u00e7ileri de bu foto\u011fraf kar\u015f\u0131s\u0131nda \u015foke oldu. Kullan\u0131c\u0131lardan &#8216;Boyunca \u00e7ocuklar\u0131 varm\u0131\u015f&#8217;, &#8216;\u0130lk kez \u00e7ocuklar\u0131 oldu\u011funu g\u00f6rd\u00fcm&#8217;, &#8216;Ma\u015fallah size&#8217; \u015feklinde yorumlar geldi.<\/p>\n","protected":false},"excerpt":{"rendered":"<p>Bir s\u00fcredir Pankreas kanseriyle m\u00fccadele eden Tanyeli sosyal medya hesab\u0131ndan \u00e7ocuklar\u0131n\u0131 payla\u015ft\u0131. \u00dcnl\u00fc ismin yapt\u0131\u011f\u0131 payla\u015f\u0131mdan sonra takip\u00e7ilerinden &#8216;Boyunca \u00e7ocuklar\u0131 varm\u0131\u015f&#8217; \u015feklinde yorumlar geldi.<\/p>\n","protected":false},"author":5,"featured_media":107464,"comment_status":"closed","ping_status":"closed","sticky":false,"template":"","format":"standard","meta":{"rank_math_lock_modified_date":false,"footnotes":""},"categories":[76],"tags":[4523,464,4522],"class_list":["post-107463","post","type-post","status-publish","format-standard","has-post-thumbnail","hentry","category-magazin","tag-pankreas-kanseri","tag-tanyeli","tag-tanyeli-cocuklari"],"_links":{"self":[{"href":"https:\/\/www.tgrthaber.com\/mavikadin\/wp-json\/wp\/v2\/posts\/107463"}],"collection":[{"href":"https:\/\/www.tgrthaber.com\/mavikadin\/wp-json\/wp\/v2\/posts"}],"about":[{"href":"https:\/\/www.tgrthaber.com\/mavikadin\/wp-json\/wp\/v2\/types\/post"}],"author":[{"embeddable":true,"href":"https:\/\/www.tgrthaber.com\/mavikadin\/wp-json\/wp\/v2\/users\/5"}],"replies":[{"embeddable":true,"href":"https:\/\/www.tgrthaber.com\/mavikadin\/wp-json\/wp\/v2\/comments?post=107463"}],"version-history":[{"count":3,"href":"https:\/\/www.tgrthaber.com\/mavikadin\/wp-json\/wp\/v2\/posts\/107463\/revisions"}],"predecessor-version":[{"id":107478,"href":"https:\/\/www.tgrthaber.com\/mavikadin\/wp-json\/wp\/v2\/posts\/107463\/revisions\/107478"}],"wp:featuredmedia":[{"embeddable":true,"href":"https:\/\/www.tgrthaber.com\/mavikadin\/wp-json\/wp\/v2\/media\/107464"}],"wp:attachment":[{"href":"https:\/\/www.tgrthaber.com\/mavikadin\/wp-json\/wp\/v2\/media?parent=107463"}],"wp:term":[{"taxonomy":"category","embeddable":true,"href":"https:\/\/www.tgrthaber.com\/mavikadin\/wp-json\/wp\/v2\/categories?post=107463"},{"taxonomy":"post_tag","embeddable":true,"href":"https:\/\/www.tgrthaber.com\/mavikadin\/wp-json\/wp\/v2\/tags?post=107463"}],"curies":[{"name":"wp","href":"https:\/\/api.w.org\/{rel}","templated":true}]}}