{"id":107509,"date":"2024-12-17T10:49:39","date_gmt":"2024-12-17T07:49:39","guid":{"rendered":"https:\/\/www.tgrthaber.com\/mavikadin\/?p=107509"},"modified":"2024-12-17T13:56:32","modified_gmt":"2024-12-17T10:56:32","slug":"olunce-beni-kim-yikayacak-gassal-dizisinin-konusu-ne-gassal-dizisinin-oyunculari-merak-edildi","status":"publish","type":"post","link":"https:\/\/www.tgrthaber.com\/mavikadin\/olunce-beni-kim-yikayacak-gassal-dizisinin-konusu-ne-gassal-dizisinin-oyunculari-merak-edildi\/","title":{"rendered":"\u00d6l\u00fcnce beni kim y\u0131kayacak: Gassal dizisinin konusu ne? Gassal dizisinin oyuncular\u0131 merak edildi"},"content":{"rendered":"<p>\u0130stanbul ve Ankara gibi b\u00fcy\u00fck\u015fehirlerde vatanda\u015flar\u0131n bilboardlar\u0131yla kar\u015f\u0131la\u015ft\u0131\u011f\u0131 \u201c\u00d6l\u00fcnce Beni Kim Y\u0131kayacak\u201d yaz\u0131s\u0131n\u0131n ne oldu\u011fu merak edildi. \u201c\u201d yaz\u0131l\u0131 afi\u015fin TRT\u2019nin dijital platformu \u201cTabii\u201dnin yeni dizisi Gassal\u2019\u0131n tan\u0131t\u0131m\u0131 oldu\u011fu d\u00fc\u015f\u00fcn\u00fcld\u00fc. Vatanda\u015flar taraf\u0131ndan dizinin konusu ve oyuncular\u0131 merak edildi.<\/p>\n<p>Peki, \u00d6l\u00fcnce Beni Kim Y\u0131kayacak: Gassal dizisinin konusu nedir? Gassal dizisinin oyuncular\u0131 kimlerdir? Gassal dizisiyle ilgili merak edilenleri sizin i\u00e7in ara\u015ft\u0131rd\u0131k. \u0130\u015fte Gassal dizisiyle ilgili merak edilenler\u2026<\/p>\n<h3>\u00d6L\u00dcNCE BEN\u0130 K\u0130M YIKAYACAK: GASSAL D\u0130Z\u0130S\u0130N\u0130N Y\u00d6NETMEN\u0130 K\u0130M?<\/h3>\n<p>TRT\u2019nin dijital platformu Tabii, ba\u015far\u0131l\u0131 i\u015flere imza atmaya devam ediyor. Olduk\u00e7a ses getiren dizilerle izleyici kar\u015f\u0131s\u0131na ge\u00e7en Tabii, yeni dizisi Gassal\u2019\u0131 seyirci ile bulu\u015fturmaya haz\u0131rlan\u0131yor.<\/p>\n<p><img loading=\"lazy\" decoding=\"async\" class=\"alignnone wp-image-107515\" src=\"https:\/\/www.tgrthaber.com\/mavikadin\/wp-content\/uploads\/Adsiz-tasarim-89-1-1024x576.jpg\" alt=\"\u00d6l\u00fcnce Beni Kim Y\u0131kayacak: Gassal\" width=\"1208\" height=\"680\" title=\"\" srcset=\"https:\/\/www.tgrthaber.com\/mavikadin\/wp-content\/uploads\/Adsiz-tasarim-89-1-1024x576.jpg 1024w, https:\/\/www.tgrthaber.com\/mavikadin\/wp-content\/uploads\/Adsiz-tasarim-89-1-300x169.jpg 300w, https:\/\/www.tgrthaber.com\/mavikadin\/wp-content\/uploads\/Adsiz-tasarim-89-1-768x432.jpg 768w, https:\/\/www.tgrthaber.com\/mavikadin\/wp-content\/uploads\/Adsiz-tasarim-89-1-1536x864.jpg 1536w, https:\/\/www.tgrthaber.com\/mavikadin\/wp-content\/uploads\/Adsiz-tasarim-89-1.jpg 1600w\" sizes=\"(max-width: 1208px) 100vw, 1208px\" \/><\/p>\n<p>&nbsp;<\/p>\n<p>Ba\u015frol\u00fcnde ba\u015far\u0131l\u0131 oyuncu Ahmet Kural\u2019\u0131n yer ald\u0131\u011f\u0131 Gassal dizisinin y\u00f6netmen koltu\u011funda ise Sel\u00e7uk Aydemir oturuyor. Ankara ve \u0130stanbul gibi b\u00fcy\u00fck \u015fehirlerde bilboardlarda g\u00f6r\u00fclen \u201c\u00d6l\u00fcnce Beni Kim Y\u0131kayacak: Gassal\u201d tan\u0131t\u0131m\u0131n\u0131n ard\u0131ndan dizinin konusu ve oyuncular\u0131 da izleyiciler taraf\u0131ndan merak edildi.<\/p>\n<p>Gassal dizisinin y\u00f6netmen koltu\u011funda Sel\u00e7uk Aydemir otururken, senaryosunu ise S\u00fcmeyye Karaaslan kaleme al\u0131yor. \u00d6l\u00fcnce Beni Kim Y\u0131kayacak: Gassal dizisinin \u00e7ekimleri tamamland\u0131.<\/p>\n<p>Dizi, \u00f6l\u00fcmle burun buruna gelen ve sonras\u0131nda b\u00fcy\u00fck bir de\u011fi\u015fim ya\u015fayan Gassal Baki\u2019nin, \u00f6ld\u00fckten sonra kendisini kimin y\u0131kayaca\u011f\u0131yla ilgili bir aray\u0131\u015fa girmesini konu al\u0131r.<\/p>\n<p>\u0130\u015fte Gassal dizisinin konusu\u2026<\/p>\n<h3>GASSAL D\u0130Z\u0130S\u0130N\u0130N KONUSU NE?<\/h3>\n<p>Baki, kimi zaman kimsesiz insanlar\u0131n cenazesini y\u0131kar. Onlar gibi olmamak i\u00e7inse \u00e7abalamaya ba\u015flar. Hayat\u0131 boyunca uzak kald\u0131\u011f\u0131 \u015feylerle y\u00fczle\u015fen Baki, sosyalle\u015fmeyi, evlenmeyi, toplum i\u00e7ine kar\u0131\u015fmay\u0131 deneyimler. Baki\u2019nin 30\u2019lu ya\u015flar\u0131na kadar fark\u0131nda olarak uzak durdu\u011fu \u015feyler onun i\u00e7in ger\u00e7ekten anlams\u0131zd\u0131r.<\/p>\n<p><img loading=\"lazy\" decoding=\"async\" class=\"alignnone wp-image-107513\" src=\"https:\/\/www.tgrthaber.com\/mavikadin\/wp-content\/uploads\/Adsiz-tasarim-90-2-1024x576.jpg\" alt=\"\u00d6l\u00fcnce Beni Kim Y\u0131kayacak: Gassal\" width=\"1208\" height=\"680\" title=\"\" srcset=\"https:\/\/www.tgrthaber.com\/mavikadin\/wp-content\/uploads\/Adsiz-tasarim-90-2-1024x576.jpg 1024w, https:\/\/www.tgrthaber.com\/mavikadin\/wp-content\/uploads\/Adsiz-tasarim-90-2-300x169.jpg 300w, https:\/\/www.tgrthaber.com\/mavikadin\/wp-content\/uploads\/Adsiz-tasarim-90-2-768x432.jpg 768w, https:\/\/www.tgrthaber.com\/mavikadin\/wp-content\/uploads\/Adsiz-tasarim-90-2-1536x864.jpg 1536w, https:\/\/www.tgrthaber.com\/mavikadin\/wp-content\/uploads\/Adsiz-tasarim-90-2.jpg 1600w\" sizes=\"(max-width: 1208px) 100vw, 1208px\" \/><\/p>\n<p>Sosyal medya i\u00e7in s\u00fcrekli foto\u011fraf \u00e7ekilen gen\u00e7ler, s\u0131rf \u00e2det yerini bulsun diye yap\u0131lan evlilikler ve arkada\u015f \u00e7evresinde s\u00f6ylenen toz pembe yalanlar Baki i\u00e7in bir anlam ifade etmez. Baki, kendisini y\u0131kayacak birini bulma tela\u015f\u0131 ile girdi\u011fi bu yolda toplumu objektif bir g\u00f6zle inceleme imk\u00e2n\u0131 bulur. Baki, yolculu\u011funun sonunda ise ge\u00e7i\u015finde ya\u015fad\u0131\u011f\u0131 b\u00fcy\u00fck travmalarla y\u00fczle\u015fecek ve ya\u015fad\u0131\u011f\u0131 kayg\u0131n\u0131n temelinde \u00f6l\u00fcm korkusunun oldu\u011funu anlayacakt\u0131r.<\/p>\n<h3>GASSAL D\u0130Z\u0130S\u0130N\u0130N OYUNCULARI K\u0130M?<\/h3>\n<p>\u00d6l\u00fcnce Beni Kim Y\u0131kayacak: Gassal dizisinin hem konusu hem de oyuncular\u0131 seyirci taraf\u0131ndan olduk\u00e7a merak ediliyor. \u00c7arp\u0131c\u0131 bir konuyu ele alan dizinin oyuncu kadrosu da merak ediliyor.<\/p>\n<p><img loading=\"lazy\" decoding=\"async\" class=\"alignnone wp-image-107517\" src=\"https:\/\/www.tgrthaber.com\/mavikadin\/wp-content\/uploads\/Adsiz-tasarim-87-2-1024x576.jpg\" alt=\"\u00d6l\u00fcnce Beni Kim Y\u0131kayacak: Gassal\" width=\"1208\" height=\"680\" title=\"\" srcset=\"https:\/\/www.tgrthaber.com\/mavikadin\/wp-content\/uploads\/Adsiz-tasarim-87-2-1024x576.jpg 1024w, https:\/\/www.tgrthaber.com\/mavikadin\/wp-content\/uploads\/Adsiz-tasarim-87-2-300x169.jpg 300w, https:\/\/www.tgrthaber.com\/mavikadin\/wp-content\/uploads\/Adsiz-tasarim-87-2-768x432.jpg 768w, https:\/\/www.tgrthaber.com\/mavikadin\/wp-content\/uploads\/Adsiz-tasarim-87-2-1536x864.jpg 1536w, https:\/\/www.tgrthaber.com\/mavikadin\/wp-content\/uploads\/Adsiz-tasarim-87-2.jpg 1600w\" sizes=\"(max-width: 1208px) 100vw, 1208px\" \/><\/p>\n<p>Merakla beklenen dizinin oyuncu kadrosunda; Ahmet Kural, Sibel Aytan, Muharrem T\u00fcrkseven, Ezgi \u00d6zy\u00fcreko\u011flu ve Serkan Ercan yer al\u0131yor. Uzun s\u00fcredir ekranlarda g\u00f6z\u00fckmeyen Ahmet Kural\u2019\u0131n ise oyunculuk performans\u0131 \u015fimdiden merak ediliyor.<\/p>\n","protected":false},"excerpt":{"rendered":"<p>\u00d6l\u00fcnce beni kim y\u0131kayacak: Gassal dizisinin konusu merak edildi. B\u00fcy\u00fck\u015fehirlerde vatanda\u015flar\u0131n afi\u015fleriyle kar\u015f\u0131la\u015ft\u0131\u011f\u0131 Gassal dizisinin konu ve oyuncular\u0131n\u0131n kimler oldu\u011fu merak edildi. Peki, Gassal dizisi konusu ne? Gassal dizisi oyuncular\u0131 kimlerdir? \u0130\u015fte ayr\u0131nt\u0131lar\u2026<\/p>\n","protected":false},"author":26,"featured_media":107512,"comment_status":"closed","ping_status":"closed","sticky":false,"template":"","format":"standard","meta":{"rank_math_lock_modified_date":false,"footnotes":""},"categories":[602],"tags":[4543,4542,4541],"class_list":["post-107509","post","type-post","status-publish","format-standard","has-post-thumbnail","hentry","category-diziler","tag-ahmet-kural","tag-gassal","tag-olunce-beni-kim-yikayacak-gassal"],"_links":{"self":[{"href":"https:\/\/www.tgrthaber.com\/mavikadin\/wp-json\/wp\/v2\/posts\/107509"}],"collection":[{"href":"https:\/\/www.tgrthaber.com\/mavikadin\/wp-json\/wp\/v2\/posts"}],"about":[{"href":"https:\/\/www.tgrthaber.com\/mavikadin\/wp-json\/wp\/v2\/types\/post"}],"author":[{"embeddable":true,"href":"https:\/\/www.tgrthaber.com\/mavikadin\/wp-json\/wp\/v2\/users\/26"}],"replies":[{"embeddable":true,"href":"https:\/\/www.tgrthaber.com\/mavikadin\/wp-json\/wp\/v2\/comments?post=107509"}],"version-history":[{"count":2,"href":"https:\/\/www.tgrthaber.com\/mavikadin\/wp-json\/wp\/v2\/posts\/107509\/revisions"}],"predecessor-version":[{"id":107519,"href":"https:\/\/www.tgrthaber.com\/mavikadin\/wp-json\/wp\/v2\/posts\/107509\/revisions\/107519"}],"wp:featuredmedia":[{"embeddable":true,"href":"https:\/\/www.tgrthaber.com\/mavikadin\/wp-json\/wp\/v2\/media\/107512"}],"wp:attachment":[{"href":"https:\/\/www.tgrthaber.com\/mavikadin\/wp-json\/wp\/v2\/media?parent=107509"}],"wp:term":[{"taxonomy":"category","embeddable":true,"href":"https:\/\/www.tgrthaber.com\/mavikadin\/wp-json\/wp\/v2\/categories?post=107509"},{"taxonomy":"post_tag","embeddable":true,"href":"https:\/\/www.tgrthaber.com\/mavikadin\/wp-json\/wp\/v2\/tags?post=107509"}],"curies":[{"name":"wp","href":"https:\/\/api.w.org\/{rel}","templated":true}]}}