{"id":107528,"date":"2024-12-17T11:09:23","date_gmt":"2024-12-17T08:09:23","guid":{"rendered":"https:\/\/www.tgrthaber.com\/mavikadin\/?p=107528"},"modified":"2024-12-17T11:09:23","modified_gmt":"2024-12-17T08:09:23","slug":"ferdi-kadioglu-romantikligi-tisortunde-sevgilisinin-fotografi-var","status":"publish","type":"post","link":"https:\/\/www.tgrthaber.com\/mavikadin\/ferdi-kadioglu-romantikligi-tisortunde-sevgilisinin-fotografi-var\/","title":{"rendered":"Ferdi Kad\u0131o\u011flu romantikli\u011fi! Ti\u015f\u00f6rt\u00fcnde sevgilisinin foto\u011fraf\u0131 var"},"content":{"rendered":"<p>\u0130ngiliz ekibi Brighton&#8217;da forma giyen milli futbolcu Ferdi Kad\u0131o\u011flu evlilik haz\u0131rl\u0131\u011f\u0131nda oldu\u011fu sevgilisi Sera&#8217;ya do\u011fum g\u00fcn\u00fcnde b\u00fcy\u00fck bir jest yapt\u0131. Bu jestiyle g\u00fcndem olan Kad\u0131o\u011flu\u2019na sosyal medyada yorum ya\u011fd\u0131.<\/p>\n<h3>FERD\u0130 KADIO\u011eLU ROMANT\u0130KL\u0130\u011e\u0130 G\u00dcNDEM OLDU<\/h3>\n<p>Fenerbah\u00e7e&#8217;den \u0130ngiliz tak\u0131m\u0131 Brighton&#8217;a transfer olan milli futbolcu Ferdi Kad\u0131o\u011flu, kariyeri kadar \u00f6zel hayat\u0131yla da g\u00fcndemde. 30 milyon euroluk rekor \u00fccretle \u0130ngiliz ekibine giden futbolcu k\u0131z arkada\u015f\u0131na yapt\u0131\u011f\u0131 s\u00fcrprizlerle ad\u0131ndan s\u00f6z ettiriyor.<\/p>\n<p>\u00dcnl\u00fc futbolcu k\u0131z arkada\u015f\u0131 Sera Vrij, birlikte ge\u00e7irdikleri anlar\u0131 s\u0131k s\u0131k sosyal medyada payla\u015f\u0131yor.<\/p>\n<p><img loading=\"lazy\" decoding=\"async\" class=\"alignnone wp-image-107530\" src=\"https:\/\/www.tgrthaber.com\/mavikadin\/wp-content\/uploads\/Ferdi-Kadioglu-2.jpg\" alt=\"\" width=\"1208\" height=\"1510\" title=\"\" srcset=\"https:\/\/www.tgrthaber.com\/mavikadin\/wp-content\/uploads\/Ferdi-Kadioglu-2.jpg 1080w, https:\/\/www.tgrthaber.com\/mavikadin\/wp-content\/uploads\/Ferdi-Kadioglu-2-240x300.jpg 240w, https:\/\/www.tgrthaber.com\/mavikadin\/wp-content\/uploads\/Ferdi-Kadioglu-2-819x1024.jpg 819w, https:\/\/www.tgrthaber.com\/mavikadin\/wp-content\/uploads\/Ferdi-Kadioglu-2-768x960.jpg 768w\" sizes=\"(max-width: 1208px) 100vw, 1208px\" \/><\/p>\n<h3>JEST\u0130 SOSYAL MEDYAYI SALLADI<\/h3>\n<p>Hollandal\u0131 g\u00fczellik uzman\u0131 Sera Vrij ile birlikte olan Ferdi Kad\u0131o\u011flu&#8217;nun evlilik haz\u0131rl\u0131\u011f\u0131 yapt\u0131\u011f\u0131 \u00f6ne s\u00fcr\u00fcld\u00fc.<\/p>\n<p>\u015eu s\u0131ralar Londra&#8217;da sevgilisiyle olan Kad\u0131o\u011flu olduk\u00e7a mutlu g\u00f6r\u00fcn\u00fcyor. 28 ya\u015f\u0131na giren k\u0131z arkada\u015f\u0131na unutulmaz bir jest yapan Ferdi Sera\u2019n\u0131n kap\u0131s\u0131na 365 tane g\u00fcl g\u00f6nderdi. K\u0131z arkada\u015f\u0131 da iki koli i\u00e7inde gelen 365 g\u00fcl\u00fc g\u00f6r\u00fcnce ne yapaca\u011f\u0131n\u0131 \u015fa\u015f\u0131rd\u0131.<\/p>\n<p>Bug\u00fcne kadar Dubai&#8217;den \u00c7in&#8217;e, Fransa&#8217;dan \u0130talya&#8217;ya onlarca rotaya birlikte seyahat eden ikilinin takip\u00e7ileri Ferdi ve sevgilisini be\u011feni ya\u011fmuruna tutuyor.<\/p>\n<p><img loading=\"lazy\" decoding=\"async\" class=\"alignnone size-full wp-image-107531\" src=\"https:\/\/www.tgrthaber.com\/mavikadin\/wp-content\/uploads\/Ferdi-Kadioglu-3.webp\" alt=\"\" width=\"480\" height=\"386\" title=\"\" srcset=\"https:\/\/www.tgrthaber.com\/mavikadin\/wp-content\/uploads\/Ferdi-Kadioglu-3.webp 480w, https:\/\/www.tgrthaber.com\/mavikadin\/wp-content\/uploads\/Ferdi-Kadioglu-3-300x241.webp 300w\" sizes=\"(max-width: 480px) 100vw, 480px\" \/><\/p>\n","protected":false},"excerpt":{"rendered":"<p>Mili futbolcu Ferdi Kad\u0131o\u011flu romantikli\u011fi ile g\u00fcndem oldu. Evlilik haz\u0131rl\u0131\u011f\u0131 i\u00e7inde oldu\u011fu s\u00f6ylenen Kad\u0131o\u011flu k\u0131z arkada\u015f\u0131 Sera&#8217;ya do\u011fum g\u00fcn\u00fcnde b\u00fcy\u00fck bir jest yaparak dikkat \u00e7ekti.<\/p>\n","protected":false},"author":5,"featured_media":107532,"comment_status":"closed","ping_status":"closed","sticky":false,"template":"","format":"standard","meta":{"rank_math_lock_modified_date":false,"footnotes":""},"categories":[76],"tags":[4547],"class_list":["post-107528","post","type-post","status-publish","format-standard","has-post-thumbnail","hentry","category-magazin","tag-ferdi-kadioglu"],"_links":{"self":[{"href":"https:\/\/www.tgrthaber.com\/mavikadin\/wp-json\/wp\/v2\/posts\/107528"}],"collection":[{"href":"https:\/\/www.tgrthaber.com\/mavikadin\/wp-json\/wp\/v2\/posts"}],"about":[{"href":"https:\/\/www.tgrthaber.com\/mavikadin\/wp-json\/wp\/v2\/types\/post"}],"author":[{"embeddable":true,"href":"https:\/\/www.tgrthaber.com\/mavikadin\/wp-json\/wp\/v2\/users\/5"}],"replies":[{"embeddable":true,"href":"https:\/\/www.tgrthaber.com\/mavikadin\/wp-json\/wp\/v2\/comments?post=107528"}],"version-history":[{"count":1,"href":"https:\/\/www.tgrthaber.com\/mavikadin\/wp-json\/wp\/v2\/posts\/107528\/revisions"}],"predecessor-version":[{"id":107533,"href":"https:\/\/www.tgrthaber.com\/mavikadin\/wp-json\/wp\/v2\/posts\/107528\/revisions\/107533"}],"wp:featuredmedia":[{"embeddable":true,"href":"https:\/\/www.tgrthaber.com\/mavikadin\/wp-json\/wp\/v2\/media\/107532"}],"wp:attachment":[{"href":"https:\/\/www.tgrthaber.com\/mavikadin\/wp-json\/wp\/v2\/media?parent=107528"}],"wp:term":[{"taxonomy":"category","embeddable":true,"href":"https:\/\/www.tgrthaber.com\/mavikadin\/wp-json\/wp\/v2\/categories?post=107528"},{"taxonomy":"post_tag","embeddable":true,"href":"https:\/\/www.tgrthaber.com\/mavikadin\/wp-json\/wp\/v2\/tags?post=107528"}],"curies":[{"name":"wp","href":"https:\/\/api.w.org\/{rel}","templated":true}]}}