{"id":107632,"date":"2024-12-17T13:29:16","date_gmt":"2024-12-17T10:29:16","guid":{"rendered":"https:\/\/www.tgrthaber.com\/mavikadin\/?p=107632"},"modified":"2024-12-17T13:29:16","modified_gmt":"2024-12-17T10:29:16","slug":"pinar-dilseker-hastaneye-kaldirilan-annesi-icin-yardim-istedi","status":"publish","type":"post","link":"https:\/\/www.tgrthaber.com\/mavikadin\/pinar-dilseker-hastaneye-kaldirilan-annesi-icin-yardim-istedi\/","title":{"rendered":"P\u0131nar Dil\u015feker hastaneye kald\u0131r\u0131lan annesi i\u00e7in yard\u0131m istedi!"},"content":{"rendered":"<p>&#8216;Nar Tanesi&#8217;, &#8216;\u015einanari&#8217;, &#8216;Kural\u0131m yuvam\u0131z\u0131&#8217;, &#8216;Hand\u0131 g\u00f6nl\u00fcm&#8217; isimli par\u00e7alar\u0131yla 90&#8217;l\u0131 y\u0131llara damga vuran en pop\u00fcler \u015fark\u0131c\u0131lardan olan P\u0131nar Dil\u015feker&#8217;in 75 ya\u015f\u0131ndaki annesi Ay\u015fe Dil\u015feker bir anda hastanelik oldu. Fenala\u015fmas\u0131 sonucunda hastaneye kald\u0131r\u0131lan annesi i\u00e7in sosyal medya hesab\u0131nda takip\u00e7ilerinden yard\u0131m isteyen \u015fark\u0131c\u0131 P\u0131nar Dil\u015feker, sevenlerinden dua talep etti.<\/p>\n<h3>PINAR D\u0130L\u015eEKER TAK\u0130P\u00c7\u0130LER\u0130N\u0130N YARDIMINA SI\u011eINDI: &#8221;DUALARINIZI EKS\u0130K ETMEY\u0130N&#8221;<\/h3>\n<p>90&#8217;l\u0131 y\u0131llar\u0131n sevilen \u015fark\u0131c\u0131s\u0131 P\u0131nar Dil\u015feker, &#8216;Ya \u015fafi \u015fu anda hasta olup da senden \u015fifa bekleyen kullar\u0131na \u015fifa ver&#8217; karesini yay\u0131nlay\u0131p , &#8216;Sabah 06.30&#8217;da hastaneye yat\u0131yoruz. Kan i\u015flemlerimizde \u015f\u00fck\u00fcrler olsun tamamland\u0131. Dualar\u0131n\u0131z\u0131 eksik etmeyin dostlar&#8217; notunu d\u00fc\u015ferek sosyal medya hesab\u0131ndan g\u00f6nderi payla\u015f\u0131m\u0131nda bulundu.<\/p>\n<p><img loading=\"lazy\" decoding=\"async\" class=\"alignnone size-full wp-image-107641\" src=\"https:\/\/www.tgrthaber.com\/mavikadin\/wp-content\/uploads\/3333.png\" alt=\"\" width=\"821\" height=\"463\" title=\"\" srcset=\"https:\/\/www.tgrthaber.com\/mavikadin\/wp-content\/uploads\/3333.png 821w, https:\/\/www.tgrthaber.com\/mavikadin\/wp-content\/uploads\/3333-300x169.png 300w, https:\/\/www.tgrthaber.com\/mavikadin\/wp-content\/uploads\/3333-768x433.png 768w\" sizes=\"(max-width: 821px) 100vw, 821px\" \/><\/p>\n<p>Dil\u015feker, payla\u015f\u0131m\u0131n\u0131n devam\u0131nda ise annesinin hastane odas\u0131nda \u00e7ekildi\u011fi foto\u011fraf\u0131n\u0131 yay\u0131nlayarak &#8216;\u0130yi olacaks\u0131n annem&#8217; notunu yazd\u0131. Sevilen \u015fark\u0131c\u0131 P\u0131nar Dil\u015feker&#8217;in annesini payla\u015ft\u0131\u011f\u0131 foto\u011frafa hayranlar\u0131ndan \u00e7ok say\u0131da &#8216;ge\u00e7mi\u015f olsun&#8217; yorumlar\u0131 geldi.<\/p>\n<h3>\u015eARKICI PINAR D\u0130L\u015eEKER KISACA K\u0130MD\u0130R?<\/h3>\n<p>25 Temmuz 2021&#8242; de do\u011fan ve \u015fimdilerde 49 ya\u015f\u0131nda olan \u015fark\u0131c\u0131 P\u0131nar Dil\u015feker, halk aras\u0131nda T\u00fcrk Sanat M\u00fczi\u011fi ve Fantezi m\u00fczik alan\u0131 kategorisinde yorumlad\u0131\u011f\u0131 \u015fark\u0131larla \u00f6ne \u00e7\u0131kan bir ses sanat\u00e7\u0131s\u0131 olarak bilinmektedir.<\/p>\n<p>M\u00fczik e\u011fitimini \u0130T\u00dc T\u00fcrk Musikisi Devlet Konservatuvar\u0131&#8217;nda ba\u015far\u0131l\u0131 bir \u015fekilde bitiren \u015fark\u0131c\u0131 P\u0131nar Dil\u015feker, &#8220;\u015einanari&#8221; isimli par\u00e7as\u0131yla 1990&#8217;l\u0131 y\u0131llar\u0131n ortalar\u0131nda tan\u0131n\u0131r hale geldi.\u00a0<img loading=\"lazy\" decoding=\"async\" class=\"alignnone size-full wp-image-107643\" src=\"https:\/\/www.tgrthaber.com\/mavikadin\/wp-content\/uploads\/966.png\" alt=\"\" width=\"817\" height=\"453\" title=\"\" srcset=\"https:\/\/www.tgrthaber.com\/mavikadin\/wp-content\/uploads\/966.png 817w, https:\/\/www.tgrthaber.com\/mavikadin\/wp-content\/uploads\/966-300x166.png 300w, https:\/\/www.tgrthaber.com\/mavikadin\/wp-content\/uploads\/966-768x426.png 768w\" sizes=\"(max-width: 817px) 100vw, 817px\" \/><\/p>\n<p>\u0130brahim Erkal ile oynad\u0131\u011f\u0131 dizide oyuncu olarak ekranlarda yerini ald\u0131. Ayr\u0131ca \u00fcnl\u00fc t\u00fcrk\u00fcc\u00fc \u0130brahim Tatl\u0131ses&#8217;in &#8220;Allah\u0131m Neydi G\u00fcnah\u0131m?&#8221; isimli klibinin \u00e7ekimlerinde de yer alm\u0131\u015ft\u0131r.<\/p>\n<h3>PINAR D\u0130L\u015eEKER EVL\u0130 M\u0130?<\/h3>\n<p>\u0130lk e\u015finden \u015fiddet ve ge\u00e7imsizlik gibi sebeplerden dolay\u0131 bo\u015fanm\u0131\u015f ve eski e\u015finden bir erkek \u00e7ocu\u011fu vard\u0131r. Daha sonra i\u015f insan\u0131 Ahmet Hamo\u011flu ile ni\u015fanlan\u0131p yine yollar\u0131n\u0131 ay\u0131rm\u0131\u015ft\u0131r.<\/p>\n<h3>PINAR D\u0130L\u015eEKER \u015eARKILARI:<\/h3>\n<p>1995 &#8211; Sana Sahibim<\/p>\n<p>1999 &#8211; Nar Tanesi<\/p>\n<p>2003 &#8211; M\u00fchr\u00fcm\u00fc Verdim<\/p>\n<p>2014 &#8211; Her\u015fey A\u015fkla G\u00fczel<\/p>\n<p>EP \/ Single<\/p>\n<p>2011 &#8211; Tam Zaman\u0131<\/p>\n<p>2019 &#8211; \u015einanari<\/p>\n<p>2019 &#8211; Benden Bu Kadar<\/p>\n","protected":false},"excerpt":{"rendered":"<p>Ses sanat\u00e7\u0131s\u0131 P\u0131nar Dil\u015feker, sosyal medya hesab\u0131ndan hasta olan annesi i\u00e7in takip\u00e7ilerinden dua istedi.<\/p>\n","protected":false},"author":27,"featured_media":107642,"comment_status":"closed","ping_status":"closed","sticky":false,"template":"","format":"standard","meta":{"rank_math_lock_modified_date":false,"footnotes":""},"categories":[101],"tags":[4581,4580,4582],"class_list":["post-107632","post","type-post","status-publish","format-standard","has-post-thumbnail","hentry","category-kesfet","tag-ayse-dilseker","tag-pinar-dilseker","tag-pinar-dilsekerin-annesi"],"_links":{"self":[{"href":"https:\/\/www.tgrthaber.com\/mavikadin\/wp-json\/wp\/v2\/posts\/107632"}],"collection":[{"href":"https:\/\/www.tgrthaber.com\/mavikadin\/wp-json\/wp\/v2\/posts"}],"about":[{"href":"https:\/\/www.tgrthaber.com\/mavikadin\/wp-json\/wp\/v2\/types\/post"}],"author":[{"embeddable":true,"href":"https:\/\/www.tgrthaber.com\/mavikadin\/wp-json\/wp\/v2\/users\/27"}],"replies":[{"embeddable":true,"href":"https:\/\/www.tgrthaber.com\/mavikadin\/wp-json\/wp\/v2\/comments?post=107632"}],"version-history":[{"count":1,"href":"https:\/\/www.tgrthaber.com\/mavikadin\/wp-json\/wp\/v2\/posts\/107632\/revisions"}],"predecessor-version":[{"id":107644,"href":"https:\/\/www.tgrthaber.com\/mavikadin\/wp-json\/wp\/v2\/posts\/107632\/revisions\/107644"}],"wp:featuredmedia":[{"embeddable":true,"href":"https:\/\/www.tgrthaber.com\/mavikadin\/wp-json\/wp\/v2\/media\/107642"}],"wp:attachment":[{"href":"https:\/\/www.tgrthaber.com\/mavikadin\/wp-json\/wp\/v2\/media?parent=107632"}],"wp:term":[{"taxonomy":"category","embeddable":true,"href":"https:\/\/www.tgrthaber.com\/mavikadin\/wp-json\/wp\/v2\/categories?post=107632"},{"taxonomy":"post_tag","embeddable":true,"href":"https:\/\/www.tgrthaber.com\/mavikadin\/wp-json\/wp\/v2\/tags?post=107632"}],"curies":[{"name":"wp","href":"https:\/\/api.w.org\/{rel}","templated":true}]}}