{"id":107714,"date":"2024-12-17T16:03:11","date_gmt":"2024-12-17T13:03:11","guid":{"rendered":"https:\/\/www.tgrthaber.com\/mavikadin\/?p=107714"},"modified":"2024-12-17T16:03:11","modified_gmt":"2024-12-17T13:03:11","slug":"bahar-dizisine-yeni-konuk-oyuncu-geliyor-demet-gul-dizide-jennifer-karakterini-canlandiracak","status":"publish","type":"post","link":"https:\/\/www.tgrthaber.com\/mavikadin\/bahar-dizisine-yeni-konuk-oyuncu-geliyor-demet-gul-dizide-jennifer-karakterini-canlandiracak\/","title":{"rendered":"Bahar dizisine yeni konuk oyuncu geliyor! Demet G\u00fcl dizide Jennifer karakterini canland\u0131racak"},"content":{"rendered":"<p>Show TV ekranlar\u0131n\u0131n ilgiyle takip edilen dizisi Bahar\u2019a yeni konuk oyuncu geliyor. Ba\u015far\u0131l\u0131 oyuncu Demet G\u00fcl, diziye Jennifer Harmanc\u0131 karakteriyle giri\u015f yap\u0131yor. Yo\u011fun bir izleyici kitlesine sahip olan dizide Demet G\u00fcl\u2019\u00fcn sergileyece\u011fi performansta merak ediliyor. Bak\u0131n, ba\u015far\u0131l\u0131 oyuncu Demet G\u00fcl, hangi rolle diziye dahil oluyor\u2026<\/p>\n<h3>BAHAR D\u0130Z\u0130S\u0130NE YEN\u0130 KONUK OYUNCU GEL\u0130YOR!<\/h3>\n<p>Show TV\u2019nin iddial\u0131 dizileri aras\u0131nda yer alan ve yo\u011fun bir izleyici kitlesine sahip olan Bahar dizisine yeni konuk oyuncu geliyor. Hem konusuyla hem de oyuncu kadrosuyla dikkatleri \u00fczerine \u00e7eken Bahar dizisi, izlenme rekorlar\u0131 k\u0131rmaya da devam ediyor. Hem izleyici taraf\u0131ndan hem de sosyal medya kullan\u0131c\u0131lar\u0131 taraf\u0131ndan ilgiyle takip edilen diziye yeni s\u00fcrpriz bir oyuncu geliyor.<\/p>\n<p><img loading=\"lazy\" decoding=\"async\" class=\"alignnone wp-image-107719\" src=\"https:\/\/www.tgrthaber.com\/mavikadin\/wp-content\/uploads\/Adsiz-tasarim-2024-12-17T155548.750-1024x576.jpg\" alt=\"Bahar dizisine yeni konuk oyuncu geliyor! \" width=\"1208\" height=\"680\" title=\"\" srcset=\"https:\/\/www.tgrthaber.com\/mavikadin\/wp-content\/uploads\/Adsiz-tasarim-2024-12-17T155548.750-1024x576.jpg 1024w, https:\/\/www.tgrthaber.com\/mavikadin\/wp-content\/uploads\/Adsiz-tasarim-2024-12-17T155548.750-300x169.jpg 300w, https:\/\/www.tgrthaber.com\/mavikadin\/wp-content\/uploads\/Adsiz-tasarim-2024-12-17T155548.750-768x432.jpg 768w, https:\/\/www.tgrthaber.com\/mavikadin\/wp-content\/uploads\/Adsiz-tasarim-2024-12-17T155548.750-1536x864.jpg 1536w, https:\/\/www.tgrthaber.com\/mavikadin\/wp-content\/uploads\/Adsiz-tasarim-2024-12-17T155548.750.jpg 1600w\" sizes=\"(max-width: 1208px) 100vw, 1208px\" \/><\/p>\n<p>Kore dizisi \u201cDoctor Cha\u201ddan uyarlanan pop\u00fcler dizi Bahar\u2019\u0131n yeni b\u00f6l\u00fcm\u00fcne ba\u015far\u0131l\u0131 bir oyuncu kat\u0131l\u0131yor. \u0130lk sezonuyla reyting rekorlar\u0131na imza atan Bahar, ikinci sezonuyla da seyirciyi ekran ba\u015f\u0131na kilitlemeye devam ediyor. Her hafta ayr\u0131 bir konuyla izleyici kar\u015f\u0131s\u0131na \u00e7\u0131kan Bahar, i\u015fledi\u011fi konularla seyircinin dikkatini \u00e7ekmeyi ba\u015far\u0131yor. Diziye kat\u0131lan yeni konuk oyuncularda dizinin gidi\u015fat\u0131na renk kat\u0131yor.<\/p>\n<h3>DEMET G\u00dcL D\u0130Z\u0130DE JENN\u0130FER KARAKTER\u0130N\u0130 CANLANDIRACAK!<\/h3>\n<p>Her sal\u0131 ak\u015fam\u0131 izleyici ile bulu\u015fan Bahar dizisinin bu ak\u015famki b\u00f6l\u00fcm\u00fcne ba\u015far\u0131l\u0131 oyuncu Demet G\u00fcl, konuk oluyor. Asena B\u00fclb\u00fclo\u011flu\u2019nun yap\u0131mc\u0131l\u0131\u011f\u0131n\u0131 \u00fcstlendi\u011fi ve MFYap\u0131m imzal\u0131 \u201cBahar\u201d dizisinin bu ak\u015famki b\u00f6l\u00fcm\u00fcne Demet G\u00fcl, yurt d\u0131\u015f\u0131nda \u00e7ok bilinen \u00fcnl\u00fc bir mikro cerrahi uzman\u0131 olan Jennifer Harmanc\u0131 karakteriyle konuk oluyor.<\/p>\n<p><img loading=\"lazy\" decoding=\"async\" class=\"alignnone wp-image-107720\" src=\"https:\/\/www.tgrthaber.com\/mavikadin\/wp-content\/uploads\/Adsiz-tasarim-2024-12-17T155757.420-1024x576.jpg\" alt=\"Demet G\u00fcl dizide Jennifer karakterini canland\u0131racak \" width=\"1208\" height=\"680\" title=\"\" srcset=\"https:\/\/www.tgrthaber.com\/mavikadin\/wp-content\/uploads\/Adsiz-tasarim-2024-12-17T155757.420-1024x576.jpg 1024w, https:\/\/www.tgrthaber.com\/mavikadin\/wp-content\/uploads\/Adsiz-tasarim-2024-12-17T155757.420-300x169.jpg 300w, https:\/\/www.tgrthaber.com\/mavikadin\/wp-content\/uploads\/Adsiz-tasarim-2024-12-17T155757.420-768x432.jpg 768w, https:\/\/www.tgrthaber.com\/mavikadin\/wp-content\/uploads\/Adsiz-tasarim-2024-12-17T155757.420-1536x864.jpg 1536w, https:\/\/www.tgrthaber.com\/mavikadin\/wp-content\/uploads\/Adsiz-tasarim-2024-12-17T155757.420.jpg 1600w\" sizes=\"(max-width: 1208px) 100vw, 1208px\" \/><\/p>\n<p>Babas\u0131 T\u00fcrk, annesi Amerikal\u0131 olan Jennifer, \u0130stanbul\u2019a bir kongre i\u00e7in geliyor. Jennifer, Evren\u2019in tedavisi i\u00e7in Bahar\u2019\u0131n ula\u015fmaya \u00e7al\u0131\u015ft\u0131\u011f\u0131 doktor olarak izleyici kar\u015f\u0131s\u0131na \u00e7\u0131kacak.<\/p>\n<p><img loading=\"lazy\" decoding=\"async\" class=\"alignnone wp-image-107721\" src=\"https:\/\/www.tgrthaber.com\/mavikadin\/wp-content\/uploads\/Adsiz-tasarim-2024-12-17T155641.357-1024x576.jpg\" alt=\"Demet G\u00fcl dizide Jennifer karakterini canland\u0131racak \" width=\"1208\" height=\"680\" title=\"\" srcset=\"https:\/\/www.tgrthaber.com\/mavikadin\/wp-content\/uploads\/Adsiz-tasarim-2024-12-17T155641.357-1024x576.jpg 1024w, https:\/\/www.tgrthaber.com\/mavikadin\/wp-content\/uploads\/Adsiz-tasarim-2024-12-17T155641.357-300x169.jpg 300w, https:\/\/www.tgrthaber.com\/mavikadin\/wp-content\/uploads\/Adsiz-tasarim-2024-12-17T155641.357-768x432.jpg 768w, https:\/\/www.tgrthaber.com\/mavikadin\/wp-content\/uploads\/Adsiz-tasarim-2024-12-17T155641.357-1536x864.jpg 1536w, https:\/\/www.tgrthaber.com\/mavikadin\/wp-content\/uploads\/Adsiz-tasarim-2024-12-17T155641.357.jpg 1600w\" sizes=\"(max-width: 1208px) 100vw, 1208px\" \/><\/p>\n<p>Ba\u015far\u0131l\u0131 oyunculu\u011fuyla yabanc\u0131 karakterlere olduk\u00e7a profesyonel bir \u015fekilde can veren Demet G\u00fcl, performans\u0131yla dikkatleri \u00fczerine \u00e7ekiyor. Sempatik tav\u0131rlar\u0131 ve g\u00fc\u00e7l\u00fc performans\u0131yla izleyici kar\u015f\u0131s\u0131na \u00e7\u0131kacak olan ba\u015far\u0131l\u0131 oyuncu G\u00fcl, en son TRT T\u00fcrk\u2019\u00fcn 10 b\u00f6l\u00fcml\u00fck mini dizisi \u201cTemelli Misafir\u201dde Almanya\u2019dan gelen \u201cMeliha\u201d karakterine can vermi\u015fti. G\u00fcl ayn\u0131 zamanda son zamanlarda ad\u0131n\u0131 s\u0131k\u00e7a duydu\u011fumuz \u201cPrens\u201d dizisinin 2. sezonuna konuk oyuncu olarak kat\u0131lm\u0131\u015ft\u0131.<\/p>\n","protected":false},"excerpt":{"rendered":"<p>Show TV ekranlar\u0131n\u0131n ba\u015far\u0131l\u0131 dizileri aras\u0131nda yer alan Bahar, izleyiciler taraf\u0131ndan merakla izlenmeye devam ediyor. \u0130lgiyle takip edilen diziye yeni konuk oyuncu geliyor. \u0130\u015fte ayr\u0131nt\u0131lar\u2026 <\/p>\n","protected":false},"author":26,"featured_media":107725,"comment_status":"closed","ping_status":"closed","sticky":false,"template":"","format":"standard","meta":{"rank_math_lock_modified_date":false,"footnotes":""},"categories":[602],"tags":[614,2452,4597],"class_list":["post-107714","post","type-post","status-publish","format-standard","has-post-thumbnail","hentry","category-diziler","tag-bahar","tag-bahar-dizisi","tag-demet-gul"],"_links":{"self":[{"href":"https:\/\/www.tgrthaber.com\/mavikadin\/wp-json\/wp\/v2\/posts\/107714"}],"collection":[{"href":"https:\/\/www.tgrthaber.com\/mavikadin\/wp-json\/wp\/v2\/posts"}],"about":[{"href":"https:\/\/www.tgrthaber.com\/mavikadin\/wp-json\/wp\/v2\/types\/post"}],"author":[{"embeddable":true,"href":"https:\/\/www.tgrthaber.com\/mavikadin\/wp-json\/wp\/v2\/users\/26"}],"replies":[{"embeddable":true,"href":"https:\/\/www.tgrthaber.com\/mavikadin\/wp-json\/wp\/v2\/comments?post=107714"}],"version-history":[{"count":1,"href":"https:\/\/www.tgrthaber.com\/mavikadin\/wp-json\/wp\/v2\/posts\/107714\/revisions"}],"predecessor-version":[{"id":107727,"href":"https:\/\/www.tgrthaber.com\/mavikadin\/wp-json\/wp\/v2\/posts\/107714\/revisions\/107727"}],"wp:featuredmedia":[{"embeddable":true,"href":"https:\/\/www.tgrthaber.com\/mavikadin\/wp-json\/wp\/v2\/media\/107725"}],"wp:attachment":[{"href":"https:\/\/www.tgrthaber.com\/mavikadin\/wp-json\/wp\/v2\/media?parent=107714"}],"wp:term":[{"taxonomy":"category","embeddable":true,"href":"https:\/\/www.tgrthaber.com\/mavikadin\/wp-json\/wp\/v2\/categories?post=107714"},{"taxonomy":"post_tag","embeddable":true,"href":"https:\/\/www.tgrthaber.com\/mavikadin\/wp-json\/wp\/v2\/tags?post=107714"}],"curies":[{"name":"wp","href":"https:\/\/api.w.org\/{rel}","templated":true}]}}