{"id":107760,"date":"2024-12-17T16:55:40","date_gmt":"2024-12-17T13:55:40","guid":{"rendered":"https:\/\/www.tgrthaber.com\/mavikadin\/?p=107760"},"modified":"2024-12-17T16:55:40","modified_gmt":"2024-12-17T13:55:40","slug":"kan-cicekleri-dizisinin-final-tarihi-kesinlesti-ekranlara-veda-etmeye-hazirlaniyor","status":"publish","type":"post","link":"https:\/\/www.tgrthaber.com\/mavikadin\/kan-cicekleri-dizisinin-final-tarihi-kesinlesti-ekranlara-veda-etmeye-hazirlaniyor\/","title":{"rendered":"Kan \u00c7i\u00e7ekleri dizisinin final tarihi kesinle\u015fti! Ekranlara veda etmeye haz\u0131rlan\u0131yor"},"content":{"rendered":"<p>Ba\u015frollerinde Ya\u011fmur Y\u00fcksel ve Bar\u0131\u015f Bakta\u015f\u2019\u0131n yer ald\u0131\u011f\u0131 Kanal 7 ekranlar\u0131nda izleyici ile bulu\u015fan \u201cKan \u00c7i\u00e7ekleri\u201d dizisinin final tarihi kesinle\u015fti. Son zamanlarda final dedikodular\u0131yla s\u0131k\u00e7a g\u00fcndeme gelen Kan \u00c7i\u00e7ekleri dizisi, ekranlara veda etmeye haz\u0131rlan\u0131yor. Yo\u011fun bir izleyici kitlesine sahip olan Kan \u00c7i\u00e7ekleri\u2019nin ne zaman final yapaca\u011f\u0131 da seyirci taraf\u0131ndan merak ediliyordu. Peki, Kan \u00c7i\u00e7ekleri ne zaman final yapacak ve neden final karar\u0131 al\u0131nd\u0131? \u0130\u015fte Kan \u00c7i\u00e7ekleri\u2019nin final tarihi\u2026<\/p>\n<h3>KAN \u00c7\u0130\u00c7EKLER\u0130 D\u0130Z\u0130S\u0130N\u0130N F\u0130NAL TAR\u0130H\u0130 KES\u0130NLE\u015eT\u0130!<\/h3>\n<p>Ya\u011fmur Y\u00fcksel ve Bar\u0131\u015f Bakta\u015f\u2019\u0131n ba\u015frollerinde yer ald\u0131\u011f\u0131 Kanal 7 ekranlar\u0131n\u0131n sevilen dizisi Kan \u00c7i\u00e7ekleri\u2019nin final tarihi kesinle\u015fti. Son zamanlarda final dedikodular\u0131yla s\u0131k s\u0131k g\u00fcndeme gelen ve yo\u011fun bir izleyici kitlesine sahip olan Kan \u00c7i\u00e7ekleri dizisi, ekranlara veda etmeye haz\u0131rlan\u0131yor.<\/p>\n<p><img loading=\"lazy\" decoding=\"async\" class=\"alignnone wp-image-107762\" src=\"https:\/\/www.tgrthaber.com\/mavikadin\/wp-content\/uploads\/Adsiz-tasarim-2024-12-17T165255.352-1024x576.jpg\" alt=\"Kan \u00c7i\u00e7ekleri dizisinin final tarihi kesinle\u015fti! \" width=\"1208\" height=\"680\" title=\"\" srcset=\"https:\/\/www.tgrthaber.com\/mavikadin\/wp-content\/uploads\/Adsiz-tasarim-2024-12-17T165255.352-1024x576.jpg 1024w, https:\/\/www.tgrthaber.com\/mavikadin\/wp-content\/uploads\/Adsiz-tasarim-2024-12-17T165255.352-300x169.jpg 300w, https:\/\/www.tgrthaber.com\/mavikadin\/wp-content\/uploads\/Adsiz-tasarim-2024-12-17T165255.352-768x432.jpg 768w, https:\/\/www.tgrthaber.com\/mavikadin\/wp-content\/uploads\/Adsiz-tasarim-2024-12-17T165255.352-1536x864.jpg 1536w, https:\/\/www.tgrthaber.com\/mavikadin\/wp-content\/uploads\/Adsiz-tasarim-2024-12-17T165255.352.jpg 1600w\" sizes=\"(max-width: 1208px) 100vw, 1208px\" \/><\/p>\n<p>Ba\u015frollerinde Ya\u011fmur Y\u00fcksel ve Bar\u0131\u015f Bakta\u015f\u2019\u0131n yer ald\u0131\u011f\u0131, Rains Pictures ve Unik Film imzal\u0131 Kanal 7\u2019de ekranlar\u0131nda\u00a0\u00fc\u00e7\u00fcnc\u00fc sezonuyla izleyici kar\u015f\u0131s\u0131na \u00e7\u0131kan Kan \u00c7i\u00e7ekleri dizisinin final b\u00f6l\u00fcm\u00fc kesinle\u015fti. Ya\u011fmur Y\u00fcksel ve Bar\u0131\u015f Bakta\u015f\u2019\u0131n Dilan ve Baran karakterlerine can verdi\u011fi g\u00fcnl\u00fck dizi, di\u011fer g\u00fcnl\u00fck dizilerin \u00f6tesine ge\u00e7erek geni\u015f bir yank\u0131 uyand\u0131rm\u0131\u015ft\u0131. Seyirci taraf\u0131ndan ilgiyle takip edilen ve yo\u011fun bir izleyici kitlesine sahip olan dizi, 434. b\u00f6l\u00fcm\u00fcyle ekranlara veda etmeye haz\u0131rlan\u0131yor.<\/p>\n<h3>KAN \u00c7\u0130\u00c7EKLER\u0130 D\u0130Z\u0130S\u0130N\u0130N F\u0130NAL\u0130 MARD\u0130N\u2019DE GER\u00c7EKLE\u015eECEK!<\/h3>\n<p>Ekranlar\u0131n sevilen dizisi Kan \u00c7i\u00e7ekleri\u2019nin Mardin\u2019de yap\u0131lacak b\u00fcy\u00fck final tarihi belli oldu. Uzun s\u00fcredir final yapaca\u011f\u0131 s\u00f6ylenen dizinin final b\u00f6l\u00fcm\u00fc kesinle\u015fti. Ba\u015frollerini Ya\u011fmur Y\u00fcksel ve Bar\u0131\u015f Bakta\u015f\u2019\u0131n payla\u015ft\u0131\u011f\u0131 Kan \u00c7i\u00e7ekleri dizisi, final tarihinde herhangi bir de\u011fi\u015fiklik olmazsa 17 Ocak\u2019ta ekrana gelecek 434. b\u00f6l\u00fcm\u00fcyle ekrana veda edecek.<\/p>\n<p><img loading=\"lazy\" decoding=\"async\" class=\"alignnone wp-image-107763\" src=\"https:\/\/www.tgrthaber.com\/mavikadin\/wp-content\/uploads\/Adsiz-tasarim-2024-12-17T165204.368-1024x576.jpg\" alt=\"Kan \u00c7i\u00e7ekleri dizisinin final tarihi kesinle\u015fti! \" width=\"1208\" height=\"680\" title=\"\" srcset=\"https:\/\/www.tgrthaber.com\/mavikadin\/wp-content\/uploads\/Adsiz-tasarim-2024-12-17T165204.368-1024x576.jpg 1024w, https:\/\/www.tgrthaber.com\/mavikadin\/wp-content\/uploads\/Adsiz-tasarim-2024-12-17T165204.368-300x169.jpg 300w, https:\/\/www.tgrthaber.com\/mavikadin\/wp-content\/uploads\/Adsiz-tasarim-2024-12-17T165204.368-768x432.jpg 768w, https:\/\/www.tgrthaber.com\/mavikadin\/wp-content\/uploads\/Adsiz-tasarim-2024-12-17T165204.368-1536x864.jpg 1536w, https:\/\/www.tgrthaber.com\/mavikadin\/wp-content\/uploads\/Adsiz-tasarim-2024-12-17T165204.368.jpg 1600w\" sizes=\"(max-width: 1208px) 100vw, 1208px\" \/><\/p>\n<p>\u0130lgiyle takip edilen Kan \u00c7i\u00e7ekleri dizisinin finali Mardin\u2019de ger\u00e7ekle\u015fecek. \u00c7ekimleri 10 g\u00fcn sonra bitecek olan dizinin son 2 g\u00fcn\u00fc Mardin\u2019de ge\u00e7ecek. B\u00f6ylece b\u00fcy\u00fck final sahnesi Mardin\u2019in tarih kokan sokaklar\u0131nda ger\u00e7ekle\u015fecek. B\u00fcy\u00fck finale haz\u0131rlanan dizinin y\u0131ld\u0131z oyuncular\u0131 Bar\u0131\u015f Bakta\u015f ile Ya\u011fmur Y\u00fcksel\u2019in yeni proje g\u00f6r\u00fc\u015fmelerinin ise s\u00fcrd\u00fc\u011f\u00fc s\u00f6yleniyor.<\/p>\n","protected":false},"excerpt":{"rendered":"<p>Kanal 7\u2019nin ilgiyle takip edilen dizisi Kan \u00c7i\u00e7ekleri\u2019nin final tarihi kesinle\u015fti. Son zamanlarda final iddialar\u0131yla g\u00fcndeme gelen dizi, ekranlara veda etmeye haz\u0131rlan\u0131yor. Peki, Kan \u00c7i\u00e7ekleri ne zaman final yapacak, neden final karar\u0131 al\u0131nd\u0131? \u0130\u015fte ayr\u0131nt\u0131lar\u2026 <\/p>\n","protected":false},"author":26,"featured_media":107761,"comment_status":"closed","ping_status":"closed","sticky":false,"template":"","format":"standard","meta":{"rank_math_lock_modified_date":false,"footnotes":""},"categories":[602],"tags":[4611,2301,4612,2282],"class_list":["post-107760","post","type-post","status-publish","format-standard","has-post-thumbnail","hentry","category-diziler","tag-baris-baktas","tag-kan-cicekleri","tag-kan-cicekleri-final","tag-yagmur-yuksel"],"_links":{"self":[{"href":"https:\/\/www.tgrthaber.com\/mavikadin\/wp-json\/wp\/v2\/posts\/107760"}],"collection":[{"href":"https:\/\/www.tgrthaber.com\/mavikadin\/wp-json\/wp\/v2\/posts"}],"about":[{"href":"https:\/\/www.tgrthaber.com\/mavikadin\/wp-json\/wp\/v2\/types\/post"}],"author":[{"embeddable":true,"href":"https:\/\/www.tgrthaber.com\/mavikadin\/wp-json\/wp\/v2\/users\/26"}],"replies":[{"embeddable":true,"href":"https:\/\/www.tgrthaber.com\/mavikadin\/wp-json\/wp\/v2\/comments?post=107760"}],"version-history":[{"count":1,"href":"https:\/\/www.tgrthaber.com\/mavikadin\/wp-json\/wp\/v2\/posts\/107760\/revisions"}],"predecessor-version":[{"id":107764,"href":"https:\/\/www.tgrthaber.com\/mavikadin\/wp-json\/wp\/v2\/posts\/107760\/revisions\/107764"}],"wp:featuredmedia":[{"embeddable":true,"href":"https:\/\/www.tgrthaber.com\/mavikadin\/wp-json\/wp\/v2\/media\/107761"}],"wp:attachment":[{"href":"https:\/\/www.tgrthaber.com\/mavikadin\/wp-json\/wp\/v2\/media?parent=107760"}],"wp:term":[{"taxonomy":"category","embeddable":true,"href":"https:\/\/www.tgrthaber.com\/mavikadin\/wp-json\/wp\/v2\/categories?post=107760"},{"taxonomy":"post_tag","embeddable":true,"href":"https:\/\/www.tgrthaber.com\/mavikadin\/wp-json\/wp\/v2\/tags?post=107760"}],"curies":[{"name":"wp","href":"https:\/\/api.w.org\/{rel}","templated":true}]}}