{"id":107817,"date":"2024-12-17T20:20:18","date_gmt":"2024-12-17T17:20:18","guid":{"rendered":"https:\/\/www.tgrthaber.com\/mavikadin\/?p=107817"},"modified":"2024-12-17T20:30:20","modified_gmt":"2024-12-17T17:30:20","slug":"masterchef-sampiyonu-metin-yavuz-evli-mi-isi-memleketi-ve-yasi-arastiriliyor","status":"publish","type":"post","link":"https:\/\/www.tgrthaber.com\/mavikadin\/masterchef-sampiyonu-metin-yavuz-evli-mi-isi-memleketi-ve-yasi-arastiriliyor\/","title":{"rendered":"MasterChef \u015fampiyonu Metin Yavuz evli mi? \u0130\u015fi, memleketi ve ya\u015f\u0131 ara\u015ft\u0131r\u0131l\u0131yor!"},"content":{"rendered":"<p class=\"p1\">MasterChef T\u00fcrkiye&#8217;nin 17 Aral\u0131k Sal\u0131 g\u00fcn\u00fc yay\u0131nlanacak yeni b\u00f6l\u00fcm\u00fcnde, 2022 MasterChef \u015fampiyonu Metin Yavuz konuk olarak ekranlara geliyor. Yavuz, bu b\u00f6l\u00fcmde yar\u0131\u015fmac\u0131lar\u0131n haz\u0131rlad\u0131\u011f\u0131 tabaklar\u0131 de\u011ferlendirerek, deneyimini izleyicilerle payla\u015facak. Peki, MasterChef&#8217;in eski \u015fampiyonu Metin Yavuz kimdir? Gen\u00e7 ya\u015fta a\u015f\u00e7\u0131l\u0131\u011fa olan ilgisiyle dikkat \u00e7eken Yavuz, ba\u015far\u0131lar\u0131yla kendini kan\u0131tlam\u0131\u015f bir isim. Yavuz\u2019un kariyerindeki \u00f6nemli ad\u0131mlar ve hayat\u0131na dair merak edilenler, \u015fampiyonun bu \u00f6zel b\u00f6l\u00fcmdeki performans\u0131yla birlikte yeniden g\u00fcndemde olacak. Peki MasterChef Metin Yavuz kimdir, evli mi? Memleketi ve i\u015fi ara\u015ft\u0131r\u0131l\u0131yor. \u0130\u015fte merak edilen sorular\u0131n cevaplar\u0131\u2026<\/p>\n<h3 class=\"p1\">MASTERCHEF \u015eAMP\u0130YONLARI HEYECANI \u0130K\u0130 KATINA \u00c7IKARIYOR<span class=\"Apple-converted-space\">\u00a0<\/span><\/h3>\n<p class=\"p1\">MasterChef T\u00fcrkiye\u2019de heyecan doruk noktas\u0131na ula\u015fm\u0131\u015fken, yar\u0131\u015fman\u0131n bireysel a\u015famaya ge\u00e7mesiyle birlikte rekabet iyice k\u0131z\u0131\u015ft\u0131. \u015eimdiye kadar bir\u00e7ok yetenekli \u015fefin yar\u0131\u015ft\u0131\u011f\u0131 bu platformda, finalin yakla\u015fmas\u0131yla birlikte izleyiciler de daha fazla merak i\u00e7inde. \u00d6nceki sezonlar\u0131n \u015fampiyonlar\u0131 ve ba\u015far\u0131l\u0131 yar\u0131\u015fmac\u0131lar\u0131, programa konuk olarak kat\u0131larak hem ge\u00e7mi\u015fteki an\u0131lar\u0131n\u0131 tazeliyor hem de g\u00fcn\u00fcm\u00fcz yar\u0131\u015fmac\u0131lar\u0131na kritik tavsiyeler sunuyor. Bu \u00f6zel kat\u0131l\u0131mlar, yar\u0131\u015fmaya renk katarken, yar\u0131\u015fmac\u0131lar i\u00e7in de olduk\u00e7a \u00f6\u011fretici bir deneyim sunuyor.<\/p>\n<p><img loading=\"lazy\" decoding=\"async\" class=\"alignnone wp-image-107826 size-full\" src=\"https:\/\/www.tgrthaber.com\/mavikadin\/wp-content\/uploads\/metin-yavuz-kimdir.png\" alt=\"metin yavuz\" width=\"1208\" height=\"720\" title=\"\" srcset=\"https:\/\/www.tgrthaber.com\/mavikadin\/wp-content\/uploads\/metin-yavuz-kimdir.png 1208w, https:\/\/www.tgrthaber.com\/mavikadin\/wp-content\/uploads\/metin-yavuz-kimdir-300x179.png 300w, https:\/\/www.tgrthaber.com\/mavikadin\/wp-content\/uploads\/metin-yavuz-kimdir-1024x610.png 1024w, https:\/\/www.tgrthaber.com\/mavikadin\/wp-content\/uploads\/metin-yavuz-kimdir-768x458.png 768w\" sizes=\"(max-width: 1208px) 100vw, 1208px\" \/><\/p>\n<p class=\"p1\">Yar\u0131\u015fmac\u0131lar\u0131n hem mutfak becerilerini geli\u015ftirdi\u011fi hem de g\u00fc\u00e7l\u00fc bir rekabet ortam\u0131nda kendilerini g\u00f6sterdi\u011fi bu d\u00f6nemde, eski \u015fampiyonlar\u0131n konuk olmas\u0131 b\u00fcy\u00fck bir anlam ta\u015f\u0131yor. Onlar\u0131n deneyimlerinden faydalanan gen\u00e7 \u015fefler, kariyerlerinde yeni bir ad\u0131m atmak i\u00e7in \u00f6nemli bir f\u0131rsat yakal\u0131yor. Bu konuk kat\u0131l\u0131mlar, izleyicilere de ge\u00e7mi\u015f sezonlardan tan\u0131d\u0131k isimlerin bir araya geldi\u011fi anlar sunarak, heyecan\u0131 iki kat\u0131na \u00e7\u0131kar\u0131yor.<\/p>\n<h3 class=\"p1\">MET\u0130N YAVUZ EVL\u0130 M\u0130, ASLEN NEREL\u0130?<\/h3>\n<p class=\"p1\">Metin Yavuz, MasterChef T\u00fcrkiye 2022 sezonunun \u015fampiyonu olarak ad\u0131n\u0131 gastronomi d\u00fcnyas\u0131nda sa\u011flam bir \u015fekilde duyurdu. Bolu Mengenli olan Yavuz, 2014 y\u0131l\u0131ndan itibaren profesyonel a\u015f\u00e7\u0131l\u0131k yaparak mutfak d\u00fcnyas\u0131nda kendine sa\u011flam bir yer edindi. Aile k\u00f6klerinden gelen mutfak gelene\u011fini s\u00fcrd\u00fcren ba\u015far\u0131l\u0131 \u015fef, a\u015f\u00e7\u0131 bir baba ve dedenin torunu olarak mutfakla erken ya\u015flarda tan\u0131\u015ft\u0131. Yavuz, lezzetleriyle oldu\u011fu kadar \u00f6zg\u00fcn tarifleriyle de dikkat \u00e7ekiyor ve kendi restoran\u0131nda bu tutkuyu tatmin etmek i\u00e7in \u00e7al\u0131\u015fmaya devam ediyor.<\/p>\n<p><img loading=\"lazy\" decoding=\"async\" class=\"alignnone wp-image-107827 size-full\" src=\"https:\/\/www.tgrthaber.com\/mavikadin\/wp-content\/uploads\/metin-yavuz-kimdir-1.png\" alt=\"metin yavuz\" width=\"1208\" height=\"720\" title=\"\" srcset=\"https:\/\/www.tgrthaber.com\/mavikadin\/wp-content\/uploads\/metin-yavuz-kimdir-1.png 1208w, https:\/\/www.tgrthaber.com\/mavikadin\/wp-content\/uploads\/metin-yavuz-kimdir-1-300x179.png 300w, https:\/\/www.tgrthaber.com\/mavikadin\/wp-content\/uploads\/metin-yavuz-kimdir-1-1024x610.png 1024w, https:\/\/www.tgrthaber.com\/mavikadin\/wp-content\/uploads\/metin-yavuz-kimdir-1-768x458.png 768w\" sizes=\"(max-width: 1208px) 100vw, 1208px\" \/><\/p>\n<p class=\"p1\">MasterChef T\u00fcrkiye 2022\u2019de sergiledi\u011fi ba\u015far\u0131 ile ka\u015f\u0131\u011f\u0131 kazanan ilk yar\u0131\u015fmac\u0131 olarak haf\u0131zalara kaz\u0131nan Metin Yavuz, yar\u0131\u015fma boyunca g\u00f6sterdi\u011fi \u00fcst\u00fcn performansla b\u00fcy\u00fck takdir toplad\u0131. Yar\u0131\u015fma s\u0131ras\u0131nda ni\u015fanl\u0131 olan Yavuz, 2023 y\u0131l\u0131nda Ecem Eseler ile evlenerek hem kariyerindeki zirvesine ula\u015fm\u0131\u015f hem de ki\u015fisel hayat\u0131nda yeni bir d\u00f6neme ad\u0131m atm\u0131\u015ft\u0131r. Kendi mutfa\u011f\u0131nda g\u00f6sterdi\u011fi ba\u015far\u0131y\u0131, mutlu ailesiyle birlikte ya\u015famaya devam eden Yavuz, gastronomi d\u00fcnyas\u0131nda parlayan bir y\u0131ld\u0131z olmaya devam ediyor.<\/p>\n<p>&nbsp;<\/p>\n<p class=\"p1\">\n","protected":false},"excerpt":{"rendered":"<p>TV8 ekranlar\u0131nda izleyicilerle bulu\u015fan MasterChef All Star, heyecan dolu yeni d\u00f6nemiyle izleyicileri ekran ba\u015f\u0131na kilitliyor. Bu sezonda eski \u015fampiyonlar yeniden yar\u0131\u015fmaya kat\u0131l\u0131yor ve Metin Yavuz da bu kadroda yer al\u0131yor. MasterChef\u2019in ba\u015far\u0131l\u0131 eski \u015fampiyonlar\u0131ndan biri olan Yavuz, izleyicilerin ilgisini yeniden \u00e7ekiyor. Peki, Metin Yavuz kimdir, evli mi? Ya\u015f\u0131 ve memleketi merak ediliyor. \u0130\u015fte cevab\u0131\u2026 <\/p>\n","protected":false},"author":16,"featured_media":107828,"comment_status":"closed","ping_status":"closed","sticky":false,"template":"","format":"standard","meta":{"rank_math_lock_modified_date":false,"footnotes":""},"categories":[491],"tags":[4633,4634,4632],"class_list":["post-107817","post","type-post","status-publish","format-standard","has-post-thumbnail","hentry","category-biyografi","tag-masterchef-metin-yavuz-evli-mi","tag-masterchef-metin-yavuz-kac-yasinda","tag-masterchef-sampiyonu-metin-yavuz-kimdir"],"_links":{"self":[{"href":"https:\/\/www.tgrthaber.com\/mavikadin\/wp-json\/wp\/v2\/posts\/107817"}],"collection":[{"href":"https:\/\/www.tgrthaber.com\/mavikadin\/wp-json\/wp\/v2\/posts"}],"about":[{"href":"https:\/\/www.tgrthaber.com\/mavikadin\/wp-json\/wp\/v2\/types\/post"}],"author":[{"embeddable":true,"href":"https:\/\/www.tgrthaber.com\/mavikadin\/wp-json\/wp\/v2\/users\/16"}],"replies":[{"embeddable":true,"href":"https:\/\/www.tgrthaber.com\/mavikadin\/wp-json\/wp\/v2\/comments?post=107817"}],"version-history":[{"count":3,"href":"https:\/\/www.tgrthaber.com\/mavikadin\/wp-json\/wp\/v2\/posts\/107817\/revisions"}],"predecessor-version":[{"id":107831,"href":"https:\/\/www.tgrthaber.com\/mavikadin\/wp-json\/wp\/v2\/posts\/107817\/revisions\/107831"}],"wp:featuredmedia":[{"embeddable":true,"href":"https:\/\/www.tgrthaber.com\/mavikadin\/wp-json\/wp\/v2\/media\/107828"}],"wp:attachment":[{"href":"https:\/\/www.tgrthaber.com\/mavikadin\/wp-json\/wp\/v2\/media?parent=107817"}],"wp:term":[{"taxonomy":"category","embeddable":true,"href":"https:\/\/www.tgrthaber.com\/mavikadin\/wp-json\/wp\/v2\/categories?post=107817"},{"taxonomy":"post_tag","embeddable":true,"href":"https:\/\/www.tgrthaber.com\/mavikadin\/wp-json\/wp\/v2\/tags?post=107817"}],"curies":[{"name":"wp","href":"https:\/\/api.w.org\/{rel}","templated":true}]}}