{"id":107836,"date":"2024-12-17T21:13:48","date_gmt":"2024-12-17T18:13:48","guid":{"rendered":"https:\/\/www.tgrthaber.com\/mavikadin\/?p=107836"},"modified":"2024-12-23T22:39:56","modified_gmt":"2024-12-23T19:39:56","slug":"cagatay-ulusoyun-sevgilisi-aslihan-malbora-kimdir-hangi-dizilerde-oynadi-kimin-kizi","status":"publish","type":"post","link":"https:\/\/www.tgrthaber.com\/mavikadin\/cagatay-ulusoyun-sevgilisi-aslihan-malbora-kimdir-hangi-dizilerde-oynadi-kimin-kizi\/","title":{"rendered":"\u00c7a\u011fatay Ulusoy&#8217;un sevgilisi Asl\u0131han Malbora kimdir? Hangi dizilerde oynad\u0131, kimin k\u0131z\u0131?"},"content":{"rendered":"<p class=\"p1\">\u00c7a\u011fatay Ulusoy, son d\u00f6nemde en \u00e7ok konu\u015fulan isimlerden biri haline geldi. Ba\u015frol\u00fcnde yer alaca\u011f\u0131 &#8216;E\u015fref R\u00fcya&#8217; dizisinin haz\u0131rl\u0131klar\u0131yla g\u00fcndemde olan oyuncu, bu kez \u00f6zel hayat\u0131yla da dikkatleri \u00fczerine \u00e7ekti. Ulusoy, kalbini K\u00fcbra dizisindeki partneri Asl\u0131han Malbora\u2019ya kapt\u0131rarak, y\u0131l\u0131n son a\u015fk haberini de duyurmu\u015f oldu. Bu geli\u015fmenin ard\u0131ndan Asl\u0131han Malbora, sosyal medyada en \u00e7ok aranan isimlerden biri haline geldi. Hem profesyonel kariyerindeki ba\u015far\u0131lar\u0131yla hem de \u00f6zel hayat\u0131ndaki geli\u015fmelerle g\u00fcndeme gelen Malbora, \u015fimdiden merak konusu oldu. Peki, Asl\u0131han Malbora kimdir? Aslen nerelidir? Ka\u00e7 ya\u015f\u0131ndad\u0131r? \u0130\u015fte Asl\u0131han Malbora hakk\u0131nda merak edilen her \u015fey\u2026<span class=\"Apple-converted-space\">\u00a0<\/span><\/p>\n<h3 class=\"p1\">\u00c7A\u011eATAY ULUSOY VE ASLIHAN MALBORA A\u015eK MI YA\u015eIYOR?<\/h3>\n<p class=\"p1\">\u00c7a\u011fatay Ulusoy, son d\u00f6nemin en \u00e7ok konu\u015fulan isimlerinden biri olmaya devam ediyor. Ba\u015frol\u00fcnde yer alaca\u011f\u0131 <i>E\u015fref R\u00fcya<\/i> dizisinin haz\u0131rl\u0131klar\u0131 s\u00fcrerken, bu kez \u00f6zel hayat\u0131yla g\u00fcndeme geldi. Ulusoy, kalbini K\u00fcbra dizisindeki partneri Asl\u0131han Malbora\u2019ya kapt\u0131rarak, a\u015fk hayat\u0131na dair \u00f6nemli bir geli\u015fmeyi duyurmu\u015f oldu. Bu a\u00e7\u0131klaman\u0131n ard\u0131ndan Asl\u0131han Malbora, internette en \u00e7ok ara\u015ft\u0131r\u0131lan isimlerden biri haline geldi. Peki, Asl\u0131han Malbora kimdir? Hangi projelerde yer ald\u0131? Bu sorular\u0131n cevab\u0131n\u0131 arayanlar, oyuncunun hayat\u0131na dair daha fazla bilgi edinmek istiyor.<\/p>\n<p><img loading=\"lazy\" decoding=\"async\" class=\"alignnone wp-image-107842 size-full\" src=\"https:\/\/www.tgrthaber.com\/mavikadin\/wp-content\/uploads\/aslihan-malbora-kimdir-.png\" alt=\"asl\u0131han malbora kimdir \" width=\"1208\" height=\"720\" title=\"\" srcset=\"https:\/\/www.tgrthaber.com\/mavikadin\/wp-content\/uploads\/aslihan-malbora-kimdir-.png 1208w, https:\/\/www.tgrthaber.com\/mavikadin\/wp-content\/uploads\/aslihan-malbora-kimdir--300x179.png 300w, https:\/\/www.tgrthaber.com\/mavikadin\/wp-content\/uploads\/aslihan-malbora-kimdir--1024x610.png 1024w, https:\/\/www.tgrthaber.com\/mavikadin\/wp-content\/uploads\/aslihan-malbora-kimdir--768x458.png 768w\" sizes=\"(max-width: 1208px) 100vw, 1208px\" \/><\/p>\n<p class=\"p1\">Son olarak <i>Yaban \u00c7i\u00e7ekleri<\/i> dizisinde &#8220;Ela&#8221; karakterini oynayan Asl\u0131han Malbora, ba\u015far\u0131s\u0131yla dikkatleri \u00fczerine \u00e7ekti. \u0130nternetteki aramalarda, \u201cAsl\u0131han Malbora kimdir?\u201d ve \u201cAsl\u0131han Malbora nereli?\u201d gibi sorular \u00f6ne \u00e7\u0131karken, oyuncunun hayat\u0131 ve kariyerine dair detaylar merak ediliyor. Hem projeleriyle b\u00fcy\u00fck be\u011feni toplayan hem de ki\u015fisel hayat\u0131yla g\u00fcndemdeki yerini peki\u015ftiren Malbora, \u015fimdiden pek \u00e7ok ki\u015finin ilgisini \u00e7ekmeyi ba\u015fard\u0131.<\/p>\n<h3>ASLIHAN MALBORA K\u0130MD\u0130R, KA\u00c7 YA\u015eINDA?<\/h3>\n<p class=\"p1\">Asl\u0131han Malbora, 1 Mart 1995 tarihinde Afyonkarahisar\u2019da d\u00fcnyaya gelmi\u015f, 26 ya\u015f\u0131nda bir dizi ve sinema oyuncusudur. Boyu 1,63 cm olan Asl\u0131han, gen\u00e7 ya\u015f\u0131na ra\u011fmen \u00f6nemli projelerde yer alarak ad\u0131n\u0131 duyurmu\u015ftur. \u0130stanbul Teknik \u00dcniversitesi\u2019nde G\u0131da M\u00fchendisli\u011fi ve Kimya M\u00fchendisli\u011fi b\u00f6l\u00fcmlerinde e\u011fitim al\u0131rken, bir yandan da oyunculuk tutkusunu takip etmeyi ihmal etmemi\u015ftir. \u00dcniversite hayat\u0131n\u0131n yan\u0131 s\u0131ra profesyonel oyunculuk e\u011fitimi alarak bu alandaki yetkinli\u011fini geli\u015ftiren Asl\u0131han Malbora, oyunculuk kariyerine sa\u011flam bir temel atm\u0131\u015ft\u0131r.<\/p>\n<p><img loading=\"lazy\" decoding=\"async\" class=\"alignnone wp-image-107843 size-full\" src=\"https:\/\/www.tgrthaber.com\/mavikadin\/wp-content\/uploads\/aslihan-malbora-kimdir.-.png\" alt=\"asl\u0131han malbora. \" width=\"1208\" height=\"720\" title=\"\" srcset=\"https:\/\/www.tgrthaber.com\/mavikadin\/wp-content\/uploads\/aslihan-malbora-kimdir.-.png 1208w, https:\/\/www.tgrthaber.com\/mavikadin\/wp-content\/uploads\/aslihan-malbora-kimdir.--300x179.png 300w, https:\/\/www.tgrthaber.com\/mavikadin\/wp-content\/uploads\/aslihan-malbora-kimdir.--1024x610.png 1024w, https:\/\/www.tgrthaber.com\/mavikadin\/wp-content\/uploads\/aslihan-malbora-kimdir.--768x458.png 768w\" sizes=\"(max-width: 1208px) 100vw, 1208px\" \/><\/p>\n<h3>ASLIHAN MALBORA HANG\u0130 D\u0130Z\u0130LERDE OYNADI?<\/h3>\n<p class=\"p1\">Asl\u0131han Malbora&#8217;n\u0131n rol ald\u0131\u011f\u0131 diziler s\u0131ras\u0131yla \u015funlard\u0131r:<\/p>\n<p>Ge\u00e7en Yaz<\/p>\n<p>Aile H\u00fck\u00fcmeti<\/p>\n<p>Her Yerde Sen<\/p>\n<p>A\u011flama Anne Oluversin Gari<\/p>\n<p>Gel Dese A\u015fk<\/p>\n<p>Kalbimin Sultan\u0131<\/p>\n<p>Seven Ne Yapmaz<\/p>\n<p>Yaban \u00c7i\u00e7ekleri<\/p>\n","protected":false},"excerpt":{"rendered":"<p>\u00c7a\u011fatay Ulusoy, son d\u00f6nemdeki projeleri ve \u00f6zel hayat\u0131yla dikkat \u00e7ekmeye devam ediyor. Ba\u015frol\u00fcnde yer alaca\u011f\u0131 &#8220;E\u015fref R\u00fcya&#8221; dizisiyle g\u00fcndemde olan Ulusoy, kalbini K\u00fcbra dizisindeki partneri Asl\u0131han Malbora&#8217;ya kapt\u0131rarak b\u00fcy\u00fck bir a\u015fk bombas\u0131 patlatt\u0131. Bu haberin ard\u0131ndan Asl\u0131han Malbora, sosyal medya \u00fczerinden en \u00e7ok aranan isimlerden biri haline geldi. Hem kariyerindeki ba\u015far\u0131lara hem de \u00f6zel hayat\u0131ndaki geli\u015fmelere odaklanan Malbora, \u015fimdiden bir\u00e7ok ki\u015fi taraf\u0131ndan merak ediliyor. Peki, Asl\u0131han Malbora kimdir? Nereli ve ka\u00e7 ya\u015f\u0131nda? \u0130\u015fte Asl\u0131han Malbora hakk\u0131nda merak edilen t\u00fcm detaylar\u2026<\/p>\n","protected":false},"author":16,"featured_media":107844,"comment_status":"closed","ping_status":"closed","sticky":false,"template":"","format":"standard","meta":{"rank_math_lock_modified_date":false,"footnotes":""},"categories":[491],"tags":[4639,4637,4636,4638],"class_list":["post-107836","post","type-post","status-publish","format-standard","has-post-thumbnail","hentry","category-biyografi","tag-aslihan-malbora-dizileri","tag-aslihan-malbora-kac-yasinda","tag-aslihan-malbora-kimdir","tag-aslihan-malbora-nereli"],"_links":{"self":[{"href":"https:\/\/www.tgrthaber.com\/mavikadin\/wp-json\/wp\/v2\/posts\/107836"}],"collection":[{"href":"https:\/\/www.tgrthaber.com\/mavikadin\/wp-json\/wp\/v2\/posts"}],"about":[{"href":"https:\/\/www.tgrthaber.com\/mavikadin\/wp-json\/wp\/v2\/types\/post"}],"author":[{"embeddable":true,"href":"https:\/\/www.tgrthaber.com\/mavikadin\/wp-json\/wp\/v2\/users\/16"}],"replies":[{"embeddable":true,"href":"https:\/\/www.tgrthaber.com\/mavikadin\/wp-json\/wp\/v2\/comments?post=107836"}],"version-history":[{"count":5,"href":"https:\/\/www.tgrthaber.com\/mavikadin\/wp-json\/wp\/v2\/posts\/107836\/revisions"}],"predecessor-version":[{"id":111315,"href":"https:\/\/www.tgrthaber.com\/mavikadin\/wp-json\/wp\/v2\/posts\/107836\/revisions\/111315"}],"wp:featuredmedia":[{"embeddable":true,"href":"https:\/\/www.tgrthaber.com\/mavikadin\/wp-json\/wp\/v2\/media\/107844"}],"wp:attachment":[{"href":"https:\/\/www.tgrthaber.com\/mavikadin\/wp-json\/wp\/v2\/media?parent=107836"}],"wp:term":[{"taxonomy":"category","embeddable":true,"href":"https:\/\/www.tgrthaber.com\/mavikadin\/wp-json\/wp\/v2\/categories?post=107836"},{"taxonomy":"post_tag","embeddable":true,"href":"https:\/\/www.tgrthaber.com\/mavikadin\/wp-json\/wp\/v2\/tags?post=107836"}],"curies":[{"name":"wp","href":"https:\/\/api.w.org\/{rel}","templated":true}]}}