{"id":107837,"date":"2024-12-17T20:54:32","date_gmt":"2024-12-17T17:54:32","guid":{"rendered":"https:\/\/www.tgrthaber.com\/mavikadin\/?p=107837"},"modified":"2024-12-17T20:54:32","modified_gmt":"2024-12-17T17:54:32","slug":"cagatay-ulusoy-ve-aslihan-malbora-ask-mi-yasiyor-2024-yilinin-son-ask-bombasi","status":"publish","type":"post","link":"https:\/\/www.tgrthaber.com\/mavikadin\/cagatay-ulusoy-ve-aslihan-malbora-ask-mi-yasiyor-2024-yilinin-son-ask-bombasi\/","title":{"rendered":"\u00c7a\u011fatay Ulusoy ve Asl\u0131han Malbora a\u015fk m\u0131 ya\u015f\u0131yor? 2024 y\u0131l\u0131n\u0131n son a\u015fk bombas\u0131"},"content":{"rendered":"<p>Demet \u00d6zdemir ile E\u015fref R\u00fcya dizisi i\u00e7in el s\u0131k\u0131\u015fan \u00c7a\u011fatay Ulusoy hakk\u0131nda \u00e7ok konu\u015fulacak bir haber g\u00fcndeme geldi. \u00dcnl\u00fc ismin eski rol arkada\u015f\u0131 Asl\u0131han Malbora ile a\u015fk ya\u015fad\u0131\u011f\u0131 ortaya \u00e7\u0131kt\u0131.<\/p>\n<h3>YILIN A\u015eK BOMBASINI \u00c7A\u011eATAY ULUSOY VE ASLIHAN MALBORA PATLATTI<\/h3>\n<p>\u00c7a\u011fatay Ulusoy, \u015fu s\u0131ralar Ulu\u00e7 Bayraktar\u2019\u0131n y\u00f6netece\u011fi yeni yap\u0131m\u0131 E\u015fref R\u00fcya i\u00e7in haz\u0131rl\u0131k yap\u0131yor. Kanal D\u2019de yay\u0131mlanacak dizide bu ak\u015fam Demet \u00d6zdemir ile ba\u015frol\u00fc payla\u015faca\u011f\u0131 kesinle\u015fen Ulusoy\u2019un \u00f6zel hayat\u0131nda da yo\u011fun g\u00fcnler ge\u00e7iriliyor.<\/p>\n<p>Ba\u015far\u0131l\u0131 oyuncunun g\u00f6nl\u00fcn\u00fc K\u00fcbra dizisindeki rol arkada\u015f\u0131 Asl\u0131han Malbora&#8217;ya kapt\u0131rd\u0131\u011f\u0131 duyuruldu. \u00dcnl\u00fc isimlerin, hen\u00fcz ba\u015flang\u0131\u00e7 a\u015famas\u0131nda olan ili\u015fkiyi, \u015fu an i\u00e7in g\u00f6zlerden uzak bir \u015fekilde s\u00fcrd\u00fcrmek istedi\u011fi \u00f6\u011frenildi. Hem \u00c7a\u011fatay Ulusoy hem de Asl\u0131han Malbora, uzun s\u00fcreli ili\u015fkilerini sonland\u0131rm\u0131\u015flard\u0131.<\/p>\n<figure id=\"attachment_107838\" aria-describedby=\"caption-attachment-107838\" style=\"width: 1208px\" class=\"wp-caption alignnone\"><img loading=\"lazy\" decoding=\"async\" class=\"wp-image-107838 size-full\" src=\"https:\/\/www.tgrthaber.com\/mavikadin\/wp-content\/uploads\/qwbb-1.jpg\" alt=\"\u00c7a\u011fatay Ulusoy ile Asl\u0131han Malbora\" width=\"1208\" height=\"680\" title=\"\" srcset=\"https:\/\/www.tgrthaber.com\/mavikadin\/wp-content\/uploads\/qwbb-1.jpg 1208w, https:\/\/www.tgrthaber.com\/mavikadin\/wp-content\/uploads\/qwbb-1-300x169.jpg 300w, https:\/\/www.tgrthaber.com\/mavikadin\/wp-content\/uploads\/qwbb-1-1024x576.jpg 1024w, https:\/\/www.tgrthaber.com\/mavikadin\/wp-content\/uploads\/qwbb-1-768x432.jpg 768w\" sizes=\"(max-width: 1208px) 100vw, 1208px\" \/><figcaption id=\"caption-attachment-107838\" class=\"wp-caption-text\">\u00c7a\u011fatay Ulusoy ile Asl\u0131han Malbora<\/figcaption><\/figure>\n<h3>ASLIHAN MALBORA K\u0130MD\u0130R?<\/h3>\n<p>27 Mart 1995 tarihinde Afyonkarahisar&#8217;da d\u00fcnyaya geldi. \u0130lk\u00f6\u011fretim ve orta\u00f6\u011fretim e\u011fitimini Afyonkarahisar&#8217;da tamamlad\u0131. Y\u00fcksek\u00f6\u011frenimine devam etmek i\u00e7in 2012 y\u0131l\u0131nda \u0130stanbul&#8217;a yerle\u015fti ve \u0130stanbul Teknik \u00dcniversitesi&#8217;nde G\u0131da ve Kimya M\u00fchendisli\u011fi b\u00f6l\u00fcmlerinde \u00f6\u011frenim g\u00f6rd\u00fc. G\u0131da M\u00fchendisli\u011fi b\u00f6l\u00fcm\u00fcnden mezun oldu.<\/p>\n<figure id=\"attachment_107839\" aria-describedby=\"caption-attachment-107839\" style=\"width: 1208px\" class=\"wp-caption alignnone\"><img loading=\"lazy\" decoding=\"async\" class=\"wp-image-107839 size-full\" src=\"https:\/\/www.tgrthaber.com\/mavikadin\/wp-content\/uploads\/qwx-1.jpg\" alt=\"\u00c7a\u011fatay Ulusoy ve E\u015fref R\u00fcya dizisinde ba\u015frol oynayaca\u011f\u0131 Demet \u00d6zdemir\" width=\"1208\" height=\"680\" title=\"\" srcset=\"https:\/\/www.tgrthaber.com\/mavikadin\/wp-content\/uploads\/qwx-1.jpg 1208w, https:\/\/www.tgrthaber.com\/mavikadin\/wp-content\/uploads\/qwx-1-300x169.jpg 300w, https:\/\/www.tgrthaber.com\/mavikadin\/wp-content\/uploads\/qwx-1-1024x576.jpg 1024w, https:\/\/www.tgrthaber.com\/mavikadin\/wp-content\/uploads\/qwx-1-768x432.jpg 768w\" sizes=\"(max-width: 1208px) 100vw, 1208px\" \/><figcaption id=\"caption-attachment-107839\" class=\"wp-caption-text\">\u00c7a\u011fatay Ulusoy ve E\u015fref R\u00fcya dizisinde ba\u015frol oynayaca\u011f\u0131 Demet \u00d6zdemir<\/figcaption><\/figure>\n<p>\u00dcniversite y\u0131llar\u0131nda oyunculuk e\u011fitimi almaya karar verdi ve Akademi 35.5 Sanat Evi&#8217;nde bir y\u0131l boyunca temel oyunculuk, hareket ve sahne dersleri ald\u0131.<\/p>\n<p>Oyunculuk kariyerine 2017 y\u0131l\u0131nda yay\u0131mlanan Seven Ne Yapmaz dizisinde Zeynep karakterini oynayarak ad\u0131m att\u0131. Kalbimin Sultan\u0131 (2018) dizisinde Saliha Sultan, Her Yerde Sen (2019) dizisinde Ayda, Gel Dese A\u015fk dizisinde ise Derin karakterlerini oynad\u0131. Yi\u011fit Ko\u00e7ak ona e\u015flik etti. Ard\u0131ndan, \u00dc\u00e7 Kuru\u015f (2021) dizisinde Leyla \u00c7aka karakterini oynad\u0131. En son ise Darmaduman dizisinde Ece Servet karakterini oynad\u0131.<\/p>\n<p>Televizyon dizilerinin yan\u0131 s\u0131ra sinema filmlerinde de rol ald\u0131. 2020 yap\u0131m\u0131 Aile H\u00fck\u00fbmeti adl\u0131 komedi filminde Zeynep karakterini oynad\u0131.<\/p>\n","protected":false},"excerpt":{"rendered":"<p>Y\u0131l\u0131n a\u015fk bombas\u0131 geldi. Ba\u015frol\u00fcn\u00fc \u00fcstlenece\u011fi E\u015fref R\u00fcya dizisi i\u00e7in haz\u0131rl\u0131k yapan \u00c7a\u011fatay Ulusoy, g\u00f6nl\u00fcn\u00fc K\u00fcbra dizisindeki rol arkada\u015f\u0131 Asl\u0131han Malbora&#8217;ya kapt\u0131rd\u0131.<\/p>\n","protected":false},"author":2,"featured_media":107840,"comment_status":"closed","ping_status":"closed","sticky":false,"template":"","format":"standard","meta":{"rank_math_lock_modified_date":false,"footnotes":""},"categories":[76],"tags":[4635,2765,2570,133,2218],"class_list":["post-107837","post","type-post","status-publish","format-standard","has-post-thumbnail","hentry","category-magazin","tag-aslihan-malbora","tag-cagatay-ulusoy","tag-demet-ozdemir","tag-magazin","tag-magazin-haberleri"],"_links":{"self":[{"href":"https:\/\/www.tgrthaber.com\/mavikadin\/wp-json\/wp\/v2\/posts\/107837"}],"collection":[{"href":"https:\/\/www.tgrthaber.com\/mavikadin\/wp-json\/wp\/v2\/posts"}],"about":[{"href":"https:\/\/www.tgrthaber.com\/mavikadin\/wp-json\/wp\/v2\/types\/post"}],"author":[{"embeddable":true,"href":"https:\/\/www.tgrthaber.com\/mavikadin\/wp-json\/wp\/v2\/users\/2"}],"replies":[{"embeddable":true,"href":"https:\/\/www.tgrthaber.com\/mavikadin\/wp-json\/wp\/v2\/comments?post=107837"}],"version-history":[{"count":1,"href":"https:\/\/www.tgrthaber.com\/mavikadin\/wp-json\/wp\/v2\/posts\/107837\/revisions"}],"predecessor-version":[{"id":107841,"href":"https:\/\/www.tgrthaber.com\/mavikadin\/wp-json\/wp\/v2\/posts\/107837\/revisions\/107841"}],"wp:featuredmedia":[{"embeddable":true,"href":"https:\/\/www.tgrthaber.com\/mavikadin\/wp-json\/wp\/v2\/media\/107840"}],"wp:attachment":[{"href":"https:\/\/www.tgrthaber.com\/mavikadin\/wp-json\/wp\/v2\/media?parent=107837"}],"wp:term":[{"taxonomy":"category","embeddable":true,"href":"https:\/\/www.tgrthaber.com\/mavikadin\/wp-json\/wp\/v2\/categories?post=107837"},{"taxonomy":"post_tag","embeddable":true,"href":"https:\/\/www.tgrthaber.com\/mavikadin\/wp-json\/wp\/v2\/tags?post=107837"}],"curies":[{"name":"wp","href":"https:\/\/api.w.org\/{rel}","templated":true}]}}