{"id":107849,"date":"2024-12-17T22:05:24","date_gmt":"2024-12-17T19:05:24","guid":{"rendered":"https:\/\/www.tgrthaber.com\/mavikadin\/?p=107849"},"modified":"2024-12-17T22:05:24","modified_gmt":"2024-12-17T19:05:24","slug":"fransadaki-burak-ozcivit-ile-fahriye-evcennin-fotograflari-begeni-rekoru-kirdi","status":"publish","type":"post","link":"https:\/\/www.tgrthaber.com\/mavikadin\/fransadaki-burak-ozcivit-ile-fahriye-evcennin-fotograflari-begeni-rekoru-kirdi\/","title":{"rendered":"Fransa&#8217;daki Burak \u00d6z\u00e7ivit ile Fahriye Evcen&#8217;nin foto\u011fraflar\u0131 be\u011feni rekoru k\u0131rd\u0131"},"content":{"rendered":"<p>K\u0131\u015f ay\u0131n\u0131 yurtd\u0131\u015f\u0131 tatilleriyle de\u011ferlendiren \u00fcnl\u00fc oyuncu Burak \u00d6z\u00e7ivit ve Fahriye Evcen \u00e7ifti, bir s\u00fcre \u00f6nce o\u011fullar\u0131 Karan ile gittikleri Fransa tatillerine devam ediyor. \u00dcnl\u00fc \u00e7iftin son payla\u015f\u0131mlar\u0131 be\u011feni rekoru k\u0131rd\u0131.<\/p>\n<h3>FRANSA&#8217;DAK\u0130 BURAK \u00d6Z\u00c7\u0130V\u0130T \u0130LE FAHR\u0130YE EVCEN&#8217;N\u0130N FOTO\u011eRAFLARI BE\u011eEN\u0130 REKORU KIRDI<\/h3>\n<p>\u00c7al\u0131ku\u015fu setinde ba\u015flayan ili\u015fkileri ilk g\u00fcnden itibaren magazin d\u00fcnyas\u0131nda yer bulan televizyonun iki tan\u0131nan ismi Burak \u00d6z\u00e7ivit ve Fahriye Evcen, 2017 y\u0131l\u0131nda evlenmi\u015fti.\u00a02019&#8217;da Karan, 2023&#8217;te ise ikinci \u00e7ocuklar\u0131 Kerem\u2019i d\u00fcnyaya getiren \u00fcnl\u00fc \u00e7ift, payla\u015f\u0131mlar\u0131yla g\u00fcndemde kalmaya devam ediyor. \u00dcnl\u00fc \u00e7iftin b\u00fcy\u00fck o\u011flu Karan ile \u00e7\u0131kt\u0131klar\u0131 tatilden yapt\u0131klar\u0131 foto\u011fraflar\u0131 be\u011feni rekoru k\u0131rd\u0131.<\/p>\n<figure id=\"attachment_107850\" aria-describedby=\"caption-attachment-107850\" style=\"width: 1208px\" class=\"wp-caption alignnone\"><img loading=\"lazy\" decoding=\"async\" class=\"wp-image-107850 size-full\" src=\"https:\/\/www.tgrthaber.com\/mavikadin\/wp-content\/uploads\/qr.jpg\" alt=\"Burak \u00d6z\u00e7ivit \u0130le Fahriye Evcen\" width=\"1208\" height=\"680\" title=\"\" srcset=\"https:\/\/www.tgrthaber.com\/mavikadin\/wp-content\/uploads\/qr.jpg 1208w, https:\/\/www.tgrthaber.com\/mavikadin\/wp-content\/uploads\/qr-300x169.jpg 300w, https:\/\/www.tgrthaber.com\/mavikadin\/wp-content\/uploads\/qr-1024x576.jpg 1024w, https:\/\/www.tgrthaber.com\/mavikadin\/wp-content\/uploads\/qr-768x432.jpg 768w\" sizes=\"(max-width: 1208px) 100vw, 1208px\" \/><figcaption id=\"caption-attachment-107850\" class=\"wp-caption-text\">Burak \u00d6z\u00e7ivit \u0130le Fahriye Evcen<\/figcaption><\/figure>\n<h3>FRANSA&#8217;DAN PAYLA\u015eIMLAR<\/h3>\n<p>\u015eu s\u0131ralar ailecek Fransa&#8217;da bulunan \u00e7ift, aktif olarak kulland\u0131klar\u0131 sosyal medya hesaplar\u0131ndan taze foto\u011fraflar payla\u015ft\u0131. Ne\u015feli anlar\u0131n\u0131 takip\u00e7ileriyle payla\u015fan Evcen, b\u00fcy\u00fck ilgi g\u00f6rd\u00fc.\u00a0S\u00fcrekli tatil yapan \u00fcnl\u00fc \u00e7iftin yeni y\u00f6nelimleri ise merakla bekleniyor.<\/p>\n<figure id=\"attachment_107851\" aria-describedby=\"caption-attachment-107851\" style=\"width: 1208px\" class=\"wp-caption alignnone\"><img loading=\"lazy\" decoding=\"async\" class=\"wp-image-107851 size-full\" src=\"https:\/\/www.tgrthaber.com\/mavikadin\/wp-content\/uploads\/qrk.jpg\" alt=\"Burak \u00d6z\u00e7ivit \u0130le Fahriye Evcen\" width=\"1208\" height=\"680\" title=\"\" srcset=\"https:\/\/www.tgrthaber.com\/mavikadin\/wp-content\/uploads\/qrk.jpg 1208w, https:\/\/www.tgrthaber.com\/mavikadin\/wp-content\/uploads\/qrk-300x169.jpg 300w, https:\/\/www.tgrthaber.com\/mavikadin\/wp-content\/uploads\/qrk-1024x576.jpg 1024w, https:\/\/www.tgrthaber.com\/mavikadin\/wp-content\/uploads\/qrk-768x432.jpg 768w\" sizes=\"(max-width: 1208px) 100vw, 1208px\" \/><figcaption id=\"caption-attachment-107851\" class=\"wp-caption-text\">Burak \u00d6z\u00e7ivit \u0130le Fahriye Evcen<\/figcaption><\/figure>\n<h3>FAHR\u0130YE EVCEN K\u0130MD\u0130R?<\/h3>\n<p>4 Haziran 1986&#8217;da Almanya&#8217;n\u0131n Kuzey Ren-Vestfalya b\u00f6lgesinin Solingen \u015fehrinde d\u00fcnyaya gelen Fahriye Evcen, T\u00fcrkiye&#8217;de tatil yapt\u0131\u011f\u0131 bir d\u00f6nemde Oya Aydo\u011fan&#8217;\u0131n program\u0131na kat\u0131ld\u0131\u011f\u0131nda, Aydo\u011fan taraf\u0131ndan yap\u0131mc\u0131 \u0130brahim Merto\u011flu ile tan\u0131\u015ft\u0131r\u0131ld\u0131. Almanya D\u00fcsseldorf \u00dcniversitesi Sosyoloji B\u00f6l\u00fcm\u00fc&#8217;nde e\u011fitimine devam ederken dizi teklifleri almaya ba\u015flayan Evcen, okulu b\u0131rak\u0131p annesiyle birlikte \u0130stanbul&#8217;a yerle\u015fti ve Yaprak D\u00f6k\u00fcm\u00fc adl\u0131 dizide &#8220;Necla&#8221; karakterini oynad\u0131. Fahriye Evcen, sinemadaki ilk deneyimini 11 Nisan 2008&#8217;de yay\u0131mlanan Cennet filminde ba\u015frol olarak ya\u015farken, ayn\u0131 y\u0131l A\u015fk Tutulmas\u0131 filminde de ba\u015frol oynad\u0131. Almanya&#8217;daki \u00fcniversite e\u011fitimini tamamlamayan Evcen, Bo\u011fazi\u00e7i \u00dcniversitesi Tarih B\u00f6l\u00fcm\u00fcnden mezun oldu. Yap\u0131mc\u0131l\u0131\u011f\u0131n\u0131 TIMS Productions&#8217;\u0131n \u00fcstlendi\u011fi \u00c7al\u0131ku\u015fu dizisinde &#8220;Feride&#8221; karakterini oynayan Evcen, burada ba\u015frol\u00fc payla\u015ft\u0131\u011f\u0131 Burak \u00d6z\u00e7ivit ile yeniden bir araya gelerek, bu kez A\u015fk Sana Benzer adl\u0131 sinema filminde beyaz perdede yer ald\u0131.<\/p>\n<p>Anne taraf\u0131ndan \u00c7erkes k\u00f6kenli, baba taraf\u0131ndan ise Kavala g\u00f6\u00e7meni olan Fahriye Evcen&#8217;in ailesi aslen Samsunludur. \u00c7ocuklu\u011funda ailesiyle Almanya&#8217;da zorluklar ya\u015fad\u0131\u011f\u0131n\u0131 belirtmi\u015f, yedi ya\u015f\u0131ndayken Alman Neo-Nazilerin Solingen \u015fehrinde T\u00fcrklerin evlerini yakmaya ba\u015flamas\u0131yla birlikte ailesi dikkat \u00e7ekmemek i\u00e7in evlerinin \u0131\u015f\u0131klar\u0131n\u0131 her zaman kapal\u0131 tutmu\u015ftur. 29 Haziran 2017 tarihinde \u00fcnl\u00fc oyuncu ve model Burak \u00d6z\u00e7ivit ile \u0130stanbul&#8217;daki Said Halim Pa\u015fa Yal\u0131s\u0131&#8217;nda evlenmi\u015ftir. 2017 y\u0131l\u0131nda Los Angeles merkezli Buzznet adl\u0131 internet sitesinin d\u00fczenledi\u011fi &#8220;D\u00fcnyan\u0131n En G\u00fczel 30 Kad\u0131n\u0131&#8221; oylamas\u0131nda, Gigi Hadid, Emma Watson, Adriana Lima, Hillary Clinton ve Angelina Jolie gibi isimlerin bulundu\u011fu listede dokuzuncu s\u0131raya yerle\u015fmi\u015ftir. 13 Nisan 2019&#8217;da Fahriye Evcen ve Burak \u00d6z\u00e7ivit&#8217;in o\u011fullar\u0131 \u0130stanbul Amerikan Hastanesi&#8217;nde d\u00fcnyaya gelmi\u015f, \u00e7ift o\u011fullar\u0131na Karan ad\u0131n\u0131 vermi\u015ftir. \u00c7iftin ikinci o\u011fullar\u0131 ise 18 Ocak 2023 tarihinde \u0130stanbul Amerikan Hastanesi&#8217;nde do\u011fmu\u015f ve adlar\u0131n\u0131 Kerem koymu\u015flard\u0131r.<\/p>\n","protected":false},"excerpt":{"rendered":"<p>Fahriye Evcen ve Burak \u00d6z\u00e7ivit&#8217;in yeni rotas\u0131 Strazburg oldu. O\u011flu Karan ile mutlu anlar\u0131n\u0131 payla\u015fan Evcen, sosyal medya \u00fczerinde yeniden ilgi oda\u011f\u0131 oldu. Fransa&#8217;daki Burak \u00d6z\u00e7ivit ile Fahriye Evcen&#8217;nin foto\u011fraflar\u0131 be\u011feni rekoru k\u0131rd\u0131.<\/p>\n","protected":false},"author":2,"featured_media":107852,"comment_status":"closed","ping_status":"closed","sticky":false,"template":"","format":"standard","meta":{"rank_math_lock_modified_date":false,"footnotes":""},"categories":[76],"tags":[2154,2479,2153,133,2218],"class_list":["post-107849","post","type-post","status-publish","format-standard","has-post-thumbnail","hentry","category-magazin","tag-burak-ozcivit","tag-burak-ozcivit-oglu-karan","tag-fahriye-evcen","tag-magazin","tag-magazin-haberleri"],"_links":{"self":[{"href":"https:\/\/www.tgrthaber.com\/mavikadin\/wp-json\/wp\/v2\/posts\/107849"}],"collection":[{"href":"https:\/\/www.tgrthaber.com\/mavikadin\/wp-json\/wp\/v2\/posts"}],"about":[{"href":"https:\/\/www.tgrthaber.com\/mavikadin\/wp-json\/wp\/v2\/types\/post"}],"author":[{"embeddable":true,"href":"https:\/\/www.tgrthaber.com\/mavikadin\/wp-json\/wp\/v2\/users\/2"}],"replies":[{"embeddable":true,"href":"https:\/\/www.tgrthaber.com\/mavikadin\/wp-json\/wp\/v2\/comments?post=107849"}],"version-history":[{"count":1,"href":"https:\/\/www.tgrthaber.com\/mavikadin\/wp-json\/wp\/v2\/posts\/107849\/revisions"}],"predecessor-version":[{"id":107853,"href":"https:\/\/www.tgrthaber.com\/mavikadin\/wp-json\/wp\/v2\/posts\/107849\/revisions\/107853"}],"wp:featuredmedia":[{"embeddable":true,"href":"https:\/\/www.tgrthaber.com\/mavikadin\/wp-json\/wp\/v2\/media\/107852"}],"wp:attachment":[{"href":"https:\/\/www.tgrthaber.com\/mavikadin\/wp-json\/wp\/v2\/media?parent=107849"}],"wp:term":[{"taxonomy":"category","embeddable":true,"href":"https:\/\/www.tgrthaber.com\/mavikadin\/wp-json\/wp\/v2\/categories?post=107849"},{"taxonomy":"post_tag","embeddable":true,"href":"https:\/\/www.tgrthaber.com\/mavikadin\/wp-json\/wp\/v2\/tags?post=107849"}],"curies":[{"name":"wp","href":"https:\/\/api.w.org\/{rel}","templated":true}]}}