{"id":107864,"date":"2024-12-17T22:55:07","date_gmt":"2024-12-17T19:55:07","guid":{"rendered":"https:\/\/www.tgrthaber.com\/mavikadin\/?p=107864"},"modified":"2024-12-18T20:27:42","modified_gmt":"2024-12-18T17:27:42","slug":"masterchef-17-aralik-2024-2-ceketin-sahibi-kim-oldu-2-ceketi-kim-giydi","status":"publish","type":"post","link":"https:\/\/www.tgrthaber.com\/mavikadin\/masterchef-17-aralik-2024-2-ceketin-sahibi-kim-oldu-2-ceketi-kim-giydi\/","title":{"rendered":"MasterChef 17 Aral\u0131k 2024 2. ceketin sahibi kim oldu? 2. ceketi kim giydi?"},"content":{"rendered":"<p class=\"p1\">MasterChef 2024&#8217;te finale say\u0131l\u0131 g\u00fcnler kala heyecan dorukta! Bu ak\u015famki b\u00f6l\u00fcmde yar\u0131\u015fmac\u0131lar, ikinci ceketi kazanabilmek i\u00e7in k\u0131yas\u0131ya m\u00fccadele etti. \u0130lk etapta reyhan ve kerevit gibi zorlu malzemelerle \u00f6zg\u00fcn yemekler haz\u0131rlamalar\u0131 istenen yar\u0131\u015fmac\u0131lar, h\u00fcnerlerini sergileyerek \u015feflerin be\u011fenisini kazanmaya \u00e7al\u0131\u015ft\u0131. Ard\u0131ndan konuk \u015fef Metin Yavuz\u2019un sundu\u011fu so\u011fanlama taba\u011f\u0131yla ikinci etaba ge\u00e7ildi. Bu etap, yar\u0131\u015fmac\u0131lar\u0131n teknik becerilerinin ne kadar geli\u015fti\u011fini ve sunumda ne kadar iddial\u0131 olduklar\u0131n\u0131 bir kez daha g\u00f6zler \u00f6n\u00fcne serdi. Sonunda g\u00f6zler, 17 Aral\u0131k 2024 Sal\u0131 ak\u015fam\u0131 MasterChef&#8217;teki 2. ceketin sahibini \u00f6\u011frenmeye \u00e7evrildi. Kim bu ak\u015famki zorlu m\u00fccadelenin ard\u0131ndan 2. ceketi kazanarak bir ad\u0131m daha finale yakla\u015facak? 17 Aral\u0131k&#8217;ta 2. ceketin sahibi kim oldu? \u0130\u015fte bu merak edilen sorunun cevab\u0131 ve MasterChef&#8217;teki son geli\u015fmeler!<\/p>\n<h3 class=\"p1\">MASTERCHEF 2. CEKET\u0130N SAH\u0130B\u0130 K\u0130M OLDU?<\/h3>\n<p class=\"p1\">MasterChef 2024&#8217;te heyecan devam ediyor! 17 Aral\u0131k Sal\u0131 ak\u015fam\u0131 yap\u0131lan yar\u0131\u015fmada, ilk ceketi kazanan Beyza&#8217;n\u0131n ard\u0131ndan g\u00f6zler ikinci ceketi alacak yar\u0131\u015fmac\u0131ya \u00e7evrildi. Bu ak\u015fam, yar\u0131\u015fmac\u0131lar, \u015feflerin takdirini kazanabilmek i\u00e7in birbirinden yarat\u0131c\u0131 ve lezzetli tabaklar haz\u0131rlad\u0131. Final yolunda ad\u0131m ad\u0131m ilerlemek isteyen yar\u0131\u015fmac\u0131lar, \u015feflerin be\u011fenisini kazanmak i\u00e7in ellerinden geleni yapt\u0131. Gecenin sonunda ise, ikinci ceketin sahibi merakla bekleniyordu.<\/p>\n<p><img loading=\"lazy\" decoding=\"async\" class=\"alignnone wp-image-107867 size-full\" src=\"https:\/\/www.tgrthaber.com\/mavikadin\/wp-content\/uploads\/MasterChef-17-Aralik-2024-2.-ceketin-sahibi-kim-oldu-2.-ceketi-kim-giydi5.png\" alt=\"\" width=\"1208\" height=\"720\" title=\"\" srcset=\"https:\/\/www.tgrthaber.com\/mavikadin\/wp-content\/uploads\/MasterChef-17-Aralik-2024-2.-ceketin-sahibi-kim-oldu-2.-ceketi-kim-giydi5.png 1208w, https:\/\/www.tgrthaber.com\/mavikadin\/wp-content\/uploads\/MasterChef-17-Aralik-2024-2.-ceketin-sahibi-kim-oldu-2.-ceketi-kim-giydi5-300x179.png 300w, https:\/\/www.tgrthaber.com\/mavikadin\/wp-content\/uploads\/MasterChef-17-Aralik-2024-2.-ceketin-sahibi-kim-oldu-2.-ceketi-kim-giydi5-1024x610.png 1024w, https:\/\/www.tgrthaber.com\/mavikadin\/wp-content\/uploads\/MasterChef-17-Aralik-2024-2.-ceketin-sahibi-kim-oldu-2.-ceketi-kim-giydi5-768x458.png 768w\" sizes=\"(max-width: 1208px) 100vw, 1208px\" \/><\/p>\n<p class=\"p1\">Peki, MasterChef 2. ceketi kim kazand\u0131? 17 Aral\u0131k&#8217;taki zorlu m\u00fccadelenin ard\u0131ndan \u015fefler, yar\u0131\u015fmac\u0131lar\u0131 tekrar de\u011ferlendirdi ve final yolunda bir ad\u0131m daha kimin \u00f6ne \u00e7\u0131kaca\u011f\u0131 belli oldu. 2. ceketin sahibi kim oldu? \u0130\u015fte bu ak\u015famki b\u00f6l\u00fcmde ya\u015fanan t\u00fcm geli\u015fmeler ve MasterChef 2024\u2019te finale bir ad\u0131m daha yakla\u015fan yar\u0131\u015fmac\u0131!<\/p>\n<p class=\"p1\">MasterChef&#8217;te en iyi taba\u011f\u0131 yaparak 2. ceketi giymeye hak kazanan ve finale bir ad\u0131mda daha yakla\u015fan isim Kerem oldu.<\/p>\n<h3 class=\"p2\">MASTERCHEF&#8217;TE \u0130LK 6&#8217;YA K\u0130M KALDI, 1. CEKET\u0130 K\u0130M ALDI?<\/h3>\n<p class=\"p2\">MasterChef&#8217;in yeni b\u00f6l\u00fcm\u00fcnde heyecan doruk noktas\u0131na ula\u015ft\u0131. Yar\u0131\u015fmac\u0131lar, \u015feflerin zorlu puanlamalar\u0131 e\u015fli\u011finde birbirinden iddial\u0131 tabaklar haz\u0131rlarken, en y\u00fcksek puan\u0131 alarak ilk 6&#8217;ya girmeyi ba\u015faran yar\u0131\u015fmac\u0131 b\u00fcy\u00fck bir ba\u015far\u0131ya imza att\u0131. Bu haftan\u0131n en ba\u015far\u0131l\u0131 ismi, \u015feflerin tam not verdi\u011fi Beyza oldu. Beyza, performans\u0131yla dikkat \u00e7ekerek, hem \u015feflerin hem de izleyicilerin be\u011fenisini kazand\u0131 ve ilk ceketi alarak yar\u0131\u015fmaya \u00f6nemli bir ad\u0131m daha yakla\u015fm\u0131\u015f oldu.<\/p>\n<h3 class=\"p2\">MASTERCHEF&#8217;TE DOKUNULMAZLI\u011eI K\u0130M KAZANDI?<\/h3>\n<p class=\"p2\">MasterChef&#8217;te en ba\u015far\u0131l\u0131 taba\u011f\u0131 yapan Beyza ilk 6&#8217;ya girerek hafta boyu dokunulmazl\u0131\u011f\u0131n sahibi oldu.<\/p>\n<p><img loading=\"lazy\" decoding=\"async\" class=\"alignnone wp-image-107868 size-full\" src=\"https:\/\/www.tgrthaber.com\/mavikadin\/wp-content\/uploads\/MasterChef-17-Aralik-2024-2.-ceketin-sahibi-kim-oldu-2.-ceketi-kim-giydi1.png\" alt=\"\" width=\"1208\" height=\"720\" title=\"\" srcset=\"https:\/\/www.tgrthaber.com\/mavikadin\/wp-content\/uploads\/MasterChef-17-Aralik-2024-2.-ceketin-sahibi-kim-oldu-2.-ceketi-kim-giydi1.png 1208w, https:\/\/www.tgrthaber.com\/mavikadin\/wp-content\/uploads\/MasterChef-17-Aralik-2024-2.-ceketin-sahibi-kim-oldu-2.-ceketi-kim-giydi1-300x179.png 300w, https:\/\/www.tgrthaber.com\/mavikadin\/wp-content\/uploads\/MasterChef-17-Aralik-2024-2.-ceketin-sahibi-kim-oldu-2.-ceketi-kim-giydi1-1024x610.png 1024w, https:\/\/www.tgrthaber.com\/mavikadin\/wp-content\/uploads\/MasterChef-17-Aralik-2024-2.-ceketin-sahibi-kim-oldu-2.-ceketi-kim-giydi1-768x458.png 768w\" sizes=\"(max-width: 1208px) 100vw, 1208px\" \/><\/p>\n<h3 class=\"p1\">MASTERCHEF&#8217;TE SON 7&#8217;YE K\u0130MLER KALDI?<\/h3>\n<p class=\"p1\">Kerem<\/p>\n<p class=\"p1\">\u015eirin<\/p>\n<p class=\"p1\">Onur<\/p>\n<p class=\"p1\">Beyza<\/p>\n<p class=\"p1\">Erim<\/p>\n<p class=\"p1\">Semih<\/p>\n<p class=\"p1\">Eda<\/p>\n<h3 class=\"p1\">MASTERCHEF K\u0130M ELEND\u0130 15 ARALIK?<\/h3>\n<p class=\"p1\">MasterChef&#8217;te elenen son isim\u00a0Alper\u00a0oldu.<\/p>\n","protected":false},"excerpt":{"rendered":"<p>MasterChef 2024&#8217;te finale bir ad\u0131m daha yakla\u015f\u0131l\u0131rken, bu ak\u015famki b\u00f6l\u00fcmde yar\u0131\u015fmac\u0131lar zorlu bir m\u00fccadeleye girdi. \u0130lk etapta reyhan ve kerevit gibi malzemelerle \u00f6zg\u00fcn yemekler haz\u0131rlayan yar\u0131\u015fmac\u0131lar, ard\u0131ndan konuk \u015fef Metin Yavuz&#8217;un so\u011fanlama taba\u011f\u0131yla ikinci etaba ge\u00e7tiler. 17 Aral\u0131k 2024 ak\u015fam\u0131, yar\u0131\u015fmac\u0131lar aras\u0131nda en iyi performans\u0131 g\u00f6steren isim, ikinci ceketi kazanarak finale bir ad\u0131m daha yakla\u015ft\u0131. MasterChef 2. ceketi kim giydi? \u0130\u015fte cevab\u0131\u2026 <\/p>\n","protected":false},"author":16,"featured_media":107869,"comment_status":"closed","ping_status":"closed","sticky":false,"template":"","format":"standard","meta":{"rank_math_lock_modified_date":false,"footnotes":""},"categories":[101],"tags":[1120,4644,4643],"class_list":["post-107864","post","type-post","status-publish","format-standard","has-post-thumbnail","hentry","category-kesfet","tag-masterchef","tag-masterchef-2-ceketi-kim-giydi","tag-mastercher-2-ceket-sahibi"],"_links":{"self":[{"href":"https:\/\/www.tgrthaber.com\/mavikadin\/wp-json\/wp\/v2\/posts\/107864"}],"collection":[{"href":"https:\/\/www.tgrthaber.com\/mavikadin\/wp-json\/wp\/v2\/posts"}],"about":[{"href":"https:\/\/www.tgrthaber.com\/mavikadin\/wp-json\/wp\/v2\/types\/post"}],"author":[{"embeddable":true,"href":"https:\/\/www.tgrthaber.com\/mavikadin\/wp-json\/wp\/v2\/users\/16"}],"replies":[{"embeddable":true,"href":"https:\/\/www.tgrthaber.com\/mavikadin\/wp-json\/wp\/v2\/comments?post=107864"}],"version-history":[{"count":3,"href":"https:\/\/www.tgrthaber.com\/mavikadin\/wp-json\/wp\/v2\/posts\/107864\/revisions"}],"predecessor-version":[{"id":108358,"href":"https:\/\/www.tgrthaber.com\/mavikadin\/wp-json\/wp\/v2\/posts\/107864\/revisions\/108358"}],"wp:featuredmedia":[{"embeddable":true,"href":"https:\/\/www.tgrthaber.com\/mavikadin\/wp-json\/wp\/v2\/media\/107869"}],"wp:attachment":[{"href":"https:\/\/www.tgrthaber.com\/mavikadin\/wp-json\/wp\/v2\/media?parent=107864"}],"wp:term":[{"taxonomy":"category","embeddable":true,"href":"https:\/\/www.tgrthaber.com\/mavikadin\/wp-json\/wp\/v2\/categories?post=107864"},{"taxonomy":"post_tag","embeddable":true,"href":"https:\/\/www.tgrthaber.com\/mavikadin\/wp-json\/wp\/v2\/tags?post=107864"}],"curies":[{"name":"wp","href":"https:\/\/api.w.org\/{rel}","templated":true}]}}