{"id":107961,"date":"2024-12-18T03:35:55","date_gmt":"2024-12-18T00:35:55","guid":{"rendered":"https:\/\/www.tgrthaber.com\/mavikadin\/?p=107961"},"modified":"2024-12-18T03:35:56","modified_gmt":"2024-12-18T00:35:56","slug":"unlu-sarkici-jennifer-lopez-yapilan-yas-yorumu-karsisinda-neye-ugradigini-sasirdi","status":"publish","type":"post","link":"https:\/\/www.tgrthaber.com\/mavikadin\/unlu-sarkici-jennifer-lopez-yapilan-yas-yorumu-karsisinda-neye-ugradigini-sasirdi\/","title":{"rendered":"\u00dcnl\u00fc \u015fark\u0131c\u0131 Jennifer Lopez yap\u0131lan ya\u015f yorumu kar\u015f\u0131s\u0131nda neye u\u011frad\u0131\u011f\u0131n\u0131 \u015fa\u015f\u0131rd\u0131!"},"content":{"rendered":"<p>D\u00fcnyaca tan\u0131nan \u00fcnl\u00fc \u015fark\u0131c\u0131 Jennifer Lopez, son filmi olan Unstoppable&#8217;\u0131n g\u00f6steriminde r\u00f6portaj esnas\u0131nda kar\u015f\u0131 taraftan ya\u015f\u0131yla ilgili gelen espri kar\u015f\u0131s\u0131nda bir anda donakald\u0131.<\/p>\n<h3>\u00dcNL\u00dc YILDIZ H\u0130\u00c7 BEKLEMED\u0130\u011e\u0130 B\u0130R ANDA YA\u015e&#8217;INDAN VURULDU! ESPR\u0130 KAR\u015eISINDA NE D\u0130YECE\u011e\u0130N\u0130 B\u0130LMED\u0130&#8230;<\/h3>\n<p>Clayton Davis\u2019in g\u00f6sterim esnas\u0131nda, 55 ya\u015f\u0131ndaki sevilen oyuncu Jennifer Lopez\u2019e 1997 yap\u0131m\u0131 Selena filminden g\u00fcn\u00fcm\u00fcze kadar ki uzanan 30 y\u0131l\u0131 an\u0131msatarak, \u201c30 y\u0131l sonra, bir retrospektif yapaca\u011f\u0131z ve siz o zaman 60 ya\u015f\u0131nda olacaks\u0131n\u0131z\u201d deyince \u00fcnl\u00fc y\u0131ld\u0131z Lopez, bu yorum kar\u015f\u0131s\u0131nda ne yapaca\u011f\u0131n\u0131 bilemeyip afallad\u0131. Hafif\u00e7e ba\u015f\u0131n\u0131 sallayarak \u201cWow\u201d \u015feklinde tepki vermekle yetinen Lopez, esprili yoldan da olsa\u00a0 Davis\u2019in, \u201cya\u015fland\u0131\u011f\u0131n\u0131\u201d s\u00f6ylemesi \u00fczerine salondakiler de adeta \u015fa\u015fk\u0131na d\u00f6nd\u00fc.<\/p>\n<p><img loading=\"lazy\" decoding=\"async\" class=\"alignnone size-full wp-image-107964\" src=\"https:\/\/www.tgrthaber.com\/mavikadin\/wp-content\/uploads\/yrr.png\" alt=\"\" width=\"823\" height=\"458\" title=\"\" srcset=\"https:\/\/www.tgrthaber.com\/mavikadin\/wp-content\/uploads\/yrr.png 823w, https:\/\/www.tgrthaber.com\/mavikadin\/wp-content\/uploads\/yrr-300x167.png 300w, https:\/\/www.tgrthaber.com\/mavikadin\/wp-content\/uploads\/yrr-768x427.png 768w\" sizes=\"(max-width: 823px) 100vw, 823px\" \/><\/p>\n<p>Y\u0131ld\u0131z Jennifer Lopez, bu durumun \u00fcstesinden gelerek izleyicilere te\u015fekk\u00fcrlerini iletti ve \u201cBu ger\u00e7ekten inan\u0131lmaz bir yolculuk. En g\u00fczel anlar\u0131n hen\u00fcz gelmedi\u011fine inan\u0131yorum\u201d dedi. Lopez, bu d\u00f6nemdeki projelerinin kendisini derinlemesine de\u011fi\u015ftirdi\u011fini vurgulayarak, \u201cBu roller size gelir ve hayat\u0131n\u0131z\u0131n belirli bir an\u0131nda sizi iyile\u015ftirir, b\u00fcy\u00fct\u00fcr\u201d ifadelerinde bulundu.<\/p>\n<p>Davis\u2019in k\u00f6t\u00fc niyetli olmasa dahi yapt\u0131\u011f\u0131 bu esprili yorumu ilk etapta \u015fa\u015fk\u0131nl\u0131kla kar\u015f\u0131layan Lopez\u2019in daha sonra sergilemi\u015f oldu\u011fu olgun ve iyimser yakla\u015f\u0131m\u0131, salondaki atmosferi yumu\u015fatmaya yetmi\u015fti. Y\u0131ld\u0131z Lopez, \u201cSanat\u00e7\u0131 olarak kendimi daha \u00e7ok ke\u015ffediyorum. Bu benim i\u00e7in yeni bir seviye\u201d diyerek kariyerindeki yolculu\u011funun son s\u00fcrat devam etti\u011finin alt\u0131n\u0131 \u00e7izdi.<\/p>\n<h3>G\u00d6STER\u0130ME LOPEZ&#8217;\u0130N ESK\u0130 E\u015e\u0130 BEN AFFLECK DE KATILIM SA\u011eLADI!<\/h3>\n<p>Lopez\u2019in eski e\u015fi ve filmin yap\u0131mc\u0131s\u0131 Ben Affleck, \u00fcnl\u00fc y\u0131ld\u0131z\u0131 yaln\u0131z b\u0131rakmayarak g\u00f6sterime e\u015flik etti. \u0130kili, ge\u00e7ti\u011fimiz g\u00fcnlerde \u00e7ocuklar\u0131n\u0131n okul oyununda beraber g\u00f6r\u00fclm\u00fc\u015ft\u00fc.<\/p>\n<p><img loading=\"lazy\" decoding=\"async\" class=\"alignnone size-full wp-image-107963\" src=\"https:\/\/www.tgrthaber.com\/mavikadin\/wp-content\/uploads\/44y.png\" alt=\"\" width=\"823\" height=\"453\" title=\"\" srcset=\"https:\/\/www.tgrthaber.com\/mavikadin\/wp-content\/uploads\/44y.png 823w, https:\/\/www.tgrthaber.com\/mavikadin\/wp-content\/uploads\/44y-300x165.png 300w, https:\/\/www.tgrthaber.com\/mavikadin\/wp-content\/uploads\/44y-768x423.png 768w\" sizes=\"(max-width: 823px) 100vw, 823px\" \/><\/p>\n<p>D\u00fcnyaca \u00fcnl\u00fc oyuncu Lopez ve e\u015fi Affleck\u2019in, aileleriyle bir araya gelip \u00e7ocuklar\u0131na destek olmalar\u0131, mutlu aile anlar\u0131na sahne olarak takdir g\u00f6rd\u00fc. Lopez, \u201cBu uzun yolculukta benimle birlikte olan herkese te\u015fekk\u00fcr ederim. Daha nice an\u0131lar\u0131m\u0131z olacak\u201d diyerek\u00a0 te\u015fekk\u00fcrlerini sunarak konu\u015fmas\u0131n\u0131 bitirdi.<\/p>\n","protected":false},"excerpt":{"rendered":"<p>D\u00fcnyaca tan\u0131nan y\u0131ld\u0131z isim Jennifer Lopez, Unstoppable&#8217;\u0131n g\u00f6steriminde r\u00f6portaj verirken ya\u015f\u0131yla ilgili vurulan espri kar\u015f\u0131s\u0131nda neye u\u011frad\u0131\u011f\u0131n\u0131 \u015fa\u015f\u0131rd\u0131.<\/p>\n","protected":false},"author":27,"featured_media":107962,"comment_status":"closed","ping_status":"closed","sticky":false,"template":"","format":"standard","meta":{"rank_math_lock_modified_date":false,"footnotes":""},"categories":[76],"tags":[4681,4680,133],"class_list":["post-107961","post","type-post","status-publish","format-standard","has-post-thumbnail","hentry","category-magazin","tag-ben-affleck","tag-jennifer-lopez","tag-magazin"],"_links":{"self":[{"href":"https:\/\/www.tgrthaber.com\/mavikadin\/wp-json\/wp\/v2\/posts\/107961"}],"collection":[{"href":"https:\/\/www.tgrthaber.com\/mavikadin\/wp-json\/wp\/v2\/posts"}],"about":[{"href":"https:\/\/www.tgrthaber.com\/mavikadin\/wp-json\/wp\/v2\/types\/post"}],"author":[{"embeddable":true,"href":"https:\/\/www.tgrthaber.com\/mavikadin\/wp-json\/wp\/v2\/users\/27"}],"replies":[{"embeddable":true,"href":"https:\/\/www.tgrthaber.com\/mavikadin\/wp-json\/wp\/v2\/comments?post=107961"}],"version-history":[{"count":2,"href":"https:\/\/www.tgrthaber.com\/mavikadin\/wp-json\/wp\/v2\/posts\/107961\/revisions"}],"predecessor-version":[{"id":107966,"href":"https:\/\/www.tgrthaber.com\/mavikadin\/wp-json\/wp\/v2\/posts\/107961\/revisions\/107966"}],"wp:featuredmedia":[{"embeddable":true,"href":"https:\/\/www.tgrthaber.com\/mavikadin\/wp-json\/wp\/v2\/media\/107962"}],"wp:attachment":[{"href":"https:\/\/www.tgrthaber.com\/mavikadin\/wp-json\/wp\/v2\/media?parent=107961"}],"wp:term":[{"taxonomy":"category","embeddable":true,"href":"https:\/\/www.tgrthaber.com\/mavikadin\/wp-json\/wp\/v2\/categories?post=107961"},{"taxonomy":"post_tag","embeddable":true,"href":"https:\/\/www.tgrthaber.com\/mavikadin\/wp-json\/wp\/v2\/tags?post=107961"}],"curies":[{"name":"wp","href":"https:\/\/api.w.org\/{rel}","templated":true}]}}