{"id":107967,"date":"2024-12-18T09:16:04","date_gmt":"2024-12-18T06:16:04","guid":{"rendered":"https:\/\/www.tgrthaber.com\/mavikadin\/?p=107967"},"modified":"2024-12-18T09:16:29","modified_gmt":"2024-12-18T06:16:29","slug":"basrolde-derin-besikcioglunun-yer-aldigi-bati-ekspresi-istanbulda","status":"publish","type":"post","link":"https:\/\/www.tgrthaber.com\/mavikadin\/basrolde-derin-besikcioglunun-yer-aldigi-bati-ekspresi-istanbulda\/","title":{"rendered":"Ba\u015frolde Derin Be\u015fik\u00e7io\u011flu&#8217;nun yer ald\u0131\u011f\u0131 Bat\u0131 Ekspresi \u0130stanbul&#8217;da"},"content":{"rendered":"<p>Ba\u015frolde Derin Be\u015fik\u00e7io\u011flu, y\u00f6netmen koltu\u011funda ise Elvin Be\u015fik\u00e7io\u011flu&#8217;nun bulundu\u011fu Bat\u0131 Ekspresi \u0130stanbul\u2019a geldi. Tiyatro sahnesinin tozunu atan ekip muhte\u015fem bir gala d\u00fczenlendi. Seyircili olarak d\u00fczenlenen galada Elvin Be\u015fik\u00e7io\u011flu \u00a0Fadik Sevin Atasoy ve annesi\u00a0 Emel G\u00f6ksu ile poz verdi.<\/p>\n<h3>BATI EKSPRES\u0130 BO\u015eROLDE DER\u0130N BE\u015e\u0130K\u00c7\u0130O\u011eLU \u0130LE \u0130STANBUL&#8217;DA G\u00d6STER\u0130MDE<\/h3>\n<p>Bat\u0131 Ekspresi ba\u015frol\u00fcnde Derin Be\u015fik\u00e7io\u011flu y\u00f6netmen koltu\u011funda ise annesi Elvin Be\u015fik\u00e7io\u011flu yer al\u0131yor. Tiyatro oyunu herkesin ilgisini \u00e7eken metnin sahneye ta\u015f\u0131nm\u0131\u015f hali. Adem Aydil, Derin Be\u015fik\u00e7io\u011flu, Fatih S\u00f6nmez, Selin Tekman, Selin Zafertepe ve \u00dcnsal Co\u015far\u2019\u0131n rol ald\u0131\u011f\u0131 \u201cBat\u0131 Ekspresi\u201d, sava\u015f, ekonomik \u00e7\u00f6k\u00fc\u015f, k\u00fclt\u00fcrel ayr\u0131l\u0131k gibi sebeplerle bat\u0131ya do\u011fru yol alan bireylerin i\u00e7sel yolculuklar\u0131n\u0131 ve aray\u0131\u015flar\u0131n\u0131 ironik bir dille anlat\u0131yor.<\/p>\n<p><img loading=\"lazy\" decoding=\"async\" class=\"alignnone size-full wp-image-107974\" src=\"https:\/\/www.tgrthaber.com\/mavikadin\/wp-content\/uploads\/Ekran-goruntusu-2024-12-18-090705.png\" alt=\"\" width=\"586\" height=\"707\" title=\"\" srcset=\"https:\/\/www.tgrthaber.com\/mavikadin\/wp-content\/uploads\/Ekran-goruntusu-2024-12-18-090705.png 586w, https:\/\/www.tgrthaber.com\/mavikadin\/wp-content\/uploads\/Ekran-goruntusu-2024-12-18-090705-249x300.png 249w\" sizes=\"(max-width: 586px) 100vw, 586px\" \/><\/p>\n<p>Tatbikat Sahnesi&#8217;nin kara komedi t\u00fcr\u00fcndeki yeni oyunu Bat\u0131 Ekspresi Ankara ve \u0130stanbul\u2019da seyircili g\u00f6sterime giriyor. Galas\u0131 d\u00fczenlenen tiyatro oyununun galas\u0131nda Elvin Be\u015fik\u00e7io\u011flu y\u0131llar\u0131n tiyatro sanat\u00e7\u0131s\u0131 olan Fadik Sevin Atasoy ve annesi Emel G\u00f6ksu ile kameralara poz verdi. Erdal Be\u015fik\u00e7iol\u011fu&#8217;nun k\u0131z\u0131 olan Derin Be\u015fik\u00e7io\u011flu tiyatro oyunundaki performans\u0131yla herkesi hayran b\u0131rakt\u0131. Erdal Be\u015fik\u00e7iol\u011fu&#8217;nun e\u015fi olan Elvin Be\u015fik\u00e7io\u011flu da tiyatro oyununun y\u00f6netmen koltu\u011funda oturuyor.<\/p>\n<p><img loading=\"lazy\" decoding=\"async\" class=\"alignnone size-full wp-image-107975\" src=\"https:\/\/www.tgrthaber.com\/mavikadin\/wp-content\/uploads\/Ekran-goruntusu-2024-12-18-090714.png\" alt=\"\" width=\"556\" height=\"717\" title=\"\" srcset=\"https:\/\/www.tgrthaber.com\/mavikadin\/wp-content\/uploads\/Ekran-goruntusu-2024-12-18-090714.png 556w, https:\/\/www.tgrthaber.com\/mavikadin\/wp-content\/uploads\/Ekran-goruntusu-2024-12-18-090714-233x300.png 233w\" sizes=\"(max-width: 556px) 100vw, 556px\" \/><\/p>\n<h3>DER\u0130N BE\u015e\u0130K\u00c7\u0130O\u011eLU K\u0130MD\u0130R?<\/h3>\n<p>Derin Be\u015fik\u00e7io\u011flu, Erdal Be\u015fik\u00e7io\u011flu&#8217;nun k\u0131z\u0131. 23 ya\u015f\u0131nda olan Derin Be\u015fik\u00e7io\u011flu Strasburg \u00dcniversitesi Sahne Sanatlar\u0131 Fak\u00fcltesi Tiyatro B\u00f6l\u00fcm\u00fc&#8217;nde mezun oldu. G\u00fcne\u015fi S\u00f6nd\u00fcrmem Gerek, \u00c7eki\u00e7 ve G\u00fcl: Bir Behzat \u00c7. Hikayesi yap\u0131mlar\u0131nda yer alan oyuncu \u015fimdilerde ise Bat\u0131 Ekspresi tiyatrosunda ba\u015frolde sahneye \u00e7\u0131k\u0131yor.<\/p>\n<p><img loading=\"lazy\" decoding=\"async\" class=\"alignnone size-full wp-image-107976\" src=\"https:\/\/www.tgrthaber.com\/mavikadin\/wp-content\/uploads\/Ekran-goruntusu-2024-12-18-091334.png\" alt=\"\" width=\"797\" height=\"562\" title=\"\" srcset=\"https:\/\/www.tgrthaber.com\/mavikadin\/wp-content\/uploads\/Ekran-goruntusu-2024-12-18-091334.png 797w, https:\/\/www.tgrthaber.com\/mavikadin\/wp-content\/uploads\/Ekran-goruntusu-2024-12-18-091334-300x212.png 300w, https:\/\/www.tgrthaber.com\/mavikadin\/wp-content\/uploads\/Ekran-goruntusu-2024-12-18-091334-768x542.png 768w\" sizes=\"(max-width: 797px) 100vw, 797px\" \/><\/p>\n<p>Elvin Be\u015fik\u00e7io\u011flu ise Erdal Be\u015fik\u00e7io\u011flu&#8217;nun e\u015fi. Bat\u0131 Ekspresi oyununda y\u00f6netmen koltu\u011funda oturuyor. T\u00fcrk oyuncu ve yap\u0131mc\u0131 olan \u0130stanbul \u00dcniversitesi Devlet Konservatuar\u0131 Tiyatro B\u00f6l\u00fcm\u00fc mezunu olan Elvin Be\u015fik\u00e7io\u011flu kariyerini tiyatro ile ba\u015flatarak daha sonra sinema televizyon alan\u0131nda devam ettirmi\u015ftir. Oyunculu\u011funun yan\u0131 s\u0131ra ayn\u0131 zamanda seslendirme sanat\u00e7\u0131s\u0131 olarak da \u00e7al\u0131\u015fmalar yapmaktad\u0131r.<\/p>\n<p>Be\u015fik\u00e7io\u011flu, sanat hayat\u0131 boyunca bir\u00e7ok \u00f6d\u00fcl\u00fcn sahibi olmu\u015f ve T\u00fcrk televizyon ve sinemas\u0131na \u00f6nemli katk\u0131larda bulunmu\u015ftur.<\/p>\n","protected":false},"excerpt":{"rendered":"<p>Elvin Be\u015fik\u00e7io\u011flu tiyatro oyunu olan Bat\u0131 Ekspresi&#8217;nin galas\u0131nda annesiyle beraber foto\u011fraf \u00e7ekindi. Ankara&#8217;dan sonra \u0130stanbul&#8217;da g\u00f6sterim yap\u0131lan tiyatro oyunu Bat\u0131 Ekspresi Avrupa&#8217;ya g\u00f6\u00e7 eden ve iki k\u00fclt\u00fcr aras\u0131ndaki karma\u015fay\u0131 konu alan kara mizah t\u00fcr\u00fcnde bir tiyatro oyunu. <\/p>\n","protected":false},"author":25,"featured_media":107977,"comment_status":"closed","ping_status":"closed","sticky":false,"template":"","format":"standard","meta":{"rank_math_lock_modified_date":false,"footnotes":""},"categories":[76],"tags":[4688,4687,4685,4686],"class_list":["post-107967","post","type-post","status-publish","format-standard","has-post-thumbnail","hentry","category-magazin","tag-bati-ekspresi","tag-derin-besikcioglu","tag-elvin-besikcioglu","tag-erdal-besikcioglu"],"_links":{"self":[{"href":"https:\/\/www.tgrthaber.com\/mavikadin\/wp-json\/wp\/v2\/posts\/107967"}],"collection":[{"href":"https:\/\/www.tgrthaber.com\/mavikadin\/wp-json\/wp\/v2\/posts"}],"about":[{"href":"https:\/\/www.tgrthaber.com\/mavikadin\/wp-json\/wp\/v2\/types\/post"}],"author":[{"embeddable":true,"href":"https:\/\/www.tgrthaber.com\/mavikadin\/wp-json\/wp\/v2\/users\/25"}],"replies":[{"embeddable":true,"href":"https:\/\/www.tgrthaber.com\/mavikadin\/wp-json\/wp\/v2\/comments?post=107967"}],"version-history":[{"count":1,"href":"https:\/\/www.tgrthaber.com\/mavikadin\/wp-json\/wp\/v2\/posts\/107967\/revisions"}],"predecessor-version":[{"id":107978,"href":"https:\/\/www.tgrthaber.com\/mavikadin\/wp-json\/wp\/v2\/posts\/107967\/revisions\/107978"}],"wp:featuredmedia":[{"embeddable":true,"href":"https:\/\/www.tgrthaber.com\/mavikadin\/wp-json\/wp\/v2\/media\/107977"}],"wp:attachment":[{"href":"https:\/\/www.tgrthaber.com\/mavikadin\/wp-json\/wp\/v2\/media?parent=107967"}],"wp:term":[{"taxonomy":"category","embeddable":true,"href":"https:\/\/www.tgrthaber.com\/mavikadin\/wp-json\/wp\/v2\/categories?post=107967"},{"taxonomy":"post_tag","embeddable":true,"href":"https:\/\/www.tgrthaber.com\/mavikadin\/wp-json\/wp\/v2\/tags?post=107967"}],"curies":[{"name":"wp","href":"https:\/\/api.w.org\/{rel}","templated":true}]}}