{"id":108027,"date":"2024-12-18T10:31:41","date_gmt":"2024-12-18T07:31:41","guid":{"rendered":"https:\/\/www.tgrthaber.com\/mavikadin\/?p=108027"},"modified":"2024-12-18T10:31:42","modified_gmt":"2024-12-18T07:31:42","slug":"teskilat-dizisine-yeni-oyuncu-geliyor-erkan-petekkaya-ejder-karakteriyle-diziye-katiliyor","status":"publish","type":"post","link":"https:\/\/www.tgrthaber.com\/mavikadin\/teskilat-dizisine-yeni-oyuncu-geliyor-erkan-petekkaya-ejder-karakteriyle-diziye-katiliyor\/","title":{"rendered":"Te\u015fkilat dizisine yeni oyuncu geliyor! Erkan Petekkaya Ejder karakteriyle diziye kat\u0131l\u0131yor"},"content":{"rendered":"<p>Te\u015fkilat dizisine bomba bir transfer ger\u00e7ekle\u015fiyor. Ba\u015far\u0131l\u0131 oyunculu\u011fuyla ad\u0131ndan s\u0131k s\u0131k s\u00f6z ettiren Erkan Petekkaya, Te\u015fkilat dizisinin kadrosuna kat\u0131l\u0131yor. Ba\u015frol oynayaca\u011f\u0131 dizinin \u00e7ekimleri ertelenen Petekkaya, Te\u015fkilat dizisinde \u201cEjder\u201d karakterine can verecek. Ejder karakterine can verecek Petekkaya\u2019n\u0131n oyunculuk performans\u0131 \u015fimdiden merak ediliyor. Bakal\u0131m Erkan Petekkaya, Te\u015fkilat dizisinde Ejder karakterini nas\u0131l canland\u0131racak\u2026<\/p>\n<h3>TE\u015eK\u0130LAT D\u0130Z\u0130S\u0130NE YEN\u0130 OYUNCU GEL\u0130YOR!<\/h3>\n<p>TRT 1 ekranlar\u0131n\u0131n sevilen dizisi Te\u015fkilat\u2019a yeni bir oyuncu geliyor. Pazar ak\u015famlar\u0131n\u0131n b\u00fcy\u00fck bir ilgiyle takip edilen dizisi Te\u015fkilat, t\u00fcm h\u0131z\u0131yla yay\u0131nlanmaya devam ediyor. Yay\u0131nland\u0131\u011f\u0131 her b\u00f6l\u00fcmle izleyiciyi ekran ba\u015f\u0131na kitleyen dizinin ba\u015frol\u00fcnde Tolga Sar\u0131ta\u015f ve Ayb\u00fcke Pusat yer al\u0131yor. Hem konusuyla hem de g\u00fc\u00e7l\u00fc oyuncu kadrosuyla seyircinin dikkatini \u00e7eken dizi, reytinglerde de olduk\u00e7a ba\u015far\u0131l\u0131 bir yol izliyor.<\/p>\n<p><img loading=\"lazy\" decoding=\"async\" class=\"alignnone wp-image-108038\" src=\"https:\/\/www.tgrthaber.com\/mavikadin\/wp-content\/uploads\/Adsiz-tasarim-2024-12-18T102923.062-1024x576.jpg\" alt=\"Te\u015fkilat dizisine yeni oyuncu geliyor! \" width=\"1208\" height=\"680\" title=\"\" srcset=\"https:\/\/www.tgrthaber.com\/mavikadin\/wp-content\/uploads\/Adsiz-tasarim-2024-12-18T102923.062-1024x576.jpg 1024w, https:\/\/www.tgrthaber.com\/mavikadin\/wp-content\/uploads\/Adsiz-tasarim-2024-12-18T102923.062-300x169.jpg 300w, https:\/\/www.tgrthaber.com\/mavikadin\/wp-content\/uploads\/Adsiz-tasarim-2024-12-18T102923.062-768x432.jpg 768w, https:\/\/www.tgrthaber.com\/mavikadin\/wp-content\/uploads\/Adsiz-tasarim-2024-12-18T102923.062-1536x864.jpg 1536w, https:\/\/www.tgrthaber.com\/mavikadin\/wp-content\/uploads\/Adsiz-tasarim-2024-12-18T102923.062.jpg 1600w\" sizes=\"(max-width: 1208px) 100vw, 1208px\" \/><\/p>\n<p>\u0130zleyicinin yo\u011fun bir ilgiyle takip etti\u011fi Te\u015fkilat dizisine yeni bir oyuncu geliyor. Te\u015fkilat dizisine yap\u0131lan bu bomba transfer ise seyircinin olduk\u00e7a dikkatini \u00e7ekiyor. \u0130zleyiciler yeni oyuncunun gelmesini merakla bekliyor. Yeni oyuncu transferiyle birlikte dizinin gidi\u015fat\u0131 da merak ediliyor. Dizinin ilerleyen b\u00f6l\u00fcmlerinde ne gibi olaylar\u0131n ya\u015fanaca\u011f\u0131 izleyicilerin merak ettikleri aras\u0131nda yer al\u0131yor. Peki, Te\u015fkilat dizisinin bomba transferi kim? \u0130\u015fte Te\u015fkilat dizisinin bomba transferi\u2026<\/p>\n<h3>ERKAN PETEKKAYA EJDER KARAKTER\u0130YLE D\u0130Z\u0130YE KATILIYOR!<\/h3>\n<p>Ba\u015far\u0131l\u0131 oyunculu\u011fuyla ad\u0131ndan s\u0131k\u00e7a s\u00f6z ettiren Erkan Petekkaya, Te\u015fkilat dizisine \u201cEjder\u201d karakteriyle kat\u0131l\u0131yor. Uzun zamand\u0131r ekranlarda g\u00f6r\u00fclmeyen Petekkaya, son olarak \u201cO K\u0131z\u201d adl\u0131 dizide ba\u015frol karaktere can vermi\u015fti. Son zamanlarda ad\u0131 \u201cYasak A\u015fk\u201d dizisiyle an\u0131lan Erkan Petekkaya, dizinin \u00e7ekimlerinin ertelenmesiyle birlikte ba\u015fka projelere y\u00f6neldi. Ba\u015far\u0131l\u0131 oyuncu Petekkaya, Yasak A\u015fk dizisi \u00f6ncesinde Pazar ak\u015famlar\u0131na damga vuran \u201cTe\u015fkilat\u201d dizisinde \u201cEjder\u201d karakterini canland\u0131rmaya haz\u0131rlan\u0131yor.<\/p>\n<p><img loading=\"lazy\" decoding=\"async\" class=\"alignnone wp-image-108039\" src=\"https:\/\/www.tgrthaber.com\/mavikadin\/wp-content\/uploads\/Adsiz-tasarim-2024-12-18T102936.735-1024x576.jpg\" alt=\"Te\u015fkilat dizisine yeni oyuncu geliyor! \" width=\"1208\" height=\"680\" title=\"\" srcset=\"https:\/\/www.tgrthaber.com\/mavikadin\/wp-content\/uploads\/Adsiz-tasarim-2024-12-18T102936.735-1024x576.jpg 1024w, https:\/\/www.tgrthaber.com\/mavikadin\/wp-content\/uploads\/Adsiz-tasarim-2024-12-18T102936.735-300x169.jpg 300w, https:\/\/www.tgrthaber.com\/mavikadin\/wp-content\/uploads\/Adsiz-tasarim-2024-12-18T102936.735-768x432.jpg 768w, https:\/\/www.tgrthaber.com\/mavikadin\/wp-content\/uploads\/Adsiz-tasarim-2024-12-18T102936.735-1536x864.jpg 1536w, https:\/\/www.tgrthaber.com\/mavikadin\/wp-content\/uploads\/Adsiz-tasarim-2024-12-18T102936.735.jpg 1600w\" sizes=\"(max-width: 1208px) 100vw, 1208px\" \/><\/p>\n<p>Erkan Petekkaya\u2019n\u0131n ba\u015frol oynayaca\u011f\u0131 \u201cYasak A\u015fk\u201d adl\u0131 dizinin \u00e7ekimleri bahar aylar\u0131na ertelenmi\u015fti. Adana\u2019da \u00e7ekimleri ger\u00e7ekle\u015fecek olan Tims&amp;B imzal\u0131, Erkan Petekkaya\u2019n\u0131n ise ba\u015frol\u00fcnde oynayaca\u011f\u0131 \u201cYasak A\u015fk\u201d dizisinin ekibi sete \u00e7\u0131kmaya haz\u0131rlan\u0131rken projenin ertelenmesine karar verilmi\u015fti. Umur Turagay\u2019\u0131n kurucu y\u00f6netmenli\u011fini yapaca\u011f\u0131 dizi mart sonuna ertelendi. Bunun \u00fczerine ba\u015far\u0131l\u0131 oyuncu Erkan Petekkaya, yeni proje olanaklar\u0131n\u0131 de\u011ferlendirmeye ba\u015flad\u0131. Erkan Petekkaya ile ilgili kulislerden s\u0131zan bir haber seyirciye heyecan ya\u015fatt\u0131. Ba\u015far\u0131l\u0131 oyuncunun ocak ay\u0131nda Te\u015fkilat dizisinde \u00e7ok konu\u015fulacak \u201cEjder\u201d karakterine can verece\u011fi konu\u015fuluyor.<\/p>\n<p>Ejder karakterini canland\u0131racak olan Erkan Petekkaya&#8217;n\u0131n oyunculuk performans\u0131 ve dizideki gidi\u015fat\u0131 \u015fimdiden merak ediliyor. Petekkaya&#8217;n\u0131n &#8220;Ejder&#8221; karakterine can vermesi seyirciyi de olduk\u00e7a heyecanland\u0131r\u0131yor.<\/p>\n","protected":false},"excerpt":{"rendered":"<p>TRT 1 ekranlar\u0131n\u0131n sevilen dizisi Te\u015fkilat\u2019a bomba bir transfer geliyor. Ba\u015far\u0131l\u0131 oyunculuk performans\u0131yla ad\u0131ndan s\u0131k\u00e7a s\u00f6z ettiren Erkan Petekka\u2019ya Te\u015fkilat dizisinin kadrosuna Ejder karakteriyle kat\u0131l\u0131yor. Ejder karakterinin dizideki yeri merak ediliyor. \u0130\u015fte ayr\u0131nt\u0131lar\u2026 <\/p>\n","protected":false},"author":26,"featured_media":108037,"comment_status":"closed","ping_status":"closed","sticky":false,"template":"","format":"standard","meta":{"rank_math_lock_modified_date":false,"footnotes":""},"categories":[602],"tags":[4091,840],"class_list":["post-108027","post","type-post","status-publish","format-standard","has-post-thumbnail","hentry","category-diziler","tag-erkan-petekkaya","tag-teskilat"],"_links":{"self":[{"href":"https:\/\/www.tgrthaber.com\/mavikadin\/wp-json\/wp\/v2\/posts\/108027"}],"collection":[{"href":"https:\/\/www.tgrthaber.com\/mavikadin\/wp-json\/wp\/v2\/posts"}],"about":[{"href":"https:\/\/www.tgrthaber.com\/mavikadin\/wp-json\/wp\/v2\/types\/post"}],"author":[{"embeddable":true,"href":"https:\/\/www.tgrthaber.com\/mavikadin\/wp-json\/wp\/v2\/users\/26"}],"replies":[{"embeddable":true,"href":"https:\/\/www.tgrthaber.com\/mavikadin\/wp-json\/wp\/v2\/comments?post=108027"}],"version-history":[{"count":1,"href":"https:\/\/www.tgrthaber.com\/mavikadin\/wp-json\/wp\/v2\/posts\/108027\/revisions"}],"predecessor-version":[{"id":108040,"href":"https:\/\/www.tgrthaber.com\/mavikadin\/wp-json\/wp\/v2\/posts\/108027\/revisions\/108040"}],"wp:featuredmedia":[{"embeddable":true,"href":"https:\/\/www.tgrthaber.com\/mavikadin\/wp-json\/wp\/v2\/media\/108037"}],"wp:attachment":[{"href":"https:\/\/www.tgrthaber.com\/mavikadin\/wp-json\/wp\/v2\/media?parent=108027"}],"wp:term":[{"taxonomy":"category","embeddable":true,"href":"https:\/\/www.tgrthaber.com\/mavikadin\/wp-json\/wp\/v2\/categories?post=108027"},{"taxonomy":"post_tag","embeddable":true,"href":"https:\/\/www.tgrthaber.com\/mavikadin\/wp-json\/wp\/v2\/tags?post=108027"}],"curies":[{"name":"wp","href":"https:\/\/api.w.org\/{rel}","templated":true}]}}