{"id":108237,"date":"2024-12-18T15:59:01","date_gmt":"2024-12-18T12:59:01","guid":{"rendered":"https:\/\/www.tgrthaber.com\/mavikadin\/?p=108237"},"modified":"2024-12-18T16:04:36","modified_gmt":"2024-12-18T13:04:36","slug":"ruhi-cenet-sosyal-medyada-gundem-olan-magara-videosunu-kaldirdi-sebebini-bakin-nasil-acikladi","status":"publish","type":"post","link":"https:\/\/www.tgrthaber.com\/mavikadin\/ruhi-cenet-sosyal-medyada-gundem-olan-magara-videosunu-kaldirdi-sebebini-bakin-nasil-acikladi\/","title":{"rendered":"Ruhi \u00c7enet sosyal medyada g\u00fcndem olan ma\u011fara videosunu kald\u0131rd\u0131! Sebebini bak\u0131n nas\u0131l a\u00e7\u0131klad\u0131"},"content":{"rendered":"<p>D\u00fcnyan\u0131n en derin ma\u011faras\u0131na inen Ruhi \u00c7enet sosyal medya hesab\u0131ndan a\u00e7\u0131klamada bulundu. \u00dcnl\u00fc fenomen \u00c7enet, Abhazya\u2019daki Krubera Ma\u011faras\u0131\u2019nda 8 g\u00fcn boyunca seyahat ederek 2224 metre derine indi.<\/p>\n<h3>RUH\u0130 \u00c7ENET\u2019TEN MA\u011eARA A\u00c7IKLAMASI!<\/h3>\n<p>Sosyal medya hesab\u0131ndan a\u00e7\u0131klama yapan Ruhi \u00c7enet, \u015funlar\u0131 ifade etti: \u201cSizlerden gelen baz\u0131 geri bildirimler sonras\u0131 videodaki \u201c350 metre ile 400 metre\u201d ve 1000 metre ile 1200 metre\u201d aras\u0131nda konulan baz\u0131 sahnelerde yanl\u0131\u015fl\u0131klar oldu\u011funu fark ettik. Ma\u011faran\u0131n karanl\u0131k ve birbirine benzeyen ta\u015f yap\u0131s\u0131 nedeniyle d\u00fczenleme s\u0131ras\u0131nda baz\u0131 sahneleri yanl\u0131\u015f yerle\u015ftirmi\u015fiz. Zaten d\u00fczenlemeyi yapan ekip ile ma\u011faraya inen ekip ayn\u0131 de\u011fil. Bu yanl\u0131\u015fl\u0131klar belgeselimizdeki yeni hayvan ke\u015ffi ya da en derin k\u0131s\u0131mdaki \u00f6l\u00e7\u00fcmlerle ilgili de\u011fildir. D\u00fczeltmek i\u00e7in videoyu gizliye al\u0131yoruz, hatalar giderilince tekrar yay\u0131nda olacakt\u0131r.\u201d<\/p>\n<p><img loading=\"lazy\" decoding=\"async\" class=\"alignnone wp-image-108238\" src=\"https:\/\/www.tgrthaber.com\/mavikadin\/wp-content\/uploads\/Intro-1600-Ruhi-Cenet-1.jpg\" alt=\"\" width=\"1208\" height=\"680\" title=\"\" srcset=\"https:\/\/www.tgrthaber.com\/mavikadin\/wp-content\/uploads\/Intro-1600-Ruhi-Cenet-1.jpg 1600w, https:\/\/www.tgrthaber.com\/mavikadin\/wp-content\/uploads\/Intro-1600-Ruhi-Cenet-1-300x169.jpg 300w, https:\/\/www.tgrthaber.com\/mavikadin\/wp-content\/uploads\/Intro-1600-Ruhi-Cenet-1-1024x576.jpg 1024w, https:\/\/www.tgrthaber.com\/mavikadin\/wp-content\/uploads\/Intro-1600-Ruhi-Cenet-1-768x432.jpg 768w, https:\/\/www.tgrthaber.com\/mavikadin\/wp-content\/uploads\/Intro-1600-Ruhi-Cenet-1-1536x864.jpg 1536w\" sizes=\"(max-width: 1208px) 100vw, 1208px\" \/><\/p>\n<h3>V\u0130DEOSUNU 7 M\u0130LYON K\u0130\u015e\u0130 \u0130ZLED\u0130<\/h3>\n<p>Ruhi \u00c7enet yakla\u015f\u0131k 7 milyon ki\u015finin izledi\u011fi ke\u015fif videosunda T\u00fcrkiye Ma\u011farac\u0131l\u0131k Federasyonu\u2019nun kendisine yard\u0131m etmek istemedi\u011fini anlatmas\u0131 \u00fczerine b\u00fcy\u00fck bir kavgan\u0131n fitilini ate\u015fledi.<\/p>\n<p>Ma\u011farac\u0131l\u0131k Federasyonu\u2019nun \u201cHayati tehlike e\u011fitim gerektirir\u201d a\u00e7\u0131klamas\u0131 \u00fczerine \u00c7enet ise, \u201cT\u00fcrkiye neden b\u00f6yle bir bilgiden mahrum kald\u0131 bence \u00f6ncelikle bunu sormal\u0131lar kendilerine\u201d diye cevap verdi.<\/p>\n<p><img loading=\"lazy\" decoding=\"async\" class=\"alignnone wp-image-108239\" src=\"https:\/\/www.tgrthaber.com\/mavikadin\/wp-content\/uploads\/Ruhi-Cenet-3.jpg\" alt=\"\" width=\"1208\" height=\"1509\" title=\"\" srcset=\"https:\/\/www.tgrthaber.com\/mavikadin\/wp-content\/uploads\/Ruhi-Cenet-3.jpg 1080w, https:\/\/www.tgrthaber.com\/mavikadin\/wp-content\/uploads\/Ruhi-Cenet-3-240x300.jpg 240w, https:\/\/www.tgrthaber.com\/mavikadin\/wp-content\/uploads\/Ruhi-Cenet-3-820x1024.jpg 820w, https:\/\/www.tgrthaber.com\/mavikadin\/wp-content\/uploads\/Ruhi-Cenet-3-768x959.jpg 768w\" sizes=\"(max-width: 1208px) 100vw, 1208px\" \/><\/p>\n<h3>\u201cBAZILARI HAYATIMI KAYBETMEMDEN END\u0130\u015eE ETT\u0130\u201d<\/h3>\n<p>Ruhi \u00c7enet \u00e7ekti\u011fi video ile T\u00fcrkiye Ma\u011farac\u0131l\u0131k Federasyonu\u2019na cevap vermi\u015fti. \u00c7enet, ya\u015fad\u0131klar\u0131n\u0131, &#8220;Yola \u00e7\u0131kmadan \u00f6nce herkes, oraya gitmemem konusunda \u0131srar etti. Baz\u0131lar\u0131 hayat\u0131m\u0131 kaybetmemden endi\u015fe etti. Ancak bu maceray\u0131 tamamlamaya kararl\u0131yd\u0131m&#8221; diye anlatan Ruhi \u00c7enet, Federasyon i\u00e7inse, \u201cBenim projemi alayc\u0131 bir tav\u0131rla kar\u015f\u0131lad\u0131lar. Beni k\u00fc\u00e7\u00fck bir \u00e7er\u00e7eveye s\u0131\u011fd\u0131rmaya \u00e7al\u0131\u015ft\u0131lar. Ben onlara d\u00fcnyan\u0131n en derin ma\u011faras\u0131n\u0131 ke\u015ffedece\u011fiz ve bu tarihe ge\u00e7ecek dedi\u011fimde \u00e7ok anlamad\u0131lar beni. Fakat neyse ki Rus ma\u011fara bilimci ekip benim sesimi duydu ve onlarla bu ke\u015ffi ger\u00e7ekle\u015ftirdik. Bu \u00e7al\u0131\u015fma \u015fu an K\u0131r\u0131m Federal \u00dcniversitesi\u2019nde g\u00f6r\u00fcl\u00fcyor, yani bilgi oraya akt\u0131. T\u00fcrkiye neden b\u00f6yle bir bilgiden mahrum kald\u0131 bence \u00f6ncelikle bunu sormal\u0131lar kendilerine. D\u00fcnyan\u0131n en derin ma\u011faras\u0131na gidemeyen bir ma\u011farac\u0131l\u0131k federasyonundan bahsediyoruz\u201d diye konu\u015ftu.<\/p>\n","protected":false},"excerpt":{"rendered":"<p>Ruhi \u00c7enet d\u00fcnyan\u0131n en derin ma\u011faras\u0131na inerek dikkatleri \u00fczerine \u00e7ekmi\u015fti. Sosyal medya hesab\u0131ndan a\u00e7\u0131klama yapan fenomen isim videolar\u0131n\u0131 gizliye ald\u0131\u011f\u0131n\u0131 bunun nedeninin ise baz\u0131 d\u00fczeltmeler oldu\u011funu s\u00f6yledi.<\/p>\n","protected":false},"author":5,"featured_media":108240,"comment_status":"closed","ping_status":"closed","sticky":false,"template":"","format":"standard","meta":{"rank_math_lock_modified_date":false,"footnotes":""},"categories":[76],"tags":[4761,4762],"class_list":["post-108237","post","type-post","status-publish","format-standard","has-post-thumbnail","hentry","category-magazin","tag-ruhi-cenet","tag-ruhi-cenet-magara"],"_links":{"self":[{"href":"https:\/\/www.tgrthaber.com\/mavikadin\/wp-json\/wp\/v2\/posts\/108237"}],"collection":[{"href":"https:\/\/www.tgrthaber.com\/mavikadin\/wp-json\/wp\/v2\/posts"}],"about":[{"href":"https:\/\/www.tgrthaber.com\/mavikadin\/wp-json\/wp\/v2\/types\/post"}],"author":[{"embeddable":true,"href":"https:\/\/www.tgrthaber.com\/mavikadin\/wp-json\/wp\/v2\/users\/5"}],"replies":[{"embeddable":true,"href":"https:\/\/www.tgrthaber.com\/mavikadin\/wp-json\/wp\/v2\/comments?post=108237"}],"version-history":[{"count":1,"href":"https:\/\/www.tgrthaber.com\/mavikadin\/wp-json\/wp\/v2\/posts\/108237\/revisions"}],"predecessor-version":[{"id":108241,"href":"https:\/\/www.tgrthaber.com\/mavikadin\/wp-json\/wp\/v2\/posts\/108237\/revisions\/108241"}],"wp:featuredmedia":[{"embeddable":true,"href":"https:\/\/www.tgrthaber.com\/mavikadin\/wp-json\/wp\/v2\/media\/108240"}],"wp:attachment":[{"href":"https:\/\/www.tgrthaber.com\/mavikadin\/wp-json\/wp\/v2\/media?parent=108237"}],"wp:term":[{"taxonomy":"category","embeddable":true,"href":"https:\/\/www.tgrthaber.com\/mavikadin\/wp-json\/wp\/v2\/categories?post=108237"},{"taxonomy":"post_tag","embeddable":true,"href":"https:\/\/www.tgrthaber.com\/mavikadin\/wp-json\/wp\/v2\/tags?post=108237"}],"curies":[{"name":"wp","href":"https:\/\/api.w.org\/{rel}","templated":true}]}}