{"id":108242,"date":"2024-12-18T16:16:35","date_gmt":"2024-12-18T13:16:35","guid":{"rendered":"https:\/\/www.tgrthaber.com\/mavikadin\/?p=108242"},"modified":"2024-12-18T17:45:39","modified_gmt":"2024-12-18T14:45:39","slug":"ay-takvimine-gore-2024-aralik-ayi-sac-kesim-gunleri-tarihleri","status":"publish","type":"post","link":"https:\/\/www.tgrthaber.com\/mavikadin\/ay-takvimine-gore-2024-aralik-ayi-sac-kesim-gunleri-tarihleri\/","title":{"rendered":"Ay takvimine g\u00f6re 2024 Aral\u0131k ay\u0131 sa\u00e7 kesim g\u00fcnleri, tarihleri"},"content":{"rendered":"<p>Ge\u00e7mi\u015ften g\u00fcn\u00fcm\u00fcze yeni ay, hilal, dolunay gibi ay\u0131n evrelerinin insan v\u00fccudu, davran\u0131\u015flar\u0131 hatta sa\u00e7 sa\u011fl\u0131\u011f\u0131 \u00fczerinde etkili oldu\u011funa inan\u0131lmaktad\u0131r.<\/p>\n<p>Bu inan\u00e7 sistemine g\u00f6re ay\u0131n baz\u0131 g\u00fcnleri sa\u00e7lara bak\u0131m, kesim yapmak sa\u00e7lar\u0131n daha sa\u011fl\u0131kl\u0131 ve g\u00fc\u00e7l\u00fc uzamas\u0131na, parlak sa\u00e7lara kavu\u015fmaya yard\u0131mc\u0131 oluyor, sa\u00e7 d\u00f6k\u00fclmesini \u00f6nl\u00fcyor.<\/p>\n<h3>AYIN HANG\u0130 G\u00dcNLER\u0130NDE SA\u00c7 KES\u0130L\u0130R? 2024 ARALIK AYI SA\u00c7 KES\u0130M G\u00dcNLER\u0130<\/h3>\n<p>Antik \u00e7a\u011flardan bu yana Ay&#8217;\u0131n sa\u00e7\u0131 bir\u00e7ok \u015fekilde etkiledi\u011fi (d\u00f6k\u00fclmesi, uzamas\u0131, parlakl\u0131\u011f\u0131 vb) dair g\u00fc\u00e7l\u00fc bir inan\u00e7 vard\u0131r.<\/p>\n<p>Bir\u00e7ok ki\u015fi sa\u00e7lar\u0131n\u0131 boyamay\u0131 veya kestirmeyi d\u00fc\u015f\u00fcn\u00fcrken ay d\u00f6ng\u00fcs\u00fcne g\u00f6re hareket eder, ay\u0131n baz\u0131 g\u00fcnlerde sa\u00e7 kestirmemeyi tercih ederken baz\u0131 g\u00fcnlerinde ise sa\u00e7lar\u0131na bak\u0131m ve kesim uygular.<\/p>\n<p><strong>2024 Aral\u0131k ay\u0131nda sa\u00e7 kesim g\u00fcnlerini \u015f\u00f6yle s\u0131ralayabiliriz:<\/strong><\/p>\n<p><strong>Yeni Ay (1 Aral\u0131k 2024):<\/strong> Yeni ay\u0131n ilk g\u00fcn\u00fc olan 1 Aral\u0131k\u2019ta sa\u00e7lar i\u00e7in dinlenme ve yenilenme zaman\u0131 oldu\u011fundan sa\u00e7a bak\u0131m ve kesim \u00f6nerilmez.<\/p>\n<p><strong>\u0130lk D\u00f6rd\u00fcn (8 Aral\u0131k 2024):<\/strong> Sa\u00e7lar\u0131n\u0131n h\u0131zla uzamas\u0131n\u0131 isteyenler ay\u0131n ilk d\u00f6rd\u00fcn halinde yani 8 Aral\u0131k\u2019ta sa\u00e7lar\u0131n\u0131 kestirebilir.<\/p>\n<p><strong>Dolunay (15 Aral\u0131k 2024):<\/strong> Ay\u0131n t\u00fcm ihti\u015fam\u0131yla belirdi\u011fi dolunayda sa\u00e7lar\u0131 kestirmek i\u00e7in ideal zamand\u0131r, dolunayda sa\u00e7 kesimi yapmak sa\u00e7\u0131n g\u00fc\u00e7lenmesi ve hacim kazanmas\u0131na yard\u0131mc\u0131 olur.<\/p>\n<p><img loading=\"lazy\" decoding=\"async\" class=\"wp-image-108245\" src=\"https:\/\/www.tgrthaber.com\/mavikadin\/wp-content\/uploads\/ay-takvimine-gore-2024-aralik-ayi-sac-kesim-gunleri-3.jpg\" alt=\"ay takvimine g\u00f6re 2024 aral\u0131k ay\u0131 sa\u00e7 kesim g\u00fcnleri\" width=\"1208\" height=\"680\" title=\"\" srcset=\"https:\/\/www.tgrthaber.com\/mavikadin\/wp-content\/uploads\/ay-takvimine-gore-2024-aralik-ayi-sac-kesim-gunleri-3.jpg 1920w, https:\/\/www.tgrthaber.com\/mavikadin\/wp-content\/uploads\/ay-takvimine-gore-2024-aralik-ayi-sac-kesim-gunleri-3-300x169.jpg 300w, https:\/\/www.tgrthaber.com\/mavikadin\/wp-content\/uploads\/ay-takvimine-gore-2024-aralik-ayi-sac-kesim-gunleri-3-1024x576.jpg 1024w, https:\/\/www.tgrthaber.com\/mavikadin\/wp-content\/uploads\/ay-takvimine-gore-2024-aralik-ayi-sac-kesim-gunleri-3-768x432.jpg 768w, https:\/\/www.tgrthaber.com\/mavikadin\/wp-content\/uploads\/ay-takvimine-gore-2024-aralik-ayi-sac-kesim-gunleri-3-1536x864.jpg 1536w\" sizes=\"(max-width: 1208px) 100vw, 1208px\" \/><\/p>\n<p><strong>18-20 Aral\u0131k 2024 (Aslan Burcu):<\/strong> Ay&#8217;\u0131n Aslan burcunda oldu\u011fu g\u00fcnlerdendir, sa\u00e7 kesimi i\u00e7in uygun zaman dilimidir.<\/p>\n<p><strong>20-22 Aral\u0131k 2024 (Ba\u015fak Burcu):<\/strong> Ay ba\u015fak burcundad\u0131r, 20-22 Aral\u0131k da sa\u00e7 bak\u0131m ve kesimi i\u00e7in uygun bir d\u00f6nem.<\/p>\n<p><strong>Son D\u00f6rd\u00fcn (23 Aral\u0131k 2024):<\/strong> Son d\u00f6rd\u00fcnde sa\u00e7lar\u0131n uzamas\u0131 yava\u015flar, bu d\u00f6nem sa\u00e7 kesimi i\u00e7in uygun de\u011fildir.<\/p>\n<p><strong>Yeni Ay (31 Aral\u0131k 2024):<\/strong> Yeni ayda yani 31 Aral\u0131k\u2019da sa\u00e7 kesimi \u00f6nerilmez; sa\u00e7\u0131n dinlenme yenilenme zaman\u0131d\u0131r, sa\u00e7lar kendi haline b\u0131rak\u0131l\u0131r.<\/p>\n<h3>SA\u00c7 KES\u0130M\u0130 AYIN HANG\u0130 EVRES\u0130NDE YAPILMALI, SA\u00c7LAR KES\u0130LMEL\u0130?<\/h3>\n<p>Sa\u00e7 kesimi ay\u0131n dolunay evresi ve ilk d\u00f6rd\u00fcn evresinde yap\u0131lmal\u0131d\u0131r.<\/p>\n<p><strong>Dolunay Evresi:<\/strong> Ay\u0131n dolunay evresi sa\u00e7 kesimi i\u00e7in ideal zamand\u0131r, bu d\u00f6nemde sa\u00e7\u0131n kesilmesi sa\u00e7lar\u0131n daha kal\u0131n, hacimli ve g\u00fc\u00e7l\u00fc olmas\u0131na yard\u0131mc\u0131 olaca\u011f\u0131na inan\u0131l\u0131r.<\/p>\n<p><strong>\u0130lk D\u00f6rd\u00fcn Evresi:<\/strong> Yeni Ay\u2019dan 7-14 g\u00fcn sonraki ay\u0131n ilk d\u00f6rd\u00fcn evresi de sa\u00e7 uzamas\u0131n\u0131 h\u0131zland\u0131rmak amac\u0131yla sa\u00e7 kesilebilir, bu g\u00fcnlerde sa\u00e7 kesimi yapmak sa\u00e7lar\u0131 h\u0131zla uzatabiliyor.<\/p>\n<p><img loading=\"lazy\" decoding=\"async\" class=\"wp-image-108246\" src=\"https:\/\/www.tgrthaber.com\/mavikadin\/wp-content\/uploads\/ay-takvimine-gore-2024-aralik-ayi-sac-kesim-gunleri-2.jpg\" alt=\"ay takvimine g\u00f6re 2024 aral\u0131k ay\u0131 sa\u00e7 kesim g\u00fcnleri\" width=\"1208\" height=\"680\" title=\"\" srcset=\"https:\/\/www.tgrthaber.com\/mavikadin\/wp-content\/uploads\/ay-takvimine-gore-2024-aralik-ayi-sac-kesim-gunleri-2.jpg 1920w, https:\/\/www.tgrthaber.com\/mavikadin\/wp-content\/uploads\/ay-takvimine-gore-2024-aralik-ayi-sac-kesim-gunleri-2-300x169.jpg 300w, https:\/\/www.tgrthaber.com\/mavikadin\/wp-content\/uploads\/ay-takvimine-gore-2024-aralik-ayi-sac-kesim-gunleri-2-1024x576.jpg 1024w, https:\/\/www.tgrthaber.com\/mavikadin\/wp-content\/uploads\/ay-takvimine-gore-2024-aralik-ayi-sac-kesim-gunleri-2-768x432.jpg 768w, https:\/\/www.tgrthaber.com\/mavikadin\/wp-content\/uploads\/ay-takvimine-gore-2024-aralik-ayi-sac-kesim-gunleri-2-1536x864.jpg 1536w\" sizes=\"(max-width: 1208px) 100vw, 1208px\" \/><\/p>\n<h3>AY TAKV\u0130M\u0130NE G\u00d6RE SA\u00c7 KES\u0130M\u0130 NE \u0130\u015eE YARAR?<\/h3>\n<p>Ay takvimine g\u00f6re sa\u00e7 kesimi, bilimsel bir temele dayanmamakla birlikte, ay takvimine g\u00f6re sa\u00e7 kesiminin sa\u00e7lar\u0131 g\u00fc\u00e7lendirdi\u011fi, h\u0131zl\u0131 uzatt\u0131\u011f\u0131, sa\u00e7a hacim kazand\u0131rd\u0131\u011f\u0131, d\u00f6k\u00fclmesini durdurdu\u011funa inan\u0131l\u0131r.<\/p>\n<h3>PER\u015eEMBE G\u00dcN\u00dc SA\u00c7 KES\u0130L\u0130R M\u0130?<\/h3>\n<p>Per\u015fembe g\u00fcn\u00fc sa\u00e7 kesimi \u00f6nerilen zaman dilimlerinden, bu g\u00fcn, sa\u00e7 kestirmek ki\u015fiye ba\u015far\u0131 ve \u015fans, ki\u015finin hayat\u0131na olumlu geli\u015fmeler getirdi\u011fine inan\u0131l\u0131r.<\/p>\n<h3>AY TAKV\u0130M\u0130 HANG\u0130 TAKV\u0130MDED\u0130R?<\/h3>\n<p>Ay takvimi, Ay&#8217;\u0131n D\u00fcnya etraf\u0131nda bir tam d\u00f6n\u00fc\u015f\u00fcn\u00fc esas alarak olu\u015fturulmu\u015f bir takvimdir. Bu takvimde, g\u00fcnler, aylar ve y\u0131llar Ay&#8217;\u0131n hareketlerine g\u00f6re d\u00fczenlenir.<\/p>\n<p>Hicri takvim olan \u0130slami takvim de ay takvimini esas al\u0131r.<\/p>\n<h3>SA\u00c7LARIN HIZLI UZAMASI \u0130\u00c7\u0130N ARALIK AYINDA HANG\u0130 G\u00dcNLERDE SA\u00c7 KES\u0130L\u0130R?<\/h3>\n<p>Sa\u00e7lar\u0131n\u0131n h\u0131zla uzamas\u0131n\u0131 isteyenler 2024 Aral\u0131k ay\u0131n\u0131n ilk d\u00f6rd\u00fcn halinde yani 8 Aral\u0131k\u2019ta sa\u00e7lar\u0131n\u0131 kestirebilir.<\/p>\n","protected":false},"excerpt":{"rendered":"<p>Sa\u00e7\u0131n\u0131z\u0131 ne zaman kestirece\u011finiz konusunda karars\u0131z kald\u0131ysan\u0131z ay takvimine g\u00f6re hareket etmenizi \u00f6neririz. Ay takvimine g\u00f6re sa\u00e7 kesimi, sa\u00e7 bak\u0131m\u0131 uygulamas\u0131yla g\u00fc\u00e7l\u00fc ve parlak sa\u00e7lara sahip olabilirsiniz. Peki Aral\u0131k ay\u0131n\u0131 ya\u015fad\u0131\u011f\u0131m\u0131z \u015fu g\u00fcnlerde ay takvimine g\u00f6re sa\u00e7 hangi g\u00fcnlerde kesilir?<\/p>\n","protected":false},"author":30,"featured_media":108243,"comment_status":"closed","ping_status":"closed","sticky":false,"template":"","format":"standard","meta":{"rank_math_lock_modified_date":false,"footnotes":""},"categories":[166],"tags":[4763,4764],"class_list":["post-108242","post","type-post","status-publish","format-standard","has-post-thumbnail","hentry","category-sac-bakimi-sac-uzatma","tag-ay-takvimi","tag-sac-kesimi"],"_links":{"self":[{"href":"https:\/\/www.tgrthaber.com\/mavikadin\/wp-json\/wp\/v2\/posts\/108242"}],"collection":[{"href":"https:\/\/www.tgrthaber.com\/mavikadin\/wp-json\/wp\/v2\/posts"}],"about":[{"href":"https:\/\/www.tgrthaber.com\/mavikadin\/wp-json\/wp\/v2\/types\/post"}],"author":[{"embeddable":true,"href":"https:\/\/www.tgrthaber.com\/mavikadin\/wp-json\/wp\/v2\/users\/30"}],"replies":[{"embeddable":true,"href":"https:\/\/www.tgrthaber.com\/mavikadin\/wp-json\/wp\/v2\/comments?post=108242"}],"version-history":[{"count":2,"href":"https:\/\/www.tgrthaber.com\/mavikadin\/wp-json\/wp\/v2\/posts\/108242\/revisions"}],"predecessor-version":[{"id":108287,"href":"https:\/\/www.tgrthaber.com\/mavikadin\/wp-json\/wp\/v2\/posts\/108242\/revisions\/108287"}],"wp:featuredmedia":[{"embeddable":true,"href":"https:\/\/www.tgrthaber.com\/mavikadin\/wp-json\/wp\/v2\/media\/108243"}],"wp:attachment":[{"href":"https:\/\/www.tgrthaber.com\/mavikadin\/wp-json\/wp\/v2\/media?parent=108242"}],"wp:term":[{"taxonomy":"category","embeddable":true,"href":"https:\/\/www.tgrthaber.com\/mavikadin\/wp-json\/wp\/v2\/categories?post=108242"},{"taxonomy":"post_tag","embeddable":true,"href":"https:\/\/www.tgrthaber.com\/mavikadin\/wp-json\/wp\/v2\/tags?post=108242"}],"curies":[{"name":"wp","href":"https:\/\/api.w.org\/{rel}","templated":true}]}}