{"id":108248,"date":"2024-12-18T16:31:17","date_gmt":"2024-12-18T13:31:17","guid":{"rendered":"https:\/\/www.tgrthaber.com\/mavikadin\/?p=108248"},"modified":"2025-01-26T16:32:18","modified_gmt":"2025-01-26T13:32:18","slug":"zembilli-dizisinin-esmasi-sude-zulal-guler-kimdir-yasi-ve-oyunculuk-kariyeri-arastiriliyor","status":"publish","type":"post","link":"https:\/\/www.tgrthaber.com\/mavikadin\/zembilli-dizisinin-esmasi-sude-zulal-guler-kimdir-yasi-ve-oyunculuk-kariyeri-arastiriliyor\/","title":{"rendered":"Zembilli dizisinin Esma&#8217;s\u0131 Sude Z\u00fclal G\u00fcler kimdir? Ya\u015f\u0131 ve oyunculuk kariyeri ara\u015ft\u0131r\u0131l\u0131yor"},"content":{"rendered":"<p>ATV ekranlar\u0131nda izleyici ile bulu\u015facak Zembilli dizisinin oyuncu kadrosunda kimlerin yer ald\u0131\u011f\u0131 belli oldu. Birbirinden gen\u00e7 yeteneklerin ve ba\u015far\u0131l\u0131 isimlerin yer ald\u0131\u011f\u0131 dizi oyuncu kadrosu ve konusuyla dikkatleri \u00fczerine \u00e7ekiyor. Hen\u00fcz yay\u0131n tarihi belli olmayan dizinin oyuncu kadrosunda yer alan gen\u00e7 yeteneklerin kimler oldu\u011fu merak ediliyor. Y\u00f6r\u00fck k\u00fclt\u00fcr\u00fcne ele alan ve geleneksel ya\u015fam tarz\u0131n\u0131 konu edinen dizide birbirinden yetenekli isimler yer al\u0131yor. Dizide \u201cEsma\u201d karakterine can veren Sude Z\u00fclal G\u00fcler\u2019in kim oldu\u011fu da merak ediliyor.<\/p>\n<p>Peki, Zembilli\u2019nin Esma\u2019s\u0131 Sude Z\u00fclal G\u00fcler kimdir? Sude Z\u00fclal G\u00fcler ka\u00e7 ya\u015f\u0131nda, oyunculuk kariyerinde nas\u0131l ilerledi? Sude Z\u00fclal G\u00fcler hakk\u0131nda merak edilenleri sizin i\u00e7in ara\u015ft\u0131rd\u0131k. \u0130\u015fte Sude Z\u00fclal G\u00fcler hakk\u0131nda bilinmeyenler\u2026<\/p>\n<h3>SUDE Z\u00dcLAL G\u00dcLER K\u0130MD\u0130R?<\/h3>\n<p>Sude Z\u00fclal G\u00fcler, 25 A\u011fustos 2001 tarihinde \u0130stanbul\u2019da d\u00fcnyaya geldi. Aslen Makedonya k\u00f6kenli olan G\u00fcler, ilkokul ve ortaokul e\u011fitimini tamamlad\u0131ktan sonra lise e\u011fitimini \u00d6zden Cengiz Anadolu Lisesi\u2019nde tamamlayarak mezun oldu. Daha sonra \u0130nsan Kaynaklar\u0131 B\u00f6l\u00fcm\u00fc\u2019nde e\u011fitim alan G\u00fcler, e\u011fitim hayat\u0131 devam ederken bir yandan da oyunculuk dersleri almaya ba\u015flad\u0131.<\/p>\n<p><img loading=\"lazy\" decoding=\"async\" class=\"alignnone wp-image-108249\" src=\"https:\/\/www.tgrthaber.com\/mavikadin\/wp-content\/uploads\/Adsiz-tasarim-2024-12-18T162346.863-1024x576.jpg\" alt=\"Sude Z\u00fclal G\u00fcler kimdir? \" width=\"1208\" height=\"680\" title=\"\" srcset=\"https:\/\/www.tgrthaber.com\/mavikadin\/wp-content\/uploads\/Adsiz-tasarim-2024-12-18T162346.863-1024x576.jpg 1024w, https:\/\/www.tgrthaber.com\/mavikadin\/wp-content\/uploads\/Adsiz-tasarim-2024-12-18T162346.863-300x169.jpg 300w, https:\/\/www.tgrthaber.com\/mavikadin\/wp-content\/uploads\/Adsiz-tasarim-2024-12-18T162346.863-768x432.jpg 768w, https:\/\/www.tgrthaber.com\/mavikadin\/wp-content\/uploads\/Adsiz-tasarim-2024-12-18T162346.863-1536x864.jpg 1536w, https:\/\/www.tgrthaber.com\/mavikadin\/wp-content\/uploads\/Adsiz-tasarim-2024-12-18T162346.863.jpg 1600w\" sizes=\"(max-width: 1208px) 100vw, 1208px\" \/><\/p>\n<p>Erken ya\u015fta oyunculuk sekt\u00f6r\u00fcne ad\u0131m atan Sude Z\u00fclal G\u00fcler, 12 ya\u015flar\u0131nda oyunculuk kariyerine ilk ad\u0131m\u0131n\u0131 \u201c\u00c7\u0131nar\u201d adl\u0131 diziyle att\u0131. Oyunculuk kariyerinde kendini geli\u015ftirmeye devam eden G\u00fcler, kariyerinin ilerleyen b\u00f6l\u00fcmlerinde ba\u015far\u0131l\u0131 projelere imza att\u0131.<\/p>\n<h3>SUDE Z\u00dcLAL G\u00dcLER KA\u00c7 YA\u015eINDA?<\/h3>\n<p>\u015eimdilerde 23 ya\u015f\u0131nda olan Sude Z\u00fclal G\u00fcler, ba\u015far\u0131l\u0131 oyunculu\u011fuyla dikkatleri \u00fczerine \u00e7ekmeyi ba\u015far\u0131yor. Oyunculu\u011fa erken ya\u015flarda ba\u015flayan G\u00fcler, bir\u00e7ok ba\u015far\u0131l\u0131 projede yer ald\u0131.<\/p>\n<p><img loading=\"lazy\" decoding=\"async\" class=\"alignnone wp-image-108250\" src=\"https:\/\/www.tgrthaber.com\/mavikadin\/wp-content\/uploads\/Adsiz-tasarim-2024-12-18T162317.836-1024x576.jpg\" alt=\"Sude Z\u00fclal G\u00fcler kimdir? \" width=\"1208\" height=\"680\" title=\"\" srcset=\"https:\/\/www.tgrthaber.com\/mavikadin\/wp-content\/uploads\/Adsiz-tasarim-2024-12-18T162317.836-1024x576.jpg 1024w, https:\/\/www.tgrthaber.com\/mavikadin\/wp-content\/uploads\/Adsiz-tasarim-2024-12-18T162317.836-300x169.jpg 300w, https:\/\/www.tgrthaber.com\/mavikadin\/wp-content\/uploads\/Adsiz-tasarim-2024-12-18T162317.836-768x432.jpg 768w, https:\/\/www.tgrthaber.com\/mavikadin\/wp-content\/uploads\/Adsiz-tasarim-2024-12-18T162317.836-1536x864.jpg 1536w, https:\/\/www.tgrthaber.com\/mavikadin\/wp-content\/uploads\/Adsiz-tasarim-2024-12-18T162317.836.jpg 1600w\" sizes=\"(max-width: 1208px) 100vw, 1208px\" \/><\/p>\n<p>G\u00fcler, 2016 y\u0131l\u0131nda \u201cMuhte\u015fem Y\u00fczy\u0131l K\u00f6sem\u201d dizisinde \u201cAy\u015fe Sultan\u201d karakterine can vermi\u015f ve oyunculuk kariyerini geli\u015ftirmi\u015fti. As\u0131l pop\u00fclerli\u011fini 2020 y\u0131l\u0131nda Show TV ekranlar\u0131nda izleyici kar\u015f\u0131s\u0131na \u00e7\u0131kan \u201c\u015eeref S\u00f6z\u00fc\u201d dizisinde \u201c\u0130sra\u201d karakteriyle kazanan G\u00fcler, bu rol\u00fcyle geni\u015f kitlelere hitap etmi\u015ftir.<\/p>\n<h3>SUDE Z\u00dcLAL G\u00dcLER KAR\u0130YER\u0130NDE NASIL \u0130LERLED\u0130?<\/h3>\n<p>Sude Z\u00fclal G\u00fcler, \u015eeref S\u00f6z\u00fc dizisinden sonra 2021 y\u0131l\u0131nda Star TV ekranlar\u0131nda izleyici ile bulu\u015fan \u201cKazara A\u015fk\u201d ve 2022 y\u0131l\u0131nda FOX TV ekranlar\u0131nda izleyici kar\u015f\u0131s\u0131na \u00e7\u0131kan \u201cG\u00fcl\u00fcmse Kaderine\u201d dizisinde \u201cYaren\/G\u00fcls\u00fcn\u201d karakterine can vermi\u015ftir. G\u00fcler, sonras\u0131nda 2022 y\u0131l\u0131na damga vuran \u201cTozlu Yaka\u201d dizisinde \u201cMavi\u201d karakterine can vermi\u015f ve tan\u0131n\u0131rl\u0131\u011f\u0131n\u0131 iyice art\u0131rm\u0131\u015ft\u0131r.<\/p>\n<p><img loading=\"lazy\" decoding=\"async\" class=\"alignnone wp-image-108251\" src=\"https:\/\/www.tgrthaber.com\/mavikadin\/wp-content\/uploads\/Adsiz-tasarim-2024-12-18T162305.793-1024x576.jpg\" alt=\"Sude Z\u00fclal G\u00fcler kimdir? \" width=\"1208\" height=\"680\" title=\"\" srcset=\"https:\/\/www.tgrthaber.com\/mavikadin\/wp-content\/uploads\/Adsiz-tasarim-2024-12-18T162305.793-1024x576.jpg 1024w, https:\/\/www.tgrthaber.com\/mavikadin\/wp-content\/uploads\/Adsiz-tasarim-2024-12-18T162305.793-300x169.jpg 300w, https:\/\/www.tgrthaber.com\/mavikadin\/wp-content\/uploads\/Adsiz-tasarim-2024-12-18T162305.793-768x432.jpg 768w, https:\/\/www.tgrthaber.com\/mavikadin\/wp-content\/uploads\/Adsiz-tasarim-2024-12-18T162305.793-1536x864.jpg 1536w, https:\/\/www.tgrthaber.com\/mavikadin\/wp-content\/uploads\/Adsiz-tasarim-2024-12-18T162305.793.jpg 1600w\" sizes=\"(max-width: 1208px) 100vw, 1208px\" \/><\/p>\n<p>2023 y\u0131l\u0131nda ise TRT 1ekranlar\u0131n\u0131n hala ilgiyle takip edilen dizisi \u201cG\u00f6n\u00fcl Da\u011f\u0131\u201d dizisinde \u201cYe\u015fim\u201d karakterine can vermi\u015ftir. Son olarak yine TRT 1 ekranlar\u0131nda izleyici ile bulu\u015fan \u201cBir Sevdad\u0131r\u201d dizisinde \u201cYe\u015fil\u201d karakterine can veren G\u00fcler, reyting kurban\u0131 olmu\u015f ve ekranlarda k\u0131sa s\u00fcre izleyici kar\u015f\u0131s\u0131na \u00e7\u0131km\u0131\u015ft\u0131r. \u015eimdilerde ise ATV ekranlar\u0131nda izleyici kar\u015f\u0131s\u0131na \u00e7\u0131kmaya haz\u0131rlanan \u201cZembilli\u201d dizisinde \u201cEsma\u201d karakterine can verecek G\u00fcler\u2019in oyunculuk performans\u0131 izleyici taraf\u0131ndan merakla bekleniyor.<\/p>\n<h3>SUDE Z\u00dcLAL G\u00dcLER K\u0130M\u0130NLE SEVG\u0130L\u0130?<\/h3>\n<p>Ba\u015far\u0131l\u0131 oyunculu\u011fuyla dikkat \u00e7eken Sude Z\u00fclal G\u00fcler, \u015fimdilerde G\u00f6n\u00fcl Da\u011f\u0131 dizisinin y\u0131ld\u0131z oyuncusu Berk Atan ile a\u015fk ya\u015f\u0131yor. G\u00f6n\u00fcl Da\u011f\u0131 dizisinde tan\u0131\u015farak arkada\u015fl\u0131klar\u0131 a\u015fka d\u00f6n\u00fc\u015fen ikili dolu dizgin a\u015fklar\u0131n\u0131 ya\u015famaya devam ediyor.<\/p>\n<p><img loading=\"lazy\" decoding=\"async\" class=\"alignnone wp-image-108252\" src=\"https:\/\/www.tgrthaber.com\/mavikadin\/wp-content\/uploads\/Adsiz-tasarim-2024-12-18T162607.213-1024x576.jpg\" alt=\"Sude Z\u00fclal G\u00fcler kimdir? \" width=\"1208\" height=\"680\" title=\"\" srcset=\"https:\/\/www.tgrthaber.com\/mavikadin\/wp-content\/uploads\/Adsiz-tasarim-2024-12-18T162607.213-1024x576.jpg 1024w, https:\/\/www.tgrthaber.com\/mavikadin\/wp-content\/uploads\/Adsiz-tasarim-2024-12-18T162607.213-300x169.jpg 300w, https:\/\/www.tgrthaber.com\/mavikadin\/wp-content\/uploads\/Adsiz-tasarim-2024-12-18T162607.213-768x432.jpg 768w, https:\/\/www.tgrthaber.com\/mavikadin\/wp-content\/uploads\/Adsiz-tasarim-2024-12-18T162607.213-1536x864.jpg 1536w, https:\/\/www.tgrthaber.com\/mavikadin\/wp-content\/uploads\/Adsiz-tasarim-2024-12-18T162607.213.jpg 1600w\" sizes=\"(max-width: 1208px) 100vw, 1208px\" \/><\/p>\n<p>Uzun s\u00fcredir mutlu beraberlikleri devam eden Sude Z\u00fclal G\u00fcler ve Berk Atan \u00e7ifti, ili\u015fkilerini kimseden gizlemiyor. Her f\u0131rsatta romantik payla\u015f\u0131mlar\u0131yla dikkat \u00e7eken ikili dolu dizgin a\u015fklar\u0131n\u0131 tam gaz devam ettiriyor.<\/p>\n<h3>ZEMB\u0130LL\u0130 ESMA K\u0130MD\u0130R?<\/h3>\n<p>\u015eimdilerde ATV ekranlar\u0131nda yay\u0131nlanacak olan \u201cZembilli\u201d dizisinde \u201cEsma\u201d karakterini canland\u0131racak olan Sude Z\u00fclal G\u00fcler\u2019in oyunculuk performans\u0131 da merak ediliyor. Yay\u0131n tarihi hen\u00fcz kesinle\u015fmeyen dizinin iki teaser\u0131 da yay\u0131nland\u0131. Seyirci taraf\u0131ndan merakla beklenen dizinin karakterlerinin de kimler oldu\u011fu merak ediliyor.<\/p>\n<p><img loading=\"lazy\" decoding=\"async\" class=\"alignnone wp-image-108253\" src=\"https:\/\/www.tgrthaber.com\/mavikadin\/wp-content\/uploads\/Adsiz-tasarim-2024-12-18T162400.815-1024x576.jpg\" alt=\"Sude Z\u00fclal G\u00fcler kimdir? \" width=\"1208\" height=\"680\" title=\"\" srcset=\"https:\/\/www.tgrthaber.com\/mavikadin\/wp-content\/uploads\/Adsiz-tasarim-2024-12-18T162400.815-1024x576.jpg 1024w, https:\/\/www.tgrthaber.com\/mavikadin\/wp-content\/uploads\/Adsiz-tasarim-2024-12-18T162400.815-300x169.jpg 300w, https:\/\/www.tgrthaber.com\/mavikadin\/wp-content\/uploads\/Adsiz-tasarim-2024-12-18T162400.815-768x432.jpg 768w, https:\/\/www.tgrthaber.com\/mavikadin\/wp-content\/uploads\/Adsiz-tasarim-2024-12-18T162400.815-1536x864.jpg 1536w, https:\/\/www.tgrthaber.com\/mavikadin\/wp-content\/uploads\/Adsiz-tasarim-2024-12-18T162400.815.jpg 1600w\" sizes=\"(max-width: 1208px) 100vw, 1208px\" \/><\/p>\n<p>Y\u00f6r\u00fck k\u00fclt\u00fcr\u00fcn\u00fc ele alan Zembilli dizisi geleneksel ya\u015fam ile modern ya\u015fam aras\u0131ndaki \u00e7at\u0131\u015fmalar\u0131 konu al\u0131yor. A\u015fk, dostluk ve aile ba\u011flar\u0131 gibi temalar\u0131n etraf\u0131nda geli\u015fen dizi, modern d\u00fcnyaya uyum sa\u011flamaya \u00e7al\u0131\u015fan bir kasabay\u0131 anlat\u0131yor. Esma karakteri ise bu kasabada ya\u015fayan g\u00fc\u00e7l\u00fc ve \u00f6zg\u00fcr bir kad\u0131n olarak kar\u015f\u0131m\u0131za \u00e7\u0131kacak.<\/p>\n<h3>SUDE Z\u00dcLAL G\u00dcLER ROL ALDI\u011eI D\u0130Z\u0130LER<\/h3>\n<p>2015-2016:\u00a0May\u0131s Krali\u00e7esi (P\u0131nar)<\/p>\n<p>2016:\u00a0Muhte\u015fem Y\u00fczy\u0131l K\u00f6sem (Ay\u015fe Sultan)<\/p>\n<p>2017:\u00a0\u0130simsizler (Biruske \/ Umay)<\/p>\n<p>2020:\u00a0\u015eeref S\u00f6z\u00fc (\u0130sra Adabeyli)<\/p>\n<p>2021:\u00a0Kazara A\u015fk (\u015eimal Karadeniz)<\/p>\n<p>2022:\u00a0G\u00fcl\u00fcmse Kaderine (Yaren \/ G\u00fcls\u00fcn G\u00fcne\u015f)<\/p>\n<p>2022:\u00a0Tozluyaka (Mavi G\u00fcne\u015f)<\/p>\n<p>2023:\u00a0G\u00f6n\u00fcl Da\u011f\u0131 (Ye\u015fim Soner)<\/p>\n<p>2024:\u00a0Bir Sevdad\u0131r (Ye\u015fil Da\u011fl\u0131ca)<\/p>\n<p>2024: Zembilli (Esma)<\/p>\n<p><img loading=\"lazy\" decoding=\"async\" class=\"alignnone wp-image-108254\" src=\"https:\/\/www.tgrthaber.com\/mavikadin\/wp-content\/uploads\/Adsiz-tasarim-2024-12-18T162450.326-1024x576.jpg\" alt=\"Sude Z\u00fclal G\u00fcler kimdir? \" width=\"1208\" height=\"680\" title=\"\" srcset=\"https:\/\/www.tgrthaber.com\/mavikadin\/wp-content\/uploads\/Adsiz-tasarim-2024-12-18T162450.326-1024x576.jpg 1024w, https:\/\/www.tgrthaber.com\/mavikadin\/wp-content\/uploads\/Adsiz-tasarim-2024-12-18T162450.326-300x169.jpg 300w, https:\/\/www.tgrthaber.com\/mavikadin\/wp-content\/uploads\/Adsiz-tasarim-2024-12-18T162450.326-768x432.jpg 768w, https:\/\/www.tgrthaber.com\/mavikadin\/wp-content\/uploads\/Adsiz-tasarim-2024-12-18T162450.326-1536x864.jpg 1536w, https:\/\/www.tgrthaber.com\/mavikadin\/wp-content\/uploads\/Adsiz-tasarim-2024-12-18T162450.326.jpg 1600w\" sizes=\"(max-width: 1208px) 100vw, 1208px\" \/><\/p>\n<h3>SUDE Z\u00dcLAL G\u00dcLER ROL ALDI\u011eI \u0130NTERNET D\u0130Z\u0130LER\u0130<\/h3>\n<p>2021:\u00a0\u00d6\u011frenci Evi (Esra)<\/p>\n<h3>SUDE Z\u00dcLAL G\u00dcLER ROL ALDI\u011eI S\u0130NEMA F\u0130LM\u0130<\/h3>\n<p>2018:\u00a0Ke\u015fif (Esma)<\/p>\n","protected":false},"excerpt":{"rendered":"<p>ATV ekranlar\u0131nda izleyici kar\u015f\u0131s\u0131na \u00e7\u0131kacak olan Zembilli dizisinin oyuncu kadrosu belli oldu. Birbirinden gen\u00e7 yeteneklerin ve ba\u015far\u0131l\u0131 isimlerin yer ald\u0131\u011f\u0131 dizi oyuncu kadrosu ve konusuyla dikkat \u00e7ekiyor. Dizinin ba\u015frol karakteri Sude Z\u00fclal G\u00fcler\u2019in de kim oldu\u011fu merak ediliyor. \u0130\u015fte Sude Z\u00fclal G\u00fcler hakk\u0131nda merak edilenler\u2026 <\/p>\n","protected":false},"author":26,"featured_media":108255,"comment_status":"closed","ping_status":"closed","sticky":false,"template":"","format":"standard","meta":{"rank_math_lock_modified_date":false,"footnotes":""},"categories":[491],"tags":[4765,4317,4319],"class_list":["post-108248","post","type-post","status-publish","format-standard","has-post-thumbnail","hentry","category-biyografi","tag-sude-zulal-guler","tag-zembilli","tag-zembilli-dizisi"],"_links":{"self":[{"href":"https:\/\/www.tgrthaber.com\/mavikadin\/wp-json\/wp\/v2\/posts\/108248"}],"collection":[{"href":"https:\/\/www.tgrthaber.com\/mavikadin\/wp-json\/wp\/v2\/posts"}],"about":[{"href":"https:\/\/www.tgrthaber.com\/mavikadin\/wp-json\/wp\/v2\/types\/post"}],"author":[{"embeddable":true,"href":"https:\/\/www.tgrthaber.com\/mavikadin\/wp-json\/wp\/v2\/users\/26"}],"replies":[{"embeddable":true,"href":"https:\/\/www.tgrthaber.com\/mavikadin\/wp-json\/wp\/v2\/comments?post=108248"}],"version-history":[{"count":2,"href":"https:\/\/www.tgrthaber.com\/mavikadin\/wp-json\/wp\/v2\/posts\/108248\/revisions"}],"predecessor-version":[{"id":126012,"href":"https:\/\/www.tgrthaber.com\/mavikadin\/wp-json\/wp\/v2\/posts\/108248\/revisions\/126012"}],"wp:featuredmedia":[{"embeddable":true,"href":"https:\/\/www.tgrthaber.com\/mavikadin\/wp-json\/wp\/v2\/media\/108255"}],"wp:attachment":[{"href":"https:\/\/www.tgrthaber.com\/mavikadin\/wp-json\/wp\/v2\/media?parent=108248"}],"wp:term":[{"taxonomy":"category","embeddable":true,"href":"https:\/\/www.tgrthaber.com\/mavikadin\/wp-json\/wp\/v2\/categories?post=108248"},{"taxonomy":"post_tag","embeddable":true,"href":"https:\/\/www.tgrthaber.com\/mavikadin\/wp-json\/wp\/v2\/tags?post=108248"}],"curies":[{"name":"wp","href":"https:\/\/api.w.org\/{rel}","templated":true}]}}