{"id":108264,"date":"2024-12-18T16:40:37","date_gmt":"2024-12-18T13:40:37","guid":{"rendered":"https:\/\/www.tgrthaber.com\/mavikadin\/?p=108264"},"modified":"2024-12-18T16:41:01","modified_gmt":"2024-12-18T13:41:01","slug":"yilmaz-morgulden-kotu-haber-alnindan-ve-yanaklarindan-kanlar-geliyor","status":"publish","type":"post","link":"https:\/\/www.tgrthaber.com\/mavikadin\/yilmaz-morgulden-kotu-haber-alnindan-ve-yanaklarindan-kanlar-geliyor\/","title":{"rendered":"Y\u0131lmaz Morg\u00fcl\u2019den k\u00f6t\u00fc haber!  \u201cAln\u0131ndan ve yanaklar\u0131ndan kanlar geliyor\u201d"},"content":{"rendered":"<p>Magazin d\u00fcnyas\u0131nda &#8220;Felaket Tellal\u0131&#8221; olarak tan\u0131nan ses sanat\u00e7\u0131s\u0131 ve magazin yazar\u0131 Onur Akay, duyurdu\u011fu k\u00f6t\u00fc haberlerle ad\u0131ndan s\u00f6z ettiriyor. Bu sefer ise meslekta\u015f\u0131 olan ses sanat\u00e7\u0131s\u0131 Y\u0131lmaz Morg\u00fcl ile ilgili \u00fcz\u00fcc\u00fc bir geli\u015fme ya\u015fand\u0131\u011f\u0131n\u0131 duyurdu.<\/p>\n<h3>MORG\u00dcL G\u00dcL HASTALI\u011eI \u0130LE SAVA\u015eIYOR!<\/h3>\n<p>Onur Akay &#8220;Tek ilac\u0131 klasik T\u00fcrk musikisi!&#8221; ba\u015fl\u0131kl\u0131 bir yaz\u0131s\u0131nda Morg\u00fcl&#8217;\u00fcn g\u00fcl hastal\u0131\u011f\u0131 ile sava\u015ft\u0131\u011f\u0131n\u0131 duyurdu. Okay, &#8220;Y\u0131lmaz Morg\u00fcl, biliyorsunuz 1996 y\u0131l\u0131nda cilt kanserine yakalanm\u0131\u015f ve tedavi g\u00f6rm\u00fc\u015ft\u00fc. Hatta Survivor&#8217;a kat\u0131ld\u0131\u011f\u0131nda Acun Il\u0131cal\u0131&#8217;dan tara\u015f olma izni ald\u0131\u011f\u0131n\u0131 da ben yazm\u0131\u015ft\u0131m.\u201d diyerek a\u00e7\u0131klad\u0131.<\/p>\n<p><img loading=\"lazy\" decoding=\"async\" class=\"alignnone wp-image-108266\" src=\"https:\/\/www.tgrthaber.com\/mavikadin\/wp-content\/uploads\/yilmaz-morgul-survivor-da-300x169.jpg\" alt=\"y\u0131lmaz morg\u00fcl survivor da\" width=\"1208\" height=\"680\" title=\"\" srcset=\"https:\/\/www.tgrthaber.com\/mavikadin\/wp-content\/uploads\/yilmaz-morgul-survivor-da-300x169.jpg 300w, https:\/\/www.tgrthaber.com\/mavikadin\/wp-content\/uploads\/yilmaz-morgul-survivor-da-1024x576.jpg 1024w, https:\/\/www.tgrthaber.com\/mavikadin\/wp-content\/uploads\/yilmaz-morgul-survivor-da-768x432.jpg 768w, https:\/\/www.tgrthaber.com\/mavikadin\/wp-content\/uploads\/yilmaz-morgul-survivor-da-1536x864.jpg 1536w, https:\/\/www.tgrthaber.com\/mavikadin\/wp-content\/uploads\/yilmaz-morgul-survivor-da.jpg 1920w\" sizes=\"(max-width: 1208px) 100vw, 1208px\" \/><\/p>\n<h3>ALNINDAN VE YANAKLARINDAN KANLAR GEL\u0130YOR<\/h3>\n<p>Onur Akay kaleme ald\u0131\u011f\u0131 yaz\u0131da \u201cY\u0131lmaz Morg\u00fcl, \u015fimdilerde ise yine bir cilt rahats\u0131zl\u0131\u011f\u0131 olan &#8216;g\u00fcl hastal\u0131\u011f\u0131&#8217; nedeni ile zor g\u00fcnler ya\u015f\u0131yor. Aln\u0131ndan ve yanaklar\u0131ndan kanlar geldi\u011fini g\u00f6rd\u00fcm ve \u00e7ok \u00fcz\u00fcld\u00fcm. Kendisine acil \u015fifalar diliyorum.&#8221; diyerek arkada\u015f\u0131n\u0131n rahats\u0131zl\u0131\u011f\u0131n\u0131 payla\u015ft\u0131. Y\u0131lmaz Morg\u00fcl cephesinden rahats\u0131zl\u0131\u011f\u0131 ile ilgili bir a\u00e7\u0131klama hen\u00fcz gelmedi.<\/p>\n<p><img loading=\"lazy\" decoding=\"async\" class=\"alignnone wp-image-108267\" src=\"https:\/\/www.tgrthaber.com\/mavikadin\/wp-content\/uploads\/yilmaz-morgul-ve-onur-akay-duet-yaparken-300x169.jpg\" alt=\"y\u0131lmaz morg\u00fcl ve onur akay d\u00fcet yaparken\" width=\"1208\" height=\"680\" title=\"\" srcset=\"https:\/\/www.tgrthaber.com\/mavikadin\/wp-content\/uploads\/yilmaz-morgul-ve-onur-akay-duet-yaparken-300x169.jpg 300w, https:\/\/www.tgrthaber.com\/mavikadin\/wp-content\/uploads\/yilmaz-morgul-ve-onur-akay-duet-yaparken-1024x576.jpg 1024w, https:\/\/www.tgrthaber.com\/mavikadin\/wp-content\/uploads\/yilmaz-morgul-ve-onur-akay-duet-yaparken-768x432.jpg 768w, https:\/\/www.tgrthaber.com\/mavikadin\/wp-content\/uploads\/yilmaz-morgul-ve-onur-akay-duet-yaparken-1536x864.jpg 1536w, https:\/\/www.tgrthaber.com\/mavikadin\/wp-content\/uploads\/yilmaz-morgul-ve-onur-akay-duet-yaparken.jpg 1920w\" sizes=\"(max-width: 1208px) 100vw, 1208px\" \/><\/p>\n<h3>G\u00dcL HASTALI\u011eI NEDEN\u0130 \u0130LE ZOR G\u00dcNLER YA\u015eIYOR.<\/h3>\n<p>Y\u0131lmaz Morg\u00fcl\u2019\u00fcn bu rahats\u0131zl\u0131\u011f\u0131 nedeniyle stresli ve gergin oldu\u011funu dile getiren Akay, yaz\u0131s\u0131n\u0131n devam\u0131nda ise \u015funlar\u0131 s\u00f6yledi:<\/p>\n<p>&#8220;Y\u0131lmaz, biraz stresli bir arkada\u015f\u0131m\u0131z ve g\u00fcl hastal\u0131\u011f\u0131n\u0131n n\u00fcksetmesi de sadece bu strese ba\u011fl\u0131. Asl\u0131nda ilac\u0131 da kendisinde. Klasik T\u00fcrk musiki dinleyerek bu hastal\u0131\u011f\u0131 yenece\u011finden eminim.&#8221; diyerek Y\u0131lmaz Morg\u00fcl ile sahnede d\u00fcet yaparken \u00e7ekilmi\u015f eski bir foto\u011fraf\u0131n\u0131 da payla\u015ft\u0131.<\/p>\n","protected":false},"excerpt":{"rendered":"<p>1996 y\u0131l\u0131nda cilt kanserine yakalanan ve tedavi g\u00f6ren meslekta\u015f\u0131 Y\u0131lmaz Morg\u00fcl&#8217;\u00fcn g\u00fcl hastal\u0131\u011f\u0131 ile m\u00fccadele etti\u011fini a\u00e7\u0131klayan T\u00fcrk sanat m\u00fczi\u011fi sanat\u00e7\u0131s\u0131 Onur Akay, bu durumu kamuoyuyla payla\u015ft\u0131.<\/p>\n","protected":false},"author":10,"featured_media":108265,"comment_status":"closed","ping_status":"closed","sticky":false,"template":"","format":"standard","meta":{"rank_math_lock_modified_date":false,"footnotes":""},"categories":[76],"tags":[4767,3284],"class_list":["post-108264","post","type-post","status-publish","format-standard","has-post-thumbnail","hentry","category-magazin","tag-gul-hastaligi","tag-yilmaz-morgul"],"_links":{"self":[{"href":"https:\/\/www.tgrthaber.com\/mavikadin\/wp-json\/wp\/v2\/posts\/108264"}],"collection":[{"href":"https:\/\/www.tgrthaber.com\/mavikadin\/wp-json\/wp\/v2\/posts"}],"about":[{"href":"https:\/\/www.tgrthaber.com\/mavikadin\/wp-json\/wp\/v2\/types\/post"}],"author":[{"embeddable":true,"href":"https:\/\/www.tgrthaber.com\/mavikadin\/wp-json\/wp\/v2\/users\/10"}],"replies":[{"embeddable":true,"href":"https:\/\/www.tgrthaber.com\/mavikadin\/wp-json\/wp\/v2\/comments?post=108264"}],"version-history":[{"count":2,"href":"https:\/\/www.tgrthaber.com\/mavikadin\/wp-json\/wp\/v2\/posts\/108264\/revisions"}],"predecessor-version":[{"id":108269,"href":"https:\/\/www.tgrthaber.com\/mavikadin\/wp-json\/wp\/v2\/posts\/108264\/revisions\/108269"}],"wp:featuredmedia":[{"embeddable":true,"href":"https:\/\/www.tgrthaber.com\/mavikadin\/wp-json\/wp\/v2\/media\/108265"}],"wp:attachment":[{"href":"https:\/\/www.tgrthaber.com\/mavikadin\/wp-json\/wp\/v2\/media?parent=108264"}],"wp:term":[{"taxonomy":"category","embeddable":true,"href":"https:\/\/www.tgrthaber.com\/mavikadin\/wp-json\/wp\/v2\/categories?post=108264"},{"taxonomy":"post_tag","embeddable":true,"href":"https:\/\/www.tgrthaber.com\/mavikadin\/wp-json\/wp\/v2\/tags?post=108264"}],"curies":[{"name":"wp","href":"https:\/\/api.w.org\/{rel}","templated":true}]}}