{"id":108281,"date":"2024-12-18T17:35:55","date_gmt":"2024-12-18T14:35:55","guid":{"rendered":"https:\/\/www.tgrthaber.com\/mavikadin\/?p=108281"},"modified":"2024-12-18T17:43:28","modified_gmt":"2024-12-18T14:43:28","slug":"umit-erdimden-takipcisine-esprili-yanit-45-yil-sonra-ikiz-dogdu","status":"publish","type":"post","link":"https:\/\/www.tgrthaber.com\/mavikadin\/umit-erdimden-takipcisine-esprili-yanit-45-yil-sonra-ikiz-dogdu\/","title":{"rendered":"\u00dcmit Erdim\u2019den takip\u00e7isine esprili yan\u0131t! \u201c4,5 y\u0131l sonra ikiz do\u011fdu&#8221;"},"content":{"rendered":"<p>\u00dcmit Erdim ve Seda Erdim&#8217;in ailelerini geni\u015fleten sevin\u00e7 dolu hik\u00e2yesi, 2017 y\u0131l\u0131nda nik\u00e2h masas\u0131nda ba\u015flad\u0131. 2018&#8217;de k\u0131zlar\u0131 Ses&#8217;in d\u00fcnyaya gelmesiyle ailenin mutlulu\u011fu daha da artt\u0131. Ancak bu mutluluk, 22 Eyl\u00fcl tarihinde Ela ad\u0131n\u0131 verdikleri ikinci \u00e7ocuklar\u0131n\u0131n do\u011fumuyla zirveye ula\u015ft\u0131.<\/p>\n<h3>SES VE ELA\u2019YI B\u0130RB\u0130R\u0130NE BENZETT\u0130LER<\/h3>\n<p>\u00dcmit Erdim, k\u0131zlar\u0131 Ses ve Eda ile birlikte ge\u00e7irdi\u011fi keyifli g\u00fcnlerden payla\u015ft\u0131\u011f\u0131 foto\u011fraflarla sosyal medyada g\u00fcndem oldu. Baba ve k\u0131zlar\u0131 aras\u0131ndaki samimi anlar\u0131 takip\u00e7ileriyle payla\u015farak sevgi dolu bir aile tablosu \u00e7izen \u00dcmit Erdim, k\u0131zlar\u0131n\u0131n benzerli\u011fi konusunda yap\u0131lan yoruma da cevap verdi.<\/p>\n<p><img loading=\"lazy\" decoding=\"async\" class=\"alignnone wp-image-108283\" src=\"https:\/\/www.tgrthaber.com\/mavikadin\/wp-content\/uploads\/umit-erdim-kizlari-ses-ve-eda-300x169.jpg\" alt=\"\u00fcmit erdim k\u0131zlar\u0131 ses ve eda\" width=\"1208\" height=\"680\" title=\"\" srcset=\"https:\/\/www.tgrthaber.com\/mavikadin\/wp-content\/uploads\/umit-erdim-kizlari-ses-ve-eda-300x169.jpg 300w, https:\/\/www.tgrthaber.com\/mavikadin\/wp-content\/uploads\/umit-erdim-kizlari-ses-ve-eda-1024x576.jpg 1024w, https:\/\/www.tgrthaber.com\/mavikadin\/wp-content\/uploads\/umit-erdim-kizlari-ses-ve-eda-768x432.jpg 768w, https:\/\/www.tgrthaber.com\/mavikadin\/wp-content\/uploads\/umit-erdim-kizlari-ses-ve-eda-1536x864.jpg 1536w, https:\/\/www.tgrthaber.com\/mavikadin\/wp-content\/uploads\/umit-erdim-kizlari-ses-ve-eda.jpg 1920w\" sizes=\"(max-width: 1208px) 100vw, 1208px\" \/><\/p>\n<h3>4,5 YIL SONRA \u0130K\u0130Z DO\u011eDU<\/h3>\n<p>\u00dcmit Erdim, k\u0131zlar\u0131 Ses ve Eda ile ge\u00e7irdi\u011fi keyifli anlar\u0131 sosyal medyada payla\u015ft\u0131ktan sonra takip\u00e7ilerinden b\u00fcy\u00fck ilgi g\u00f6rd\u00fc. Bir takip\u00e7isinin &#8220;Ses ve Eda ikiz gibi&#8221; yorumuna esprili bir \u015fekilde cevap veren \u00dcmit Erdim, &#8220;4,5 y\u0131l sonra ikiz do\u011fdu&#8221; diyerek mizahi bir yakla\u015f\u0131m sergiledi. Bu cevap takip\u00e7ilerini g\u00fcld\u00fcrd\u00fc.<\/p>\n","protected":false},"excerpt":{"rendered":"<p>\u00dcmit Erdim k\u0131zlar\u0131 Ses ve Eda ile olan foto\u011fraflar\u0131n\u0131 payla\u015ft\u0131. Baba ve k\u0131zlar\u0131 olarak ge\u00e7irdikleri g\u00fcnden g\u00fczel an\u0131lar\u0131 sosyal medya hesab\u0131nda payla\u015fan \u00dcmit Erdim, k\u0131zlar\u0131n\u0131n benzerli\u011fi konusunda yap\u0131lan yoruma cevap verdi. <\/p>\n","protected":false},"author":10,"featured_media":108282,"comment_status":"closed","ping_status":"closed","sticky":false,"template":"","format":"standard","meta":{"rank_math_lock_modified_date":false,"footnotes":""},"categories":[76],"tags":[3674],"class_list":["post-108281","post","type-post","status-publish","format-standard","has-post-thumbnail","hentry","category-magazin","tag-umit-erdim"],"_links":{"self":[{"href":"https:\/\/www.tgrthaber.com\/mavikadin\/wp-json\/wp\/v2\/posts\/108281"}],"collection":[{"href":"https:\/\/www.tgrthaber.com\/mavikadin\/wp-json\/wp\/v2\/posts"}],"about":[{"href":"https:\/\/www.tgrthaber.com\/mavikadin\/wp-json\/wp\/v2\/types\/post"}],"author":[{"embeddable":true,"href":"https:\/\/www.tgrthaber.com\/mavikadin\/wp-json\/wp\/v2\/users\/10"}],"replies":[{"embeddable":true,"href":"https:\/\/www.tgrthaber.com\/mavikadin\/wp-json\/wp\/v2\/comments?post=108281"}],"version-history":[{"count":2,"href":"https:\/\/www.tgrthaber.com\/mavikadin\/wp-json\/wp\/v2\/posts\/108281\/revisions"}],"predecessor-version":[{"id":108285,"href":"https:\/\/www.tgrthaber.com\/mavikadin\/wp-json\/wp\/v2\/posts\/108281\/revisions\/108285"}],"wp:featuredmedia":[{"embeddable":true,"href":"https:\/\/www.tgrthaber.com\/mavikadin\/wp-json\/wp\/v2\/media\/108282"}],"wp:attachment":[{"href":"https:\/\/www.tgrthaber.com\/mavikadin\/wp-json\/wp\/v2\/media?parent=108281"}],"wp:term":[{"taxonomy":"category","embeddable":true,"href":"https:\/\/www.tgrthaber.com\/mavikadin\/wp-json\/wp\/v2\/categories?post=108281"},{"taxonomy":"post_tag","embeddable":true,"href":"https:\/\/www.tgrthaber.com\/mavikadin\/wp-json\/wp\/v2\/tags?post=108281"}],"curies":[{"name":"wp","href":"https:\/\/api.w.org\/{rel}","templated":true}]}}