{"id":108288,"date":"2024-12-18T17:56:19","date_gmt":"2024-12-18T14:56:19","guid":{"rendered":"https:\/\/www.tgrthaber.com\/mavikadin\/?p=108288"},"modified":"2025-01-29T00:01:22","modified_gmt":"2025-01-28T21:01:22","slug":"sahipsizler-dizisinin-faruku-hasan-denizyaran-kimdir-yasi-ve-oyunculuk-kariyeri-arastiriliyor","status":"publish","type":"post","link":"https:\/\/www.tgrthaber.com\/mavikadin\/sahipsizler-dizisinin-faruku-hasan-denizyaran-kimdir-yasi-ve-oyunculuk-kariyeri-arastiriliyor\/","title":{"rendered":"Sahipsizler dizisinin Faruk\u2019u Hasan Denizyaran kimdir? Ya\u015f\u0131 ve oyunculuk kariyeri ara\u015ft\u0131r\u0131l\u0131yor"},"content":{"rendered":"<p>Star TV ekranlar\u0131n\u0131n iddial\u0131 dizileri aras\u0131nda yer alan \u201cSahipsizler\u201d hem konusuyla hem de g\u00fc\u00e7l\u00fc oyuncu kadrosuyla dikkatleri \u00fczerine \u00e7ekmeyi ba\u015fard\u0131. Reytinglerde y\u00fckseli\u015fe ge\u00e7en dizinin oyuncular\u0131n\u0131n da kim oldu\u011fu merak ediliyor. Dizide yer alan gen\u00e7 ve yetenekli isimler dikkatleri \u00fczerine \u00e7ekiyor. Dizi gen\u00e7 ve dinamik oyuncu kadrosuyla daha \u00f6nce ekranlarda \u00e7ok fazla g\u00f6rmedi\u011fimiz oyuncular\u0131 bir araya getiriyor. Dizinin oyuncu kadrosunda yer alan isimlerinde \u00f6zel hayatlar\u0131 merak ediliyor.<\/p>\n<p>Sahipsizler dizisinin oyuncu kadrosuna ge\u00e7ti\u011fimiz haftalarda kat\u0131lan ba\u015far\u0131l\u0131 oyuncu Hasan Denizyaran\u2019\u0131n da kim oldu\u011fu merak ediliyor. Peki, Hasan Denizyaran kimdir, ka\u00e7 ya\u015f\u0131nda? Hasan Denizyaran oyunculuk kariyerinde nas\u0131l ilerledi? Hasan Denizyaran hakk\u0131nda merak edilenleri sizin i\u00e7in ara\u015ft\u0131rd\u0131k. \u0130\u015fte Hasan Denizyaran hakk\u0131nda bilinmeyenler\u2026<\/p>\n<h3>HASAN DEN\u0130ZYARAN K\u0130MD\u0130R?<\/h3>\n<p>Hasan Denizyaran, 24 Temmuz 1993 tarihinde \u0130zmir\u2019de d\u00fcnyaya geldi. \u0130lkokul ve ortaokul e\u011fitimini ba\u015far\u0131yla tamamlayan Denizyaran, lise e\u011fitimini \u0130zmir \u00d6zel Fatih Koleji Lisesi\u2019nde tamamlayarak mezun oldu. Denizyaran, y\u00fcksek\u00f6\u011frenimini \u0130stanbul Ayd\u0131n \u00dcniversitesi Drama ve Oyunculuk B\u00f6l\u00fcm\u00fc\u2019nde tamamlayarak mezun oldu.<\/p>\n<p><img loading=\"lazy\" decoding=\"async\" class=\"alignnone wp-image-108289\" src=\"https:\/\/www.tgrthaber.com\/mavikadin\/wp-content\/uploads\/Adsiz-tasarim-2024-12-18T174941.804-1024x576.jpg\" alt=\"Hasan Denizyaran kimdir\" width=\"1208\" height=\"680\" title=\"\" srcset=\"https:\/\/www.tgrthaber.com\/mavikadin\/wp-content\/uploads\/Adsiz-tasarim-2024-12-18T174941.804-1024x576.jpg 1024w, https:\/\/www.tgrthaber.com\/mavikadin\/wp-content\/uploads\/Adsiz-tasarim-2024-12-18T174941.804-300x169.jpg 300w, https:\/\/www.tgrthaber.com\/mavikadin\/wp-content\/uploads\/Adsiz-tasarim-2024-12-18T174941.804-768x432.jpg 768w, https:\/\/www.tgrthaber.com\/mavikadin\/wp-content\/uploads\/Adsiz-tasarim-2024-12-18T174941.804-1536x864.jpg 1536w, https:\/\/www.tgrthaber.com\/mavikadin\/wp-content\/uploads\/Adsiz-tasarim-2024-12-18T174941.804.jpg 1600w\" sizes=\"(max-width: 1208px) 100vw, 1208px\" \/><\/p>\n<p>Kariyerine modellik ile ba\u015flayan Hasan Denizyaran, kariyerinin ilerleyen y\u0131llar\u0131nda ba\u015far\u0131l\u0131 projelere imza atarak ad\u0131ndan s\u00f6z ettirdi. Modellik ve \u00e7e\u015fitli reklam filmlerinden sonra profesyonel anlamda oyunculuk sekt\u00f6r\u00fcne at\u0131lan Denizyaran, ilk oyunculuk deneyimini 2015 y\u0131l\u0131nda \u201cSungurlar\u201d dizisiyle ya\u015fad\u0131.<\/p>\n<h3>HASAN DEN\u0130ZYARAN KA\u00c7 YA\u015eINDA?<\/h3>\n<p>\u015eimdilerde 31 ya\u015f\u0131nda olan ba\u015far\u0131l\u0131 oyuncu Hasan Denizyaran, 2016 y\u0131l\u0131nda FOX TV ekranlar\u0131nda yay\u0131nlanan \u201cHayat Sevince G\u00fczel\u201d dizisinde \u201cErkan\u201d karakterine can verdi. Hayat Sevince G\u00fczel dizisiyle ad\u0131n\u0131 duyuran Denizyaran, 2017 y\u0131l\u0131nda \u201c4N1K\u201d adl\u0131 sinema filmiyle b\u00fcy\u00fck bir \u00e7\u0131k\u0131\u015f yapt\u0131. 4N1K dizisinde \u201cAli\u201d karakterine can veren ba\u015far\u0131l\u0131 oyuncu pop\u00fclerli\u011fini art\u0131rarak \u00fcn kazand\u0131.<\/p>\n<p><img loading=\"lazy\" decoding=\"async\" class=\"alignnone wp-image-108290\" src=\"https:\/\/www.tgrthaber.com\/mavikadin\/wp-content\/uploads\/Adsiz-tasarim-2024-12-18T174950.855-1024x576.jpg\" alt=\"Hasan Denizyaran kimdir?\" width=\"1208\" height=\"680\" title=\"\" srcset=\"https:\/\/www.tgrthaber.com\/mavikadin\/wp-content\/uploads\/Adsiz-tasarim-2024-12-18T174950.855-1024x576.jpg 1024w, https:\/\/www.tgrthaber.com\/mavikadin\/wp-content\/uploads\/Adsiz-tasarim-2024-12-18T174950.855-300x169.jpg 300w, https:\/\/www.tgrthaber.com\/mavikadin\/wp-content\/uploads\/Adsiz-tasarim-2024-12-18T174950.855-768x432.jpg 768w, https:\/\/www.tgrthaber.com\/mavikadin\/wp-content\/uploads\/Adsiz-tasarim-2024-12-18T174950.855-1536x864.jpg 1536w, https:\/\/www.tgrthaber.com\/mavikadin\/wp-content\/uploads\/Adsiz-tasarim-2024-12-18T174950.855.jpg 1600w\" sizes=\"(max-width: 1208px) 100vw, 1208px\" \/><\/p>\n<h3>\u00a0HASAN DEN\u0130ZYARAN OYUNCULUK KAR\u0130YER\u0130NDE NASIL \u0130LERLED\u0130?<\/h3>\n<p>Profesyonel anlamda 2015 y\u0131l\u0131nda ba\u015flad\u0131\u011f\u0131 oyunculuk kariyerini kendini geli\u015ftirerek ilerleten Hasan Denizyaran, modellikle ba\u015flad\u0131\u011f\u0131 kariyerine ba\u015far\u0131l\u0131 oyunculu\u011fuyla devam etti. 4N1K sinema filmiyle ad\u0131n\u0131 duyuran ba\u015far\u0131l\u0131 oyuncu kariyerinin ilerleyen y\u0131llar\u0131nda bir\u00e7ok dizi ve film projesinde yer alm\u0131\u015ft\u0131r. Denizyaran, sadece televizyon dizileriyle de\u011fil ayn\u0131 zamanda sinema filmleri ve dijital platformlarda yay\u0131nlanan projeleriyle de ad\u0131ndan s\u00f6z ettirmi\u015ftir.<\/p>\n<p><img loading=\"lazy\" decoding=\"async\" class=\"alignnone wp-image-108292\" src=\"https:\/\/www.tgrthaber.com\/mavikadin\/wp-content\/uploads\/Adsiz-tasarim-2024-12-18T175019.440-1024x576.jpg\" alt=\"Hasan Denizyaran kimdir?\" width=\"1208\" height=\"680\" title=\"\" srcset=\"https:\/\/www.tgrthaber.com\/mavikadin\/wp-content\/uploads\/Adsiz-tasarim-2024-12-18T175019.440-1024x576.jpg 1024w, https:\/\/www.tgrthaber.com\/mavikadin\/wp-content\/uploads\/Adsiz-tasarim-2024-12-18T175019.440-300x169.jpg 300w, https:\/\/www.tgrthaber.com\/mavikadin\/wp-content\/uploads\/Adsiz-tasarim-2024-12-18T175019.440-768x432.jpg 768w, https:\/\/www.tgrthaber.com\/mavikadin\/wp-content\/uploads\/Adsiz-tasarim-2024-12-18T175019.440-1536x864.jpg 1536w, https:\/\/www.tgrthaber.com\/mavikadin\/wp-content\/uploads\/Adsiz-tasarim-2024-12-18T175019.440.jpg 1600w\" sizes=\"(max-width: 1208px) 100vw, 1208px\" \/><\/p>\n<p>Hasan Denizyaran, 2017 y\u0131l\u0131ndan sonra 2018 y\u0131l\u0131nda Kanal 7 ekranlar\u0131nda izleyici kar\u015f\u0131s\u0131na \u00e7\u0131kan \u201cElif\u201d dizisinde \u201cAk\u0131n\u201d karakterine can vermi\u015ftir. Daha sonra 2019 y\u0131l\u0131nda Kanal D ekranlar\u0131nda yay\u0131nlanan \u201cAfili A\u015fk\u201d dizisinde konuk oyuncu olarak rol alm\u0131\u015ft\u0131r. Denizyaran, 2022 tarihinde ATV ekranlar\u0131nda izleyiciyle bulu\u015fan \u201cYaln\u0131z Kurt\u201d dizisinde ba\u015frol oynam\u0131\u015ft\u0131r. Denizyaran, son olarak 2023-2024 y\u0131llar\u0131 aras\u0131nda Kanal D ekranlar\u0131nda y\u0131llard\u0131r ekranlara gelen \u201cArka Sokaklar\u201d gibi \u00f6nemli bir dizide \u201cKomiser Kadir Korkmaz\u201d karakterine can vermi\u015ftir.<\/p>\n<h3>FARUK KARAKTER\u0130YLE \u00d6N PLANA \u00c7IKIYOR!<\/h3>\n<p>Hasan Denizyaran, \u015fimdilerde Star TV ekranlar\u0131nda izleyici ile bulu\u015fan \u201cSahipsizler\u201d dizisinde \u201cFaruk\u201d karakterine can veriyor. Sahipsizler dizisinin kadrosuna ge\u00e7ti\u011fimiz haftalarda kat\u0131lan Denizyaran, dizide i\u015f adam\u0131 Faruk karakterini canland\u0131r\u0131yor.<\/p>\n<p><img loading=\"lazy\" decoding=\"async\" class=\"alignnone wp-image-108293\" src=\"https:\/\/www.tgrthaber.com\/mavikadin\/wp-content\/uploads\/Adsiz-tasarim-2024-12-18T175011.485-1024x576.jpg\" alt=\"Sahipsizler Faruk kimdir?\" width=\"1208\" height=\"680\" title=\"\" srcset=\"https:\/\/www.tgrthaber.com\/mavikadin\/wp-content\/uploads\/Adsiz-tasarim-2024-12-18T175011.485-1024x576.jpg 1024w, https:\/\/www.tgrthaber.com\/mavikadin\/wp-content\/uploads\/Adsiz-tasarim-2024-12-18T175011.485-300x169.jpg 300w, https:\/\/www.tgrthaber.com\/mavikadin\/wp-content\/uploads\/Adsiz-tasarim-2024-12-18T175011.485-768x432.jpg 768w, https:\/\/www.tgrthaber.com\/mavikadin\/wp-content\/uploads\/Adsiz-tasarim-2024-12-18T175011.485-1536x864.jpg 1536w, https:\/\/www.tgrthaber.com\/mavikadin\/wp-content\/uploads\/Adsiz-tasarim-2024-12-18T175011.485.jpg 1600w\" sizes=\"(max-width: 1208px) 100vw, 1208px\" \/><\/p>\n<p>Faruk karakteri kendi halinde i\u015finde ve g\u00fcc\u00fcnde bir karakter olarak kar\u015f\u0131m\u0131za \u00e7\u0131k\u0131yor. Faruk\u2019un ve Azize\u2019nin yollar\u0131n\u0131n kesi\u015fmesiyle birlikte Faruk karakterinin gidi\u015fat\u0131 merak ediliyor. Faruk ve Azize \u00e7ifti ise sosyal medyada yo\u011fun bir ilgi g\u00f6rmeye ba\u015flad\u0131. Dizinin ilerleyen b\u00f6l\u00fcmlerinde Faruk ve Azize\u2019nin gidi\u015fat\u0131 merak ediliyor.<\/p>\n<h3>HASAN DEN\u0130ZYARAN\u2019IN ROL ALDI\u011eI D\u0130Z\u0130LER<\/h3>\n<p>Sungurlar \u2013 2015<\/p>\n<p>Hayat Sevince G\u00fczel \u2013 2016<\/p>\n<p>Elif \u2013 2018<\/p>\n<p>Afili A\u015fk \u2013 2019<\/p>\n<p>Yaln\u0131z Kurt \u2013 2022<\/p>\n<p>Arka Sokaklar \u2013 2023-2024<\/p>\n<p>Sahipsizler \u2013 2024<\/p>\n<h3>HASAN DEN\u0130ZYARAN\u2019IN ROL ALDI\u011eI S\u0130NEMA F\u0130LMLER\u0130<\/h3>\n<p>4N1K \u2013 2017<\/p>\n<p>Kim Daha Mutlu? \u2013 2019<\/p>\n<p>Demir Kad\u0131n: Neslican \u2013 2023<\/p>\n<p>A\u015fk Sokakta \u2013 Yak\u0131nda<\/p>\n<h3>HASAN DEN\u0130ZYARAN\u2019IN ROL ALDI\u011eI \u0130NTERNET PROJELER\u0130<\/h3>\n<p>\u0130\u015fte Bu Benim Masal\u0131m \u2013 2021<\/p>\n<p>Kap\u0131 \u2013 2023<\/p>\n","protected":false},"excerpt":{"rendered":"<p>Star TV ekranlar\u0131nda izleyici kar\u015f\u0131s\u0131na \u00e7\u0131kan Sahipsizler dizisi hem konusuyla hem de oyuncu kadrosuyla dikkatleri \u00fczerine \u00e7ekmeye devam ediyor. Diziye ge\u00e7ti\u011fimiz haftalarda kat\u0131lan ba\u015far\u0131l\u0131 oyuncu Hasan Denizyaran\u2019\u0131n da kim oldu\u011fu merak ediliyor. \u0130\u015fte detaylar\u2026<\/p>\n","protected":false},"author":26,"featured_media":108295,"comment_status":"closed","ping_status":"closed","sticky":false,"template":"","format":"standard","meta":{"rank_math_lock_modified_date":false,"footnotes":""},"categories":[491],"tags":[4774,3533,3534,4773],"class_list":["post-108288","post","type-post","status-publish","format-standard","has-post-thumbnail","hentry","category-biyografi","tag-hasan-denizyaran","tag-sahipsizler","tag-sahipsizler-dizisi","tag-sahipsizler-faruk"],"_links":{"self":[{"href":"https:\/\/www.tgrthaber.com\/mavikadin\/wp-json\/wp\/v2\/posts\/108288"}],"collection":[{"href":"https:\/\/www.tgrthaber.com\/mavikadin\/wp-json\/wp\/v2\/posts"}],"about":[{"href":"https:\/\/www.tgrthaber.com\/mavikadin\/wp-json\/wp\/v2\/types\/post"}],"author":[{"embeddable":true,"href":"https:\/\/www.tgrthaber.com\/mavikadin\/wp-json\/wp\/v2\/users\/26"}],"replies":[{"embeddable":true,"href":"https:\/\/www.tgrthaber.com\/mavikadin\/wp-json\/wp\/v2\/comments?post=108288"}],"version-history":[{"count":2,"href":"https:\/\/www.tgrthaber.com\/mavikadin\/wp-json\/wp\/v2\/posts\/108288\/revisions"}],"predecessor-version":[{"id":126877,"href":"https:\/\/www.tgrthaber.com\/mavikadin\/wp-json\/wp\/v2\/posts\/108288\/revisions\/126877"}],"wp:featuredmedia":[{"embeddable":true,"href":"https:\/\/www.tgrthaber.com\/mavikadin\/wp-json\/wp\/v2\/media\/108295"}],"wp:attachment":[{"href":"https:\/\/www.tgrthaber.com\/mavikadin\/wp-json\/wp\/v2\/media?parent=108288"}],"wp:term":[{"taxonomy":"category","embeddable":true,"href":"https:\/\/www.tgrthaber.com\/mavikadin\/wp-json\/wp\/v2\/categories?post=108288"},{"taxonomy":"post_tag","embeddable":true,"href":"https:\/\/www.tgrthaber.com\/mavikadin\/wp-json\/wp\/v2\/tags?post=108288"}],"curies":[{"name":"wp","href":"https:\/\/api.w.org\/{rel}","templated":true}]}}