{"id":108291,"date":"2024-12-18T18:06:31","date_gmt":"2024-12-18T15:06:31","guid":{"rendered":"https:\/\/www.tgrthaber.com\/mavikadin\/?p=108291"},"modified":"2024-12-18T18:06:31","modified_gmt":"2024-12-18T15:06:31","slug":"barbaros-yologlu-kimdir-kac-yilinda-yaristi-yasi-memleketi-hayati-arastiriliyor","status":"publish","type":"post","link":"https:\/\/www.tgrthaber.com\/mavikadin\/barbaros-yologlu-kimdir-kac-yilinda-yaristi-yasi-memleketi-hayati-arastiriliyor\/","title":{"rendered":"Barbaros Yolo\u011flu kimdir, ka\u00e7 y\u0131l\u0131nda yar\u0131\u015ft\u0131? Ya\u015f\u0131, memleketi hayat\u0131 ara\u015ft\u0131r\u0131l\u0131yor!"},"content":{"rendered":"<p class=\"p1\">MasterChef T\u00fcrkiye\u2019nin unutulmaz isimlerinden biri olan Barbaros Yolo\u011flu, yemek konusundaki yetene\u011fi ve mutfaktaki kararl\u0131 duru\u015fuyla izleyicilerin haf\u0131zas\u0131na kaz\u0131nd\u0131. \u0130lk kez 2020 sezonunda yar\u0131\u015fmaya kat\u0131lan Barbaros, o d\u00f6nemde g\u00f6sterdi\u011fi performansla finale kadar y\u00fckselmi\u015f, ancak son d\u00fczl\u00fckte Serhat Do\u011framac\u0131\u2019ya kar\u015f\u0131 \u015fampiyonlu\u011fu ka\u00e7\u0131rm\u0131\u015ft\u0131. Yar\u0131\u015fman\u0131n ard\u0131ndan ad\u0131ndan s\u0131k\u00e7a s\u00f6z ettiren ve mutfak kariyerine odaklanan Barbaros, ge\u00e7ti\u011fimiz y\u0131l d\u00fczenlenen MasterChef All Star kadrosunda da yer alarak yeteneklerini bir kez daha sergileme f\u0131rsat\u0131 bulmu\u015f ve yar\u0131\u015fmay\u0131 d\u00f6rd\u00fcnc\u00fc olarak tamamlam\u0131\u015ft\u0131. Yar\u0131\u015fma boyunca hem yemekleri hem de karakteriyle dikkat \u00e7eken Barbaros Yolo\u011flu, k\u0131sa s\u00fcrede bir\u00e7ok ki\u015finin favorisi olmay\u0131 ba\u015fard\u0131. Peki, MasterChef Barbaros Yolo\u011flu kimdir? Ya\u015f\u0131, memleketi hayat\u0131 ara\u015ft\u0131r\u0131l\u0131yor.<\/p>\n<h3 class=\"p1\">MASTERCHEF F\u0130NAL\u0130ST\u0130 BARBAROS YOLO\u011eLU YEN\u0130DEN MASTERCHEF\u2019TE<\/h3>\n<p class=\"p1\">MasterChef T\u00fcrkiye&#8217;nin 2020 sezonunda g\u00f6sterdi\u011fi ba\u015far\u0131l\u0131 performansla ad\u0131ndan s\u0131k\u00e7a s\u00f6z ettiren Barbaros Yolo\u011flu, finalde Serhat Do\u011framac\u0131 ile k\u0131yas\u0131ya bir m\u00fccadeleye girmi\u015f ve sezonun en g\u00fc\u00e7l\u00fc isimlerinden biri olarak dikkat \u00e7ekmi\u015fti. Yar\u0131\u015fma sonras\u0131 mutfak tutkusunu kariyere d\u00f6n\u00fc\u015ft\u00fcren Barbaros, memleketi Samsun\u2019da a\u00e7t\u0131\u011f\u0131 hamburger restoran\u0131yla gastronomi alan\u0131nda kendi tarz\u0131n\u0131 ortaya koydu. Mutfaktaki iddias\u0131n\u0131 i\u015f d\u00fcnyas\u0131na da ta\u015f\u0131yan Yolo\u011flu, k\u0131sa s\u00fcrede lezzet severlerin be\u011fenisini kazand\u0131.<\/p>\n<p><img loading=\"lazy\" decoding=\"async\" class=\"alignnone wp-image-108301 size-full\" src=\"https:\/\/www.tgrthaber.com\/mavikadin\/wp-content\/uploads\/Barbaros-Yologlu-kimdir-kac-yilinda-yaristi-Yasi-memleketi-hayati-arastiriliyor.png\" alt=\"barbaros yolo\u011flu \" width=\"1208\" height=\"720\" title=\"\" srcset=\"https:\/\/www.tgrthaber.com\/mavikadin\/wp-content\/uploads\/Barbaros-Yologlu-kimdir-kac-yilinda-yaristi-Yasi-memleketi-hayati-arastiriliyor.png 1208w, https:\/\/www.tgrthaber.com\/mavikadin\/wp-content\/uploads\/Barbaros-Yologlu-kimdir-kac-yilinda-yaristi-Yasi-memleketi-hayati-arastiriliyor-300x179.png 300w, https:\/\/www.tgrthaber.com\/mavikadin\/wp-content\/uploads\/Barbaros-Yologlu-kimdir-kac-yilinda-yaristi-Yasi-memleketi-hayati-arastiriliyor-1024x610.png 1024w, https:\/\/www.tgrthaber.com\/mavikadin\/wp-content\/uploads\/Barbaros-Yologlu-kimdir-kac-yilinda-yaristi-Yasi-memleketi-hayati-arastiriliyor-768x458.png 768w\" sizes=\"(max-width: 1208px) 100vw, 1208px\" \/><\/p>\n<h3 class=\"p1\">BARBAROS YOLO\u011eLU K\u0130MD\u0130R, KA\u00c7 YILINDA YARI\u015eTI?<\/h3>\n<p class=\"p1\">MasterChef Barbaros Yolo\u011flu, 29 ya\u015f\u0131nda olup Samsun\u2019un Ala\u00e7am il\u00e7esinde do\u011fmu\u015ftur. K\u00fc\u00e7\u00fck ya\u015flardan itibaren spora ilgi duyan Yolo\u011flu, lise e\u011fitimine kadar g\u00fcre\u015f ve farkl\u0131 spor dallar\u0131nda aktif olarak yer ald\u0131. Ancak ilerleyen y\u0131llarda spor kariyerini sonland\u0131rarak, gelece\u011fini gastronomi alan\u0131nda \u015fekillendirme karar\u0131 ald\u0131 ve Turizm Lisesi\u2019ne ba\u015flad\u0131.<\/p>\n<p><img loading=\"lazy\" decoding=\"async\" class=\"alignnone wp-image-108302 size-full\" src=\"https:\/\/www.tgrthaber.com\/mavikadin\/wp-content\/uploads\/Barbaros-Yologlu-kimdir-kac-yilinda-yaristi-Yasi-memleketi-hayati-arastiriliyor1.png\" alt=\"\" width=\"1208\" height=\"720\" title=\"\" srcset=\"https:\/\/www.tgrthaber.com\/mavikadin\/wp-content\/uploads\/Barbaros-Yologlu-kimdir-kac-yilinda-yaristi-Yasi-memleketi-hayati-arastiriliyor1.png 1208w, https:\/\/www.tgrthaber.com\/mavikadin\/wp-content\/uploads\/Barbaros-Yologlu-kimdir-kac-yilinda-yaristi-Yasi-memleketi-hayati-arastiriliyor1-300x179.png 300w, https:\/\/www.tgrthaber.com\/mavikadin\/wp-content\/uploads\/Barbaros-Yologlu-kimdir-kac-yilinda-yaristi-Yasi-memleketi-hayati-arastiriliyor1-1024x610.png 1024w, https:\/\/www.tgrthaber.com\/mavikadin\/wp-content\/uploads\/Barbaros-Yologlu-kimdir-kac-yilinda-yaristi-Yasi-memleketi-hayati-arastiriliyor1-768x458.png 768w\" sizes=\"(max-width: 1208px) 100vw, 1208px\" \/><\/p>\n<p class=\"p1\">E\u011fitim hayat\u0131yla birlikte mutfa\u011fa olan ilgisini prati\u011fe d\u00f6ken Barbaros, turizm b\u00f6lgelerinde stajyer olarak \u00e7al\u0131\u015farak deneyim kazand\u0131. Bodrum Bitez\u2019de bir restoranda a\u015f\u00e7\u0131l\u0131k yapmaya ba\u015flayan gen\u00e7 \u015fef, mesle\u011fine olan ba\u011fl\u0131l\u0131\u011f\u0131 ve azmiyle dikkat \u00e7ekti. MasterChef yar\u0131\u015fmas\u0131nda g\u00f6sterdi\u011fi yeteneklerle geni\u015f bir kitleye ula\u015fan Barbaros Yolo\u011flu, bug\u00fcn hem profesyonel mutfak deneyimi hem de azmiyle gen\u00e7lere ilham vermeye devam ediyor.<\/p>\n<h3 class=\"p1\">BARBAROS YOLO\u011eLU EVL\u0130 M\u0130?<\/h3>\n<p class=\"p1\">Barbaros Yolo\u011flu, MasterChef 2020 sezonunda g\u00f6sterdi\u011fi performansla ad\u0131ndan s\u0131k\u00e7a s\u00f6z ettirmi\u015f ve Serhat Do\u011framac\u0131 ile finale kalarak unutulmaz bir rekabetin par\u00e7as\u0131 olmu\u015ftu. Yar\u0131\u015fmay\u0131 ikinci s\u0131rada tamamlayan Barbaros, hem yetene\u011fi hem de m\u00fccadelesiyle geni\u015f bir hayran kitlesi edindi. Mutfa\u011fa olan tutkusu ve \u00f6zg\u00fcn tarifleriyle dikkat \u00e7eken gen\u00e7 \u015fef, bu s\u00fcre\u00e7te kariyerinde \u00f6nemli bir \u00e7\u0131k\u0131\u015f yakalad\u0131.<\/p>\n<p><img loading=\"lazy\" decoding=\"async\" class=\"alignnone wp-image-108303 size-full\" src=\"https:\/\/www.tgrthaber.com\/mavikadin\/wp-content\/uploads\/Barbaros-Yologlu-kimdir-kac-yilinda-yaristi-Yasi-memleketi-hayati-arastiriliyor5.png\" alt=\"\" width=\"1208\" height=\"720\" title=\"\" srcset=\"https:\/\/www.tgrthaber.com\/mavikadin\/wp-content\/uploads\/Barbaros-Yologlu-kimdir-kac-yilinda-yaristi-Yasi-memleketi-hayati-arastiriliyor5.png 1208w, https:\/\/www.tgrthaber.com\/mavikadin\/wp-content\/uploads\/Barbaros-Yologlu-kimdir-kac-yilinda-yaristi-Yasi-memleketi-hayati-arastiriliyor5-300x179.png 300w, https:\/\/www.tgrthaber.com\/mavikadin\/wp-content\/uploads\/Barbaros-Yologlu-kimdir-kac-yilinda-yaristi-Yasi-memleketi-hayati-arastiriliyor5-1024x610.png 1024w, https:\/\/www.tgrthaber.com\/mavikadin\/wp-content\/uploads\/Barbaros-Yologlu-kimdir-kac-yilinda-yaristi-Yasi-memleketi-hayati-arastiriliyor5-768x458.png 768w\" sizes=\"(max-width: 1208px) 100vw, 1208px\" \/><\/p>\n<p class=\"p1\">Yar\u0131\u015fman\u0131n ard\u0131ndan \u00f6zel hayat\u0131nda da mutlulu\u011fu bulan Yolo\u011flu, sevgilisi \u015eule \u0130dil Ayd\u0131n ile memleketi Samsun&#8217;da evlendi. Profesyonel kariyerini kendi i\u015fletmesini a\u00e7arak ta\u00e7land\u0131ran Barbaros, Samsun&#8217;da kurdu\u011fu hamburger d\u00fckkan\u0131yla gastronomi tutkusunu giri\u015fimcilik ba\u015far\u0131s\u0131na d\u00f6n\u00fc\u015ft\u00fcrd\u00fc. Ge\u00e7ti\u011fimiz y\u0131l d\u00fczenlenen MasterChef All Star kadrosunda da yer alan Barbaros Yolo\u011flu, bu kez yar\u0131\u015fmay\u0131 d\u00f6rd\u00fcnc\u00fc olarak tamamlad\u0131 ve istikrar\u0131n\u0131 bir kez daha kan\u0131tlad\u0131.<\/p>\n","protected":false},"excerpt":{"rendered":"<p>Barbaros Yolo\u011flu, MasterChef T\u00fcrkiye\u2019nin en dikkat \u00e7eken yar\u0131\u015fmac\u0131lar\u0131ndan biridir. 2020 sezonunda finale kalan Yolo\u011flu, yetene\u011fi ve azmiyle haf\u0131zalara kaz\u0131nd\u0131. Yar\u0131\u015fma sonras\u0131 Samsun\u2019da kendi restoran\u0131n\u0131 a\u00e7arak mutfak kariyerine devam eden Barbaros Yolo\u011flu\u2019nun bu ak\u015fam masterChef T\u00fcrkiye\u2019ye kat\u0131lmas\u0131yla hayat\u0131 yeniden merak edildi. Peki Barbaros Yolo\u011flu kimdir, ka\u00e7 ya\u015f\u0131nda? \u0130\u015fte cevab\u0131\u2026 <\/p>\n","protected":false},"author":16,"featured_media":108304,"comment_status":"closed","ping_status":"closed","sticky":false,"template":"","format":"standard","meta":{"rank_math_lock_modified_date":false,"footnotes":""},"categories":[491],"tags":[4776,4778,4779,4777],"class_list":["post-108291","post","type-post","status-publish","format-standard","has-post-thumbnail","hentry","category-biyografi","tag-barbaros-yologlu-kimdir","tag-masterchef-barbaros-yologlu-evli-mi","tag-masterchef-barbaros-yologlu-hangi-yil-yaristi","tag-masterchef-barbaros-yologlu-kac-yasinda"],"_links":{"self":[{"href":"https:\/\/www.tgrthaber.com\/mavikadin\/wp-json\/wp\/v2\/posts\/108291"}],"collection":[{"href":"https:\/\/www.tgrthaber.com\/mavikadin\/wp-json\/wp\/v2\/posts"}],"about":[{"href":"https:\/\/www.tgrthaber.com\/mavikadin\/wp-json\/wp\/v2\/types\/post"}],"author":[{"embeddable":true,"href":"https:\/\/www.tgrthaber.com\/mavikadin\/wp-json\/wp\/v2\/users\/16"}],"replies":[{"embeddable":true,"href":"https:\/\/www.tgrthaber.com\/mavikadin\/wp-json\/wp\/v2\/comments?post=108291"}],"version-history":[{"count":1,"href":"https:\/\/www.tgrthaber.com\/mavikadin\/wp-json\/wp\/v2\/posts\/108291\/revisions"}],"predecessor-version":[{"id":108305,"href":"https:\/\/www.tgrthaber.com\/mavikadin\/wp-json\/wp\/v2\/posts\/108291\/revisions\/108305"}],"wp:featuredmedia":[{"embeddable":true,"href":"https:\/\/www.tgrthaber.com\/mavikadin\/wp-json\/wp\/v2\/media\/108304"}],"wp:attachment":[{"href":"https:\/\/www.tgrthaber.com\/mavikadin\/wp-json\/wp\/v2\/media?parent=108291"}],"wp:term":[{"taxonomy":"category","embeddable":true,"href":"https:\/\/www.tgrthaber.com\/mavikadin\/wp-json\/wp\/v2\/categories?post=108291"},{"taxonomy":"post_tag","embeddable":true,"href":"https:\/\/www.tgrthaber.com\/mavikadin\/wp-json\/wp\/v2\/tags?post=108291"}],"curies":[{"name":"wp","href":"https:\/\/api.w.org\/{rel}","templated":true}]}}