{"id":108423,"date":"2024-12-18T23:17:21","date_gmt":"2024-12-18T20:17:21","guid":{"rendered":"https:\/\/www.tgrthaber.com\/mavikadin\/?p=108423"},"modified":"2024-12-18T23:17:21","modified_gmt":"2024-12-18T20:17:21","slug":"masterchef-eray-aksungur-kimdir-memleketi-ve-yasi-merak-ediliyor","status":"publish","type":"post","link":"https:\/\/www.tgrthaber.com\/mavikadin\/masterchef-eray-aksungur-kimdir-memleketi-ve-yasi-merak-ediliyor\/","title":{"rendered":"MasterChef Eray Aksungur kimdir? Memleketi ve ya\u015f\u0131 merak ediliyor!"},"content":{"rendered":"<p class=\"p1\">MasterChef T\u00fcrkiye&#8217;nin sevilen isimlerinden Eray Aksungur, 2020 sezonunda sergiledi\u011fi ba\u015far\u0131l\u0131 performansla yar\u0131\u015fmay\u0131 5. s\u0131rada tamamlam\u0131\u015ft\u0131. Daha sonra All Star kadrosunda da yer alan Eray, bu ak\u015fam MasterChef T\u00fcrkiye\u2019ye konuk olarak kat\u0131ld\u0131. Eray Aksungur\u2019un yar\u0131\u015fmaya kat\u0131lmas\u0131n\u0131n ard\u0131ndan herkes kim oldu\u011funu yeniden ara\u015ft\u0131rmya ba\u015flad\u0131. Peki MasterChef Eray Aksungur kimdir? Ya\u015f\u0131 ve memleketi ara\u015ft\u0131r\u0131l\u0131yor. \u0130\u015fte Eray Aksungur\u2019un hayat\u0131na dair merak edilenler\u2026<span class=\"Apple-converted-space\">\u00a0<\/span><\/p>\n<h3>ERAY AKSUNGUR MASTERCHEF&#8217;E KONUK OLDU<\/h3>\n<p class=\"p1\">MasterChef T\u00fcrkiye&#8217;nin 2020 sezonunda dikkat \u00e7eken yar\u0131\u015fmac\u0131lar\u0131ndan Eray Aksungur, bu ak\u015fam yeni b\u00f6l\u00fcmde konuk olarak yer alacak. Yar\u0131\u015fmada 5. olma ba\u015far\u0131s\u0131 g\u00f6steren Eray, hem yemek yapma yetene\u011fi hem de keyifli yemek yeme anlar\u0131yla izleyicilerin akl\u0131nda kalm\u0131\u015ft\u0131. Peki, Eray Aksungur kimdir? \u0130\u015fte Eray Aksungur\u2019un biyografisi\u2026<span class=\"Apple-converted-space\">\u00a0<\/span><\/p>\n<p><img loading=\"lazy\" decoding=\"async\" class=\"alignnone wp-image-108425 size-full\" src=\"https:\/\/www.tgrthaber.com\/mavikadin\/wp-content\/uploads\/MasterChef-Eray-Aksungur-kimdir-Memleketi-ve-yasi-merak-ediliyor-.png\" alt=\"eray aksungur \" width=\"1208\" height=\"720\" title=\"\" srcset=\"https:\/\/www.tgrthaber.com\/mavikadin\/wp-content\/uploads\/MasterChef-Eray-Aksungur-kimdir-Memleketi-ve-yasi-merak-ediliyor-.png 1208w, https:\/\/www.tgrthaber.com\/mavikadin\/wp-content\/uploads\/MasterChef-Eray-Aksungur-kimdir-Memleketi-ve-yasi-merak-ediliyor--300x179.png 300w, https:\/\/www.tgrthaber.com\/mavikadin\/wp-content\/uploads\/MasterChef-Eray-Aksungur-kimdir-Memleketi-ve-yasi-merak-ediliyor--1024x610.png 1024w, https:\/\/www.tgrthaber.com\/mavikadin\/wp-content\/uploads\/MasterChef-Eray-Aksungur-kimdir-Memleketi-ve-yasi-merak-ediliyor--768x458.png 768w\" sizes=\"(max-width: 1208px) 100vw, 1208px\" \/><\/p>\n<h3>MASTERCHEF ERAY AKSUNGUR K\u0130MD\u0130R, KA\u00c7 YA\u015eINDA?<\/h3>\n<p class=\"p2\">Eray Aksungur, 25 ya\u015f\u0131nda, Bolu do\u011fumlu ve Mengen Meslek Y\u00fcksekokulu A\u015f\u00e7\u0131l\u0131k B\u00f6l\u00fcm\u00fc mezunudur. \u0130stanbul ve Bodrum\u2019da \u00e7e\u015fitli otellerde a\u015f\u00e7\u0131l\u0131k deneyimi kazanan Eray, son olarak Bolu\u2019daki bir otelde g\u00f6rev yapm\u0131\u015ft\u0131r. Daha \u00f6nce Show TV\u2019de yay\u0131nlanan ve Danilo Zanna\u2019n\u0131n j\u00fcri oldu\u011fu Lezzet Akademisi\u2019ne de kat\u0131lan gen\u00e7 \u015fef, MasterChef T\u00fcrkiye 2020 sezonunu 5. olarak tamamlam\u0131\u015ft\u0131r.<\/p>\n<p class=\"p2\">Eray Aksungur, 2023 MasterChef All Star\u2019da ana kadroya kat\u0131labilmek i\u00e7in b\u00fcy\u00fck bir m\u00fccadele verdi. Ancak yar\u0131\u015fmaya veda etmesinin ard\u0131ndan duygusal anlar ya\u015fayan gen\u00e7 \u015fef, g\u00f6zya\u015flar\u0131n\u0131 tutamayarak i\u00e7ten bir konu\u015fma yapt\u0131. Yar\u0131\u015fmada elenmesinin kendisi i\u00e7in beklenmedik bir son oldu\u011funu dile getiren Eray, \u201cBug\u00fcn de\u011fildi. \u00c7ok daha ilerleyece\u011fimi g\u00f6r\u00fcyordum. Elemek istedi\u011fim arkada\u015flar\u0131m vard\u0131 ve hepsi beni eledi. Ben elemek istediklerimi eleyemedim,\u201d ifadeleriyle hayal k\u0131r\u0131kl\u0131\u011f\u0131n\u0131 dile getirdi.<\/p>\n<p><img loading=\"lazy\" decoding=\"async\" class=\"alignnone wp-image-108426 size-full\" src=\"https:\/\/www.tgrthaber.com\/mavikadin\/wp-content\/uploads\/MasterChef-Eray-Aksungur-kimdir-Memleketi-ve-yasi-merak-ediliyor-55.png\" alt=\"eray aksungur\" width=\"1208\" height=\"720\" title=\"\" srcset=\"https:\/\/www.tgrthaber.com\/mavikadin\/wp-content\/uploads\/MasterChef-Eray-Aksungur-kimdir-Memleketi-ve-yasi-merak-ediliyor-55.png 1208w, https:\/\/www.tgrthaber.com\/mavikadin\/wp-content\/uploads\/MasterChef-Eray-Aksungur-kimdir-Memleketi-ve-yasi-merak-ediliyor-55-300x179.png 300w, https:\/\/www.tgrthaber.com\/mavikadin\/wp-content\/uploads\/MasterChef-Eray-Aksungur-kimdir-Memleketi-ve-yasi-merak-ediliyor-55-1024x610.png 1024w, https:\/\/www.tgrthaber.com\/mavikadin\/wp-content\/uploads\/MasterChef-Eray-Aksungur-kimdir-Memleketi-ve-yasi-merak-ediliyor-55-768x458.png 768w\" sizes=\"(max-width: 1208px) 100vw, 1208px\" \/><\/p>\n<p class=\"p2\">Yar\u0131\u015fma s\u00fcrecinde zor bir d\u00f6nemden ge\u00e7en Eray, ailevi kay\u0131plar\u0131n da psikolojisini etkiledi\u011fini payla\u015ft\u0131. \u201cBir \u00f6nceki yar\u0131\u015fmada annemin babas\u0131n\u0131 kaybettim. Bu yar\u0131\u015fmada ise babam\u0131n babas\u0131n\u0131 kaybettim. Dedem benim i\u00e7in \u00e7ok ba\u015fkayd\u0131 ve onu kaybetmek beni \u00e7ok sarst\u0131. Dayanamad\u0131m, bug\u00fcn yapt\u0131\u011f\u0131m tabaktan dolay\u0131 sizden \u00f6z\u00fcr diliyorum. B\u00f6yle gelmek istemezdim \u00f6n\u00fcn\u00fcze,\u201d s\u00f6zleriyle hem \u015feflere hem de izleyicilere duygular\u0131n\u0131 aktaran Eray, yeteneklerinin her zaman hat\u0131rlanmas\u0131n\u0131 istedi\u011fini belirtmi\u015fti.<\/p>\n","protected":false},"excerpt":{"rendered":"<p>MasterChef T\u00fcrkiye\u2019nin 2020 sezonunda 5. olan Eray Aksungur, All Star m\u00fccadelesinde de ad\u0131ndan s\u00f6z ettirmi\u015fti. Bolu do\u011fumlu gen\u00e7 \u015fef, bu ak\u015fam yar\u0131\u015fmaya konuk olarak kat\u0131larak izleyicilerin dikkatini \u00e7ekti. Ba\u015far\u0131l\u0131 performans\u0131yla haf\u0131zalarda yer eden Eray\u2019\u0131n hayat\u0131 ve kariyeri yeniden merak konusu oldu. MasterChef Eray Aksungur kimdir, ka\u00e7 ya\u015f\u0131nda? \u0130\u015fte cevab\u0131&#8230; <\/p>\n","protected":false},"author":16,"featured_media":108427,"comment_status":"closed","ping_status":"closed","sticky":false,"template":"","format":"standard","meta":{"rank_math_lock_modified_date":false,"footnotes":""},"categories":[491],"tags":[4812,1120,4811,4810],"class_list":["post-108423","post","type-post","status-publish","format-standard","has-post-thumbnail","hentry","category-biyografi","tag-eray-aksungur","tag-masterchef","tag-masterchef-eray-aksungur-kac-yasinda","tag-masterchef-eray-aksungur-kimdir"],"_links":{"self":[{"href":"https:\/\/www.tgrthaber.com\/mavikadin\/wp-json\/wp\/v2\/posts\/108423"}],"collection":[{"href":"https:\/\/www.tgrthaber.com\/mavikadin\/wp-json\/wp\/v2\/posts"}],"about":[{"href":"https:\/\/www.tgrthaber.com\/mavikadin\/wp-json\/wp\/v2\/types\/post"}],"author":[{"embeddable":true,"href":"https:\/\/www.tgrthaber.com\/mavikadin\/wp-json\/wp\/v2\/users\/16"}],"replies":[{"embeddable":true,"href":"https:\/\/www.tgrthaber.com\/mavikadin\/wp-json\/wp\/v2\/comments?post=108423"}],"version-history":[{"count":1,"href":"https:\/\/www.tgrthaber.com\/mavikadin\/wp-json\/wp\/v2\/posts\/108423\/revisions"}],"predecessor-version":[{"id":108428,"href":"https:\/\/www.tgrthaber.com\/mavikadin\/wp-json\/wp\/v2\/posts\/108423\/revisions\/108428"}],"wp:featuredmedia":[{"embeddable":true,"href":"https:\/\/www.tgrthaber.com\/mavikadin\/wp-json\/wp\/v2\/media\/108427"}],"wp:attachment":[{"href":"https:\/\/www.tgrthaber.com\/mavikadin\/wp-json\/wp\/v2\/media?parent=108423"}],"wp:term":[{"taxonomy":"category","embeddable":true,"href":"https:\/\/www.tgrthaber.com\/mavikadin\/wp-json\/wp\/v2\/categories?post=108423"},{"taxonomy":"post_tag","embeddable":true,"href":"https:\/\/www.tgrthaber.com\/mavikadin\/wp-json\/wp\/v2\/tags?post=108423"}],"curies":[{"name":"wp","href":"https:\/\/api.w.org\/{rel}","templated":true}]}}