{"id":108539,"date":"2024-12-19T10:39:47","date_gmt":"2024-12-19T07:39:47","guid":{"rendered":"https:\/\/www.tgrthaber.com\/mavikadin\/?p=108539"},"modified":"2024-12-19T10:39:47","modified_gmt":"2024-12-19T07:39:47","slug":"erzurumda-kadinlarin-isbirligi-seferberligi-ilk-adim-atildi","status":"publish","type":"post","link":"https:\/\/www.tgrthaber.com\/mavikadin\/erzurumda-kadinlarin-isbirligi-seferberligi-ilk-adim-atildi\/","title":{"rendered":"Erzurum\u2019da kad\u0131nlar\u0131n i\u015fbirli\u011fi seferberli\u011fi! \u0130lk ad\u0131m at\u0131ld\u0131"},"content":{"rendered":"<p>Erzurum Kent Konseyi Kad\u0131n Meclisi Ba\u015fkan\u0131 Yadigar Nesrin \u015eerbet\u00e7io\u011flu ve y\u00f6netim kurulu \u00fcyeleri, Kad\u0131n ve Demokrasi Vakf\u0131 Erzurum \u015eubesi&#8217;ni ziyaret etti. , Kad\u0131n ve Demokrasi Vakf\u0131 Erzurum Temsilcisi Fatma Ta\u015fba\u015f\u0131 ile bir araya gelen heyet, vak\u0131f \u00e7al\u0131\u015fmalar\u0131 ve y\u00fcr\u00fct\u00fclen projeler hakk\u0131nda fikir al\u0131\u015fveri\u015finde bulundu.<\/p>\n<h3>ERZURUM\u2019DA KADINLARIN \u0130\u015eB\u0130RL\u0130\u011e\u0130 \u0130\u00c7\u0130N \u0130LK ADIM ATILDI<\/h3>\n<p>Erzurum\u2019daki kad\u0131nlara y\u00f6nelik ortak projeler i\u00e7in at\u0131lan bu i\u015f birli\u011fi ad\u0131m\u0131, \u00e7ok anlaml\u0131 ve umut verici bir geli\u015fme. Kad\u0131nlar\u0131n sosyal, ekonomik ve k\u00fclt\u00fcrel alanlarda g\u00fc\u00e7lenmesi amac\u0131yla yap\u0131lan bu t\u00fcr \u00e7al\u0131\u015fmalar, toplumda kad\u0131nlar\u0131n rol\u00fcn\u00fc art\u0131rmak i\u00e7in b\u00fcy\u00fck bir f\u0131rsat sunuyor. Bu t\u00fcr projeler, kad\u0131nlar\u0131n daha fazla s\u00f6z sahibi olmas\u0131n\u0131 ve toplumsal ya\u015famda daha g\u00fc\u00e7l\u00fc bir yer edinmelerini sa\u011flamaya yard\u0131mc\u0131 olabilir. \u0130\u015f birli\u011fi yap\u0131lan Kad\u0131n ve Demokrasi Vakf\u0131\u2019n\u0131n Erzurum\u2019daki faaliyetleri de olduk\u00e7a \u00f6nemli \u00e7\u00fcnk\u00fc sivil toplum kurulu\u015flar\u0131, yerel ihtiya\u00e7lara \u00f6zel \u00e7\u00f6z\u00fcmler \u00fcretme noktas\u0131nda b\u00fcy\u00fck bir rol oynuyor.<\/p>\n<p><img loading=\"lazy\" decoding=\"async\" class=\"alignnone wp-image-108540\" src=\"https:\/\/www.tgrthaber.com\/mavikadin\/wp-content\/uploads\/AW353213_01.jpg\" alt=\"\" width=\"1208\" height=\"680\" title=\"\" srcset=\"https:\/\/www.tgrthaber.com\/mavikadin\/wp-content\/uploads\/AW353213_01.jpg 1600w, https:\/\/www.tgrthaber.com\/mavikadin\/wp-content\/uploads\/AW353213_01-300x169.jpg 300w, https:\/\/www.tgrthaber.com\/mavikadin\/wp-content\/uploads\/AW353213_01-1024x577.jpg 1024w, https:\/\/www.tgrthaber.com\/mavikadin\/wp-content\/uploads\/AW353213_01-768x432.jpg 768w, https:\/\/www.tgrthaber.com\/mavikadin\/wp-content\/uploads\/AW353213_01-1536x865.jpg 1536w\" sizes=\"(max-width: 1208px) 100vw, 1208px\" \/><\/p>\n<p>Bu s\u00fcre\u00e7te \u00f6nerim, projelerin s\u00fcrd\u00fcr\u00fclebilirli\u011fini sa\u011flamak i\u00e7in s\u00fcrekli geri bildirim almak ve yerel kad\u0131nlar\u0131n ihtiya\u00e7lar\u0131n\u0131 daha derinlemesine incelemek olabilir. Ayr\u0131ca, kad\u0131nlar\u0131n yerel kalk\u0131nmaya aktif kat\u0131l\u0131m\u0131n\u0131 sa\u011flamak ad\u0131na, giri\u015fimcilik e\u011fitimleri, mentorluk programlar\u0131 veya i\u015f g\u00fcc\u00fc piyasas\u0131na entegrasyon i\u00e7in f\u0131rsatlar sunmak da b\u00fcy\u00fck bir etki yaratabilir.<\/p>\n","protected":false},"excerpt":{"rendered":"<p>Erzurum\u2019da kad\u0131nlara y\u00f6nelik ortak projeler i\u00e7in i\u015f birli\u011fi ad\u0131m\u0131 at\u0131ld\u0131. Erzurum Kent Konseyi Kad\u0131n Meclisi Ba\u015fkan\u0131 Yadigar Nesrin \u015eerbet\u00e7io\u011flu ve y\u00f6netim kurulu \u00fcyeleri, Kad\u0131n ve Demokrasi Vakf\u0131 Erzurum \u015eubesi&#8217;ni ziyaret etti.<\/p>\n","protected":false},"author":5,"featured_media":108541,"comment_status":"closed","ping_status":"closed","sticky":false,"template":"","format":"standard","meta":{"rank_math_lock_modified_date":false,"footnotes":""},"categories":[2149],"tags":[4744,4833],"class_list":["post-108539","post","type-post","status-publish","format-standard","has-post-thumbnail","hentry","category-guclu-kadin","tag-erzurum","tag-kadinlarin-isbirligi"],"_links":{"self":[{"href":"https:\/\/www.tgrthaber.com\/mavikadin\/wp-json\/wp\/v2\/posts\/108539"}],"collection":[{"href":"https:\/\/www.tgrthaber.com\/mavikadin\/wp-json\/wp\/v2\/posts"}],"about":[{"href":"https:\/\/www.tgrthaber.com\/mavikadin\/wp-json\/wp\/v2\/types\/post"}],"author":[{"embeddable":true,"href":"https:\/\/www.tgrthaber.com\/mavikadin\/wp-json\/wp\/v2\/users\/5"}],"replies":[{"embeddable":true,"href":"https:\/\/www.tgrthaber.com\/mavikadin\/wp-json\/wp\/v2\/comments?post=108539"}],"version-history":[{"count":2,"href":"https:\/\/www.tgrthaber.com\/mavikadin\/wp-json\/wp\/v2\/posts\/108539\/revisions"}],"predecessor-version":[{"id":108543,"href":"https:\/\/www.tgrthaber.com\/mavikadin\/wp-json\/wp\/v2\/posts\/108539\/revisions\/108543"}],"wp:featuredmedia":[{"embeddable":true,"href":"https:\/\/www.tgrthaber.com\/mavikadin\/wp-json\/wp\/v2\/media\/108541"}],"wp:attachment":[{"href":"https:\/\/www.tgrthaber.com\/mavikadin\/wp-json\/wp\/v2\/media?parent=108539"}],"wp:term":[{"taxonomy":"category","embeddable":true,"href":"https:\/\/www.tgrthaber.com\/mavikadin\/wp-json\/wp\/v2\/categories?post=108539"},{"taxonomy":"post_tag","embeddable":true,"href":"https:\/\/www.tgrthaber.com\/mavikadin\/wp-json\/wp\/v2\/tags?post=108539"}],"curies":[{"name":"wp","href":"https:\/\/api.w.org\/{rel}","templated":true}]}}