{"id":108767,"date":"2024-12-19T15:46:11","date_gmt":"2024-12-19T12:46:11","guid":{"rendered":"https:\/\/www.tgrthaber.com\/mavikadin\/?p=108767"},"modified":"2024-12-19T15:49:23","modified_gmt":"2024-12-19T12:49:23","slug":"kubilay-akanin-kolombiya-pozu-gundem-oldu-yeni-projesi-merak-edildi","status":"publish","type":"post","link":"https:\/\/www.tgrthaber.com\/mavikadin\/kubilay-akanin-kolombiya-pozu-gundem-oldu-yeni-projesi-merak-edildi\/","title":{"rendered":"Kubilay Aka\u2019n\u0131n Kolombiya pozu g\u00fcndem oldu! Yeni projesi merak edildi"},"content":{"rendered":"<p>Kolombiya\u2019da olan Kubilay Aka son olarak payla\u015ft\u0131\u011f\u0131 son pozuyla g\u00fcndeme geldi. \u00a0Instagram hesab\u0131ndan yeni karelerini payla\u015fan \u00fcnl\u00fc oyuncuya k\u0131sa s\u00fcrede be\u011feni ve yorum ya\u011fd\u0131.<\/p>\n<h3>KUB\u0130LAY AKA\u2019NIN KOLOMB\u0130YA POZU G\u00dcNDEM OLDU!<\/h3>\n<p>Kolombiya\u2019da verdi\u011fi pozla sosyal medyada g\u00fcndeme gelen Aka yer ald\u0131\u011f\u0131 projeler kadar \u00f6zel hayat\u0131yla da s\u0131k s\u0131k konu\u015fuluyor. Aka\u2019n\u0131n nas\u0131l bir projede yer alaca\u011f\u0131 ise \u015fimdiden merak ediliyor.<\/p>\n<p>Hafsanur Sancaktutan ile ili\u015fkisi magazin g\u00fcndemine bomba gibi d\u00fc\u015fen Aka sevgilisiyle zaman zaman pozlar\u0131n\u0131 payla\u015f\u0131yor.<\/p>\n<p><img loading=\"lazy\" decoding=\"async\" class=\"alignnone size-full wp-image-108769\" src=\"https:\/\/www.tgrthaber.com\/mavikadin\/wp-content\/uploads\/Intro-1600-Kubilay-Aka.jpg\" alt=\"\" width=\"1600\" height=\"900\" title=\"\" srcset=\"https:\/\/www.tgrthaber.com\/mavikadin\/wp-content\/uploads\/Intro-1600-Kubilay-Aka.jpg 1600w, https:\/\/www.tgrthaber.com\/mavikadin\/wp-content\/uploads\/Intro-1600-Kubilay-Aka-300x169.jpg 300w, https:\/\/www.tgrthaber.com\/mavikadin\/wp-content\/uploads\/Intro-1600-Kubilay-Aka-1024x576.jpg 1024w, https:\/\/www.tgrthaber.com\/mavikadin\/wp-content\/uploads\/Intro-1600-Kubilay-Aka-768x432.jpg 768w, https:\/\/www.tgrthaber.com\/mavikadin\/wp-content\/uploads\/Intro-1600-Kubilay-Aka-1536x864.jpg 1536w\" sizes=\"(max-width: 1600px) 100vw, 1600px\" \/><\/p>\n<h3>DANLA B\u0130L\u0130C \u0130LE ANILIYORDU<\/h3>\n<p>Hafsanur Sancaktutan\u2019dan \u00f6nce sosyal medya fenomeni Danla Bilic ile birlikte olan Aka k\u0131sa s\u00fcren ili\u015fkisinin bitti\u011fini \u015fu \u015fekilde duyurmu\u015ftu:<\/p>\n<p>&#8220;\u0130li\u015fkimiz Danla&#8217;n\u0131n yapt\u0131\u011f\u0131 herhangi bir a\u00e7\u0131klamadan dolay\u0131 bitmedi. Denedik olmad\u0131, kafalar uyu\u015fmad\u0131. Bu konuda fazla konu\u015fmak istemiyorum. \u0130li\u015fkimiz bitti.&#8221;<\/p>\n<p><img loading=\"lazy\" decoding=\"async\" class=\"alignnone wp-image-108773\" src=\"https:\/\/www.tgrthaber.com\/mavikadin\/wp-content\/uploads\/inci-taneleri-1.webp\" alt=\"\" width=\"1208\" height=\"806\" title=\"\" srcset=\"https:\/\/www.tgrthaber.com\/mavikadin\/wp-content\/uploads\/inci-taneleri-1.webp 2047w, https:\/\/www.tgrthaber.com\/mavikadin\/wp-content\/uploads\/inci-taneleri-1-300x200.webp 300w, https:\/\/www.tgrthaber.com\/mavikadin\/wp-content\/uploads\/inci-taneleri-1-1024x683.webp 1024w, https:\/\/www.tgrthaber.com\/mavikadin\/wp-content\/uploads\/inci-taneleri-1-768x513.webp 768w, https:\/\/www.tgrthaber.com\/mavikadin\/wp-content\/uploads\/inci-taneleri-1-1536x1025.webp 1536w\" sizes=\"(max-width: 1208px) 100vw, 1208px\" \/><\/p>\n<h3>\u0130NC\u0130 TANELER\u0130 KUB\u0130LAY AKA K\u0130MD\u0130R?<\/h3>\n<p>\u0130nci Taneleri dizisinde Cihan karakterini oynayan Kubilay Aka 1995 y\u0131l\u0131nda d\u00fcnyaya geldi.<\/p>\n<p>Eski\u015fehir Anadolu \u00dcniversitesi&#8217;nde Havaalan\u0131 Y\u00f6netim b\u00f6l\u00fcm\u00fcnden mezun olan Aka bir s\u00fcre havaalan\u0131nda \u00e7al\u0131\u015ft\u0131.<\/p>\n<p>Bu s\u00fcre\u00e7te menajeri Ufuk Ergin ile kar\u015f\u0131la\u015fm\u0131\u015f ard\u0131ndan da, 2016-2018 y\u0131llar\u0131 aras\u0131nda Kanal D&#8217;de yay\u0131mlanan Vatan\u0131m Sensin dizisinde Ali Kemal karakterini \u00fcstlenmi\u015ftir.<\/p>\n<p>Oyunculuk e\u011fitimi alan Aka daha sonra \u00c7ukur dizisinde 4 sezon boyunca Celasun karakterini oynad\u0131. Aka \u015fuanda \u0130nci Taneleri dizisinde oynuyor.<\/p>\n","protected":false},"excerpt":{"rendered":"<p>\u00dcnl\u00fc oyuncu Kubilay Aka\u2019n\u0131n Kolombiya\u2019da verdi\u011fi poz g\u00fcndem oldu. Uluslararas\u0131 bir projede yer alan Aka\u2019n\u0131n nas\u0131l s\u00fcrprizlerle gelece\u011fi merak uyand\u0131rd\u0131.<\/p>\n","protected":false},"author":5,"featured_media":108770,"comment_status":"closed","ping_status":"closed","sticky":false,"template":"","format":"standard","meta":{"rank_math_lock_modified_date":false,"footnotes":""},"categories":[76],"tags":[3034,4863],"class_list":["post-108767","post","type-post","status-publish","format-standard","has-post-thumbnail","hentry","category-magazin","tag-inci-taneleri","tag-kubilay-aka"],"_links":{"self":[{"href":"https:\/\/www.tgrthaber.com\/mavikadin\/wp-json\/wp\/v2\/posts\/108767"}],"collection":[{"href":"https:\/\/www.tgrthaber.com\/mavikadin\/wp-json\/wp\/v2\/posts"}],"about":[{"href":"https:\/\/www.tgrthaber.com\/mavikadin\/wp-json\/wp\/v2\/types\/post"}],"author":[{"embeddable":true,"href":"https:\/\/www.tgrthaber.com\/mavikadin\/wp-json\/wp\/v2\/users\/5"}],"replies":[{"embeddable":true,"href":"https:\/\/www.tgrthaber.com\/mavikadin\/wp-json\/wp\/v2\/comments?post=108767"}],"version-history":[{"count":2,"href":"https:\/\/www.tgrthaber.com\/mavikadin\/wp-json\/wp\/v2\/posts\/108767\/revisions"}],"predecessor-version":[{"id":108775,"href":"https:\/\/www.tgrthaber.com\/mavikadin\/wp-json\/wp\/v2\/posts\/108767\/revisions\/108775"}],"wp:featuredmedia":[{"embeddable":true,"href":"https:\/\/www.tgrthaber.com\/mavikadin\/wp-json\/wp\/v2\/media\/108770"}],"wp:attachment":[{"href":"https:\/\/www.tgrthaber.com\/mavikadin\/wp-json\/wp\/v2\/media?parent=108767"}],"wp:term":[{"taxonomy":"category","embeddable":true,"href":"https:\/\/www.tgrthaber.com\/mavikadin\/wp-json\/wp\/v2\/categories?post=108767"},{"taxonomy":"post_tag","embeddable":true,"href":"https:\/\/www.tgrthaber.com\/mavikadin\/wp-json\/wp\/v2\/tags?post=108767"}],"curies":[{"name":"wp","href":"https:\/\/api.w.org\/{rel}","templated":true}]}}