{"id":108768,"date":"2024-12-19T17:03:15","date_gmt":"2024-12-19T14:03:15","guid":{"rendered":"https:\/\/www.tgrthaber.com\/mavikadin\/?p=108768"},"modified":"2024-12-19T17:29:11","modified_gmt":"2024-12-19T14:29:11","slug":"superstar-ajda-pekkandan-bir-ilk-at-oldu","status":"publish","type":"post","link":"https:\/\/www.tgrthaber.com\/mavikadin\/superstar-ajda-pekkandan-bir-ilk-at-oldu\/","title":{"rendered":"S\u00fcperstar Ajda Pekkan&#8217;dan bir ilk: At olacak!"},"content":{"rendered":"<p>10 Ocak 2025 tarihinde vizyonlarda yerini almaya haz\u0131rlanan &#8220;\u015eam\u2019Piyonlar-Satranc\u0131n Gizemli Ta\u015flar\u0131&#8221; filminde izleyicileri b\u00fcy\u00fck bir s\u00fcrpriz bekliyor. T\u00fcrkiye&#8217;nin ilk satran\u00e7 konulu reel-animasyon filmi olan &#8220;\u015eam\u2019Piyonlar-Satranc\u0131n Gizemli Ta\u015flar\u0131&#8221; filminde s\u00fcperstar Ajda Pekkan da o muhte\u015fem sesiyle filmde yerini alacak.<\/p>\n<h3>S\u00dcPERSTAR AJDA PEKKAN&#8217;DAN S\u00dcRPR\u0130Z DUBLAJ! ATI SESLEND\u0130RECEK<\/h3>\n<p>&#8220;\u015eam\u2019Piyonlar-Satranc\u0131n Gizemli Ta\u015flar\u0131&#8221; filminde animasyon bir karakteri oynayacak olan \u00fcnl\u00fc \u015fark\u0131c\u0131 ilk defa b\u00f6yle bir i\u015fe giri\u015fti\u011fi i\u00e7in mutlu oldu\u011funu ifade ederek, &#8220;\u0130lk defa dublaj yapt\u0131m. Benim i\u00e7in \u00e7ok keyifliydi&#8221; a\u00e7\u0131klamas\u0131nda bulundu.<\/p>\n<p><img loading=\"lazy\" decoding=\"async\" class=\"alignnone size-full wp-image-108820\" src=\"https:\/\/www.tgrthaber.com\/mavikadin\/wp-content\/uploads\/77777.png\" alt=\"\" width=\"842\" height=\"471\" title=\"\" srcset=\"https:\/\/www.tgrthaber.com\/mavikadin\/wp-content\/uploads\/77777.png 842w, https:\/\/www.tgrthaber.com\/mavikadin\/wp-content\/uploads\/77777-300x168.png 300w, https:\/\/www.tgrthaber.com\/mavikadin\/wp-content\/uploads\/77777-768x430.png 768w\" sizes=\"(max-width: 842px) 100vw, 842px\" \/><\/p>\n<p>\u00dclkemiz i\u00e7erisindeki ilk satran\u00e7 konulu reel-animasyon filmi olan &#8220;\u015eam\u2019Piyonlar-Satranc\u0131n Gizemli Ta\u015flar\u0131&#8221;nda \u00fcnl\u00fcler camias\u0131ndan bir \u00e7ok \u00fcnl\u00fc isim bir noktada bulu\u015furken, satran\u00e7 ta\u015flar\u0131ndan biri olan at\u0131n, animasyon karakterini sesiyle canland\u0131rma g\u00f6revini yerine getirecek olan s\u00fcperstar Ajda Pekkan, daha \u015fimdiden filme y\u00f6nelik dikkatleri \u00fczerine \u00e7ekti.<\/p>\n<h3>\u015eAM-P\u0130YONLAR-SATRANCIN G\u0130ZEML\u0130 TA\u015eLARI F\u0130LM\u0130NDE HANG\u0130 \u00dcNL\u00dc \u0130S\u0130MLER VAR?<\/h3>\n<p>D\u0131\u015f d\u00fcnya ile animasyon d\u00fcnyas\u0131n\u0131n ucu buca\u011f\u0131 olmayan hayal g\u00fcc\u00fcn\u00fc bir noktada bulu\u015fturan 2025&#8217;in en iddial\u0131 \u00e7ocuk-aile filmi kategorisinde olan \u015eam\u2019Piyonlar-Satranc\u0131n Gizemli Ta\u015flar\u0131&#8221; i\u00e7erik olarak, okullar\u0131n tatil edilmesiyle beraber yaz tatilinde ailesiyle dedesinin yan\u0131na giden Efe&#8217;nin satran\u00e7la tan\u0131\u015fmas\u0131n\u0131 konu ediniyor.<\/p>\n<p><img loading=\"lazy\" decoding=\"async\" class=\"alignnone size-full wp-image-108821\" src=\"https:\/\/www.tgrthaber.com\/mavikadin\/wp-content\/uploads\/54.png\" alt=\"\" width=\"845\" height=\"466\" title=\"\" srcset=\"https:\/\/www.tgrthaber.com\/mavikadin\/wp-content\/uploads\/54.png 845w, https:\/\/www.tgrthaber.com\/mavikadin\/wp-content\/uploads\/54-300x165.png 300w, https:\/\/www.tgrthaber.com\/mavikadin\/wp-content\/uploads\/54-768x424.png 768w\" sizes=\"(max-width: 845px) 100vw, 845px\" \/><\/p>\n<p>Ba\u015far\u0131l\u0131 oyuncu Murat Y\u0131ld\u0131r\u0131m ile g\u00fczel oyuncu B\u00fc\u015fra Pekin&#8217;in ba\u015frol\u00fcn\u00fc \u00fcstlendi\u011fi filmde Erdal \u00d6zya\u011fc\u0131lar ve Ezo Sunal&#8217;\u0131n d\u0131\u015f\u0131nda \u00e7ocuk oyuncu olarak da Mert Ege Ak, Ebrar Alya Demirbilek, Nehir Nazl\u0131 Ya\u011fc\u0131 ve Ayaz G\u00fcl\u015fen gibi isimler yer al\u0131yor.<\/p>\n<p>Yap\u0131mc\u0131s\u0131 Polat Ya\u011fc\u0131\u2019n\u0131n oldu\u011fu ve Poll Films imzas\u0131n\u0131 ta\u015f\u0131yan \u015eam\u2019Piyonlar-Satranc\u0131n Gizemli Ta\u015flar\u0131&#8221; filminin y\u00f6netmenli\u011fini yapan isim ise Mustafa Kotan olarak biliniyor. \u00d6zellikle de \u00e7ocuklu ailelerin d\u00f6rt g\u00f6zle bekledi\u011fi \u015eam\u2019Piyonlar-Satranc\u0131n Gizemli Ta\u015flar\u0131 filmi 10 Ocak 2025&#8217;te vizyonda yerini alacak.<\/p>\n<p>&nbsp;<\/p>\n","protected":false},"excerpt":{"rendered":"<p>S\u00fcperstar Ajda Pekkan&#8217;\u0131n yeni projesinde s\u00fcrpriz bir ilke imza atarak at oldu. \u015eam\u2019Piyonlar-Satranc\u0131n Gizemli Ta\u015flar\u0131 filminde sesiyle at\u0131 canland\u0131racak.<\/p>\n","protected":false},"author":27,"featured_media":108819,"comment_status":"closed","ping_status":"closed","sticky":false,"template":"","format":"standard","meta":{"rank_math_lock_modified_date":false,"footnotes":""},"categories":[76],"tags":[3546,4166],"class_list":["post-108768","post","type-post","status-publish","format-standard","has-post-thumbnail","hentry","category-magazin","tag-ajda-pekkan","tag-sampiyonlar-satrancin-gizemli-taslari"],"_links":{"self":[{"href":"https:\/\/www.tgrthaber.com\/mavikadin\/wp-json\/wp\/v2\/posts\/108768"}],"collection":[{"href":"https:\/\/www.tgrthaber.com\/mavikadin\/wp-json\/wp\/v2\/posts"}],"about":[{"href":"https:\/\/www.tgrthaber.com\/mavikadin\/wp-json\/wp\/v2\/types\/post"}],"author":[{"embeddable":true,"href":"https:\/\/www.tgrthaber.com\/mavikadin\/wp-json\/wp\/v2\/users\/27"}],"replies":[{"embeddable":true,"href":"https:\/\/www.tgrthaber.com\/mavikadin\/wp-json\/wp\/v2\/comments?post=108768"}],"version-history":[{"count":4,"href":"https:\/\/www.tgrthaber.com\/mavikadin\/wp-json\/wp\/v2\/posts\/108768\/revisions"}],"predecessor-version":[{"id":108841,"href":"https:\/\/www.tgrthaber.com\/mavikadin\/wp-json\/wp\/v2\/posts\/108768\/revisions\/108841"}],"wp:featuredmedia":[{"embeddable":true,"href":"https:\/\/www.tgrthaber.com\/mavikadin\/wp-json\/wp\/v2\/media\/108819"}],"wp:attachment":[{"href":"https:\/\/www.tgrthaber.com\/mavikadin\/wp-json\/wp\/v2\/media?parent=108768"}],"wp:term":[{"taxonomy":"category","embeddable":true,"href":"https:\/\/www.tgrthaber.com\/mavikadin\/wp-json\/wp\/v2\/categories?post=108768"},{"taxonomy":"post_tag","embeddable":true,"href":"https:\/\/www.tgrthaber.com\/mavikadin\/wp-json\/wp\/v2\/tags?post=108768"}],"curies":[{"name":"wp","href":"https:\/\/api.w.org\/{rel}","templated":true}]}}