{"id":108789,"date":"2024-12-19T16:17:59","date_gmt":"2024-12-19T13:17:59","guid":{"rendered":"https:\/\/www.tgrthaber.com\/mavikadin\/?p=108789"},"modified":"2024-12-19T17:36:50","modified_gmt":"2024-12-19T14:36:50","slug":"kizilcik-serbeti-final-mi-olacak-dogukan-gungorden-dizi-hakkinda-spoiler","status":"publish","type":"post","link":"https:\/\/www.tgrthaber.com\/mavikadin\/kizilcik-serbeti-final-mi-olacak-dogukan-gungorden-dizi-hakkinda-spoiler\/","title":{"rendered":"K\u0131z\u0131lc\u0131k \u015eerbeti final mi olacak? Do\u011fukan G\u00fcng\u00f6r\u2019den dizi hakk\u0131nda spoiler"},"content":{"rendered":"<p>Kat\u0131ld\u0131\u011f\u0131 bir etkinlikte K\u0131z\u0131lc\u0131k \u015eerbeti hakk\u0131nda a\u00e7\u0131klamalarda bulunan Do\u011fukan G\u00fcng\u00f6r dizinin yeni y\u0131lda da devam edece\u011fi sinyalini verdi. Etkinli\u011fe TGRT Haber ve Mavi Kad\u0131n i\u00e7erik edit\u00f6r\u00fc Dilara Tekin de kat\u0131l\u0131m g\u00f6sterdi.<\/p>\n<h3>KIZILCIK \u015eERBET\u0130 F\u0130NAL M\u0130 OLACAK?<\/h3>\n<p>2024 bireysel anlamda ini\u015fleriyle \u00e7\u0131k\u0131\u015flar\u0131yla g\u00fczel ge\u00e7ti diyen G\u00fcng\u00f6r, \u201cHerhalde yine seyircimiz bizi yaln\u0131z b\u0131rakmayacak g\u00fczelce yaza kadar gidece\u011fiz.\u201d \u015feklinde konu\u015ftu.<\/p>\n<p>K\u0131z\u0131lc\u0131k \u015eerbeti ba\u015flarken bu kadar iyi gidece\u011fini d\u00fc\u015f\u00fcn\u00fcyor muydunuz? sorusuna ise G\u00fcng\u00f6r, \u201cHikayenin star olmas\u0131 \u00f6nemli bu noktada. G\u00fczel bir ekip \u00e7al\u0131\u015fmas\u0131 olunca g\u00fczel de \u00e7al\u0131\u015ft\u0131k \u015feklinde konu\u015ftu.\u201d dedi.<\/p>\n<div style=\"width: 640px;\" class=\"wp-video\"><!--[if lt IE 9]><script>document.createElement('video');<\/script><![endif]-->\n<video class=\"wp-video-shortcode\" id=\"video-108789-1\" width=\"640\" height=\"640\" preload=\"metadata\" controls=\"controls\"><source type=\"video\/mp4\" src=\"https:\/\/www.tgrthaber.com\/mavikadin\/wp-content\/uploads\/Sari-ve-Mavi-Fotografli-Gunaydin-Temali-Instagram-Gonderisi-15.mp4?_=1\" \/><a href=\"https:\/\/www.tgrthaber.com\/mavikadin\/wp-content\/uploads\/Sari-ve-Mavi-Fotografli-Gunaydin-Temali-Instagram-Gonderisi-15.mp4\">https:\/\/www.tgrthaber.com\/mavikadin\/wp-content\/uploads\/Sari-ve-Mavi-Fotografli-Gunaydin-Temali-Instagram-Gonderisi-15.mp4<\/a><\/video><\/div>\n<h3>\u201c\u0130K\u0130 YIL \u00d6NCE OYNADI\u011eIM ROL\u00dc \u015eUAN B\u00d6YLE OYNAMAM\u201d<\/h3>\n<p>Muhabirlerle samimi bir sohbet ger\u00e7ekle\u015ftiren Do\u011fukan G\u00fcng\u00f6r, gazetecilerin televizyonda verdi\u011finiz bir r\u00f6portaj sonras\u0131 pi\u015fmanl\u0131\u011f\u0131n\u0131z oluyor mu? sorusu kar\u015f\u0131s\u0131nda \u201cTabi ki oluyor. \u00c7\u00fcnk\u00fc insanlar\u0131n fikirleri de\u011fi\u015febiliyor. \u0130ki y\u0131l \u00f6nce oynad\u0131\u011f\u0131m rol\u00fc \u015fuan b\u00f6yle oynamam mesela\u2026 Bunun gibi.\u201d dedi.<\/p>\n<h3>\u201cSEY\u0130RC\u0130M\u0130Z B\u0130Z\u0130 BIRAKMIYOR\u201d<\/h3>\n<p>K\u0131z\u0131lc\u0131k \u015eerbeti hakk\u0131nda konu\u015fmaya devam eden G\u00fcng\u00f6r, 2024 dizi anlam\u0131nda sizin i\u00e7in iyi ge\u00e7ti. Nas\u0131l de\u011ferlendirirsiniz sorusu kar\u015f\u0131s\u0131nda \u201cDizideki 3. Sezonumuz seyircimiz de bizi yaln\u0131z b\u0131rakm\u0131yor, \u00e7ok mutluyuz. 2025 y\u0131l\u0131n\u0131n da herkes i\u00e7in sa\u011fl\u0131k, huzur getirmesini diliyorum\u201d dedi.<\/p>\n<p><img loading=\"lazy\" decoding=\"async\" class=\"alignnone wp-image-108791\" src=\"https:\/\/www.tgrthaber.com\/mavikadin\/wp-content\/uploads\/Dogukan.webp\" alt=\"\" width=\"1208\" height=\"940\" title=\"\" srcset=\"https:\/\/www.tgrthaber.com\/mavikadin\/wp-content\/uploads\/Dogukan.webp 900w, https:\/\/www.tgrthaber.com\/mavikadin\/wp-content\/uploads\/Dogukan-300x233.webp 300w, https:\/\/www.tgrthaber.com\/mavikadin\/wp-content\/uploads\/Dogukan-768x597.webp 768w\" sizes=\"(max-width: 1208px) 100vw, 1208px\" \/><\/p>\n<h3>\u0130STANBUL MARKET\u0130NG SUMM\u0130T HAKKINDA<\/h3>\n<p>\u0130stanbul Marketing Summit bu y\u0131l 17-18-19 Aral\u0131k tarihleri aras\u0131nda Zorlu Performans Sanatlar\u0131 Merkezi\u2019nde ger\u00e7ekle\u015fecek. Etkinlik, pazarlama profesyonelleri i\u00e7in \u00f6nemli bir bulu\u015fma noktas\u0131 olup, networking f\u0131rsatlar\u0131 ve deneyim odakl\u0131 i\u00e7erikler ile dolu bir program sunuyor.<br \/>\n\u00dc\u00e7 g\u00fcn s\u00fcren etkinlik boyunca; Oyuncu Hazar Erg\u00fc\u00e7l\u00fc, Hafsanur Sancaktutan, Perihan Sava\u015f ve Do\u011fukan G\u00fcng\u00f6r, Milli Tenis\u00e7i Zeynep S\u00f6nmez, D\u00fcnya ve Avrupa \u015eampiyonu Milli Y\u00fcz\u00fcc\u00fc S\u00fcmeyye Boyac\u0131, Olimpiyat 3.\u2019s\u00fc ve D\u00fcnya \u015eampiyonu Milli G\u00fcre\u015f\u00e7i Buse Tosun \u00c7avu\u015fo\u011flu, DJ &amp; Prod\u00fckt\u00f6r Mahmut Orhan.<\/p>\n<p>\u00dc\u00e7 g\u00fcn s\u00fcren etkinlik boyunca; MediaMarkt T\u00fcrkiye Pazarlama, E-ticaret ve Kurumsal \u0130leti\u015fim Direkt\u00f6r\u00fc Tolga \u00dcnvan, MediaMarkt Pazarlama \u0130leti\u015fimi ve Medya Grup M\u00fcd\u00fcr\u00fc Banu Yolcu, Garanti BBVA \u00d6deme Sistemleri Portf\u00f6y Y\u00f6netimi, Dijital Pazarlama ve Marka Ortakl\u0131klar\u0131 Genel M\u00fcd\u00fcr Yard\u0131mc\u0131s\u0131 Pelin Batu, TSKB Genel M\u00fcd\u00fcr\u00fc Murat Bilgi\u00e7, TAB G\u0131da CMO\u2019su Caner Alpaslan, Eczac\u0131ba\u015f\u0131 Evital Genel M\u00fcd\u00fcr\u00fc Berk Boyac\u0131gil ve CarrefourSA Pazarlama &amp; Kurumsal \u0130leti\u015fim Grup M\u00fcd\u00fcr\u00fc Melis Karatay Ebin ba\u015fta olmak \u00fczere alan\u0131nda uzman bir\u00e7ok isim kat\u0131l\u0131mc\u0131larla bulu\u015facak.<\/p>\n","protected":false},"excerpt":{"rendered":"<p>K\u0131z\u0131lc\u0131k \u015eerbeti\u2019nin Fatih\u2019i Do\u011fukan G\u00fcng\u00f6r dizi hakk\u0131nda \u00f6nemli a\u00e7\u0131klamalarda bulundu. G\u00fcng\u00f6r, K\u0131z\u0131lc\u0131k \u015eerbeti\u2019nin final yap\u0131p yapmayaca\u011f\u0131 konusunda spoiler verdi.<\/p>\n","protected":false},"author":5,"featured_media":108817,"comment_status":"closed","ping_status":"closed","sticky":false,"template":"","format":"standard","meta":{"rank_math_lock_modified_date":false,"footnotes":""},"categories":[76],"tags":[4112,157],"class_list":["post-108789","post","type-post","status-publish","format-standard","has-post-thumbnail","hentry","category-magazin","tag-dogukan-gungor","tag-kizilcik-serbeti"],"_links":{"self":[{"href":"https:\/\/www.tgrthaber.com\/mavikadin\/wp-json\/wp\/v2\/posts\/108789"}],"collection":[{"href":"https:\/\/www.tgrthaber.com\/mavikadin\/wp-json\/wp\/v2\/posts"}],"about":[{"href":"https:\/\/www.tgrthaber.com\/mavikadin\/wp-json\/wp\/v2\/types\/post"}],"author":[{"embeddable":true,"href":"https:\/\/www.tgrthaber.com\/mavikadin\/wp-json\/wp\/v2\/users\/5"}],"replies":[{"embeddable":true,"href":"https:\/\/www.tgrthaber.com\/mavikadin\/wp-json\/wp\/v2\/comments?post=108789"}],"version-history":[{"count":2,"href":"https:\/\/www.tgrthaber.com\/mavikadin\/wp-json\/wp\/v2\/posts\/108789\/revisions"}],"predecessor-version":[{"id":108850,"href":"https:\/\/www.tgrthaber.com\/mavikadin\/wp-json\/wp\/v2\/posts\/108789\/revisions\/108850"}],"wp:featuredmedia":[{"embeddable":true,"href":"https:\/\/www.tgrthaber.com\/mavikadin\/wp-json\/wp\/v2\/media\/108817"}],"wp:attachment":[{"href":"https:\/\/www.tgrthaber.com\/mavikadin\/wp-json\/wp\/v2\/media?parent=108789"}],"wp:term":[{"taxonomy":"category","embeddable":true,"href":"https:\/\/www.tgrthaber.com\/mavikadin\/wp-json\/wp\/v2\/categories?post=108789"},{"taxonomy":"post_tag","embeddable":true,"href":"https:\/\/www.tgrthaber.com\/mavikadin\/wp-json\/wp\/v2\/tags?post=108789"}],"curies":[{"name":"wp","href":"https:\/\/api.w.org\/{rel}","templated":true}]}}