{"id":108836,"date":"2024-12-19T17:32:59","date_gmt":"2024-12-19T14:32:59","guid":{"rendered":"https:\/\/www.tgrthaber.com\/mavikadin\/?p=108836"},"modified":"2024-12-19T18:52:09","modified_gmt":"2024-12-19T15:52:09","slug":"bahar-dizisine-emre-karayel-geliyor-bir-kadin-bir-erkek-oyunculari-bulusuyor","status":"publish","type":"post","link":"https:\/\/www.tgrthaber.com\/mavikadin\/bahar-dizisine-emre-karayel-geliyor-bir-kadin-bir-erkek-oyunculari-bulusuyor\/","title":{"rendered":"Bahar dizisine Emre Karayel geliyor! Bir Kad\u0131n Bir Erkek oyuncular\u0131 bulu\u015fuyor"},"content":{"rendered":"<p>Show TV ekranlar\u0131n\u0131n ilgiyle takip edilen dizisi Bahar\u2019a yeni\u00a0bir oyuncu geliyor. Seyirci taraf\u0131ndan yo\u011fun ilgi g\u00f6ren dizinin oyuncu kadrosuna yeni bir isim dahil oluyor. Ba\u015far\u0131l\u0131 oyuncu Emre Karayel, Bahar dizisine geliyor. Dizide \u201cBahar\u201d karakterine can veren Demet Evgar eski partneri Emre Karayel ile y\u0131llar sonra bir araya geliyor. \u201cBir Kad\u0131n Bir Erkek\u201d oyuncular\u0131 Bahar dizisinde bulu\u015fuyor. Emre Karayel\u2019in oyunculuk performans\u0131 \u015fimdiden merak ediliyor\u2026<\/p>\n<h3>BAHAR D\u0130Z\u0130S\u0130NE EMRE KARAYEL GEL\u0130YOR!<\/h3>\n<p>Show TV\u2019nin ilgiyle takip edilen dizileri aras\u0131nda yer alan ve yo\u011fun bir izleyici kitlesine sahip olan Bahar dizisine Emre Karayel geliyor. Hem konusuyla hem de oyuncu kadrosuyla dikkatleri \u00fczerine \u00e7eken Bahar dizisi, izlenme rekorlar\u0131 k\u0131rmaya da devam ediyor. Hem izleyici taraf\u0131ndan hem de sosyal medya kullan\u0131c\u0131lar\u0131 taraf\u0131ndan ilgiyle takip edilen diziye yeni s\u00fcrpriz bir oyuncu geliyor.<\/p>\n<p><img loading=\"lazy\" decoding=\"async\" class=\"alignnone wp-image-108838\" src=\"https:\/\/www.tgrthaber.com\/mavikadin\/wp-content\/uploads\/Adsiz-tasarim-34-14-1024x576.jpg\" alt=\"Bahar dizisine Emre Karayel geliyor! \" width=\"1208\" height=\"680\" title=\"\" srcset=\"https:\/\/www.tgrthaber.com\/mavikadin\/wp-content\/uploads\/Adsiz-tasarim-34-14-1024x576.jpg 1024w, https:\/\/www.tgrthaber.com\/mavikadin\/wp-content\/uploads\/Adsiz-tasarim-34-14-300x169.jpg 300w, https:\/\/www.tgrthaber.com\/mavikadin\/wp-content\/uploads\/Adsiz-tasarim-34-14-768x432.jpg 768w, https:\/\/www.tgrthaber.com\/mavikadin\/wp-content\/uploads\/Adsiz-tasarim-34-14-1536x864.jpg 1536w, https:\/\/www.tgrthaber.com\/mavikadin\/wp-content\/uploads\/Adsiz-tasarim-34-14.jpg 1600w\" sizes=\"(max-width: 1208px) 100vw, 1208px\" \/><\/p>\n<p>Kore dizisi \u201cDoctor Cha\u201ddan uyarlanan Bahar dizisinin oyuncu kadrosuna Emre Karayel dahil oluyor. \u0130lk sezonuyla reyting rekorlar\u0131na imza atan Bahar, ikinci sezonuyla da seyirciyi ekran ba\u015f\u0131na kilitlemeye devam ediyor. Her hafta ayr\u0131 bir konuyla izleyici kar\u015f\u0131s\u0131na \u00e7\u0131kan Bahar, i\u015fledi\u011fi konularla seyircinin dikkatini \u00e7ekmeyi ba\u015far\u0131yor. Diziye dahil olacak yeni oyuncu Emre Karayel\u2019in oyunculuk performans\u0131 da izleyiciler taraf\u0131ndan merak ediliyor.<\/p>\n<p><img loading=\"lazy\" decoding=\"async\" class=\"alignnone wp-image-108846\" src=\"https:\/\/www.tgrthaber.com\/mavikadin\/wp-content\/uploads\/Adsiz-tasarim-40-14-1024x576.jpg\" alt=\"Eski partnerler y\u0131llar sonra ayn\u0131 dizide\" width=\"1208\" height=\"680\" title=\"\" srcset=\"https:\/\/www.tgrthaber.com\/mavikadin\/wp-content\/uploads\/Adsiz-tasarim-40-14-1024x576.jpg 1024w, https:\/\/www.tgrthaber.com\/mavikadin\/wp-content\/uploads\/Adsiz-tasarim-40-14-300x169.jpg 300w, https:\/\/www.tgrthaber.com\/mavikadin\/wp-content\/uploads\/Adsiz-tasarim-40-14-768x432.jpg 768w, https:\/\/www.tgrthaber.com\/mavikadin\/wp-content\/uploads\/Adsiz-tasarim-40-14-1536x864.jpg 1536w, https:\/\/www.tgrthaber.com\/mavikadin\/wp-content\/uploads\/Adsiz-tasarim-40-14.jpg 1600w\" sizes=\"(max-width: 1208px) 100vw, 1208px\" \/><\/p>\n<h3>B\u0130R KADIN B\u0130R ERKEK OYUNCULARI BULU\u015eUYOR!<\/h3>\n<p>Her sal\u0131 ak\u015fam\u0131 izleyici ile bulu\u015fan Bahar dizisinin \u00f6n\u00fcm\u00fczdeki hafta yay\u0131mlanacak olan b\u00f6l\u00fcm\u00fcnde Emre Karayel de yer al\u0131yor. Dizide Bahar karakterine can veren Demet Evgar y\u0131llar sonra eski partneri Emre Karayel ile bir araya geliyor. Yay\u0131mland\u0131\u011f\u0131 d\u00f6neme damga vuran \u201cBir Kad\u0131n Bir Erkek\u201d oyuncular\u0131 Bahar dizisinde bulu\u015fuyor.<\/p>\n<figure id=\"attachment_108842\" aria-describedby=\"caption-attachment-108842\" style=\"width: 1208px\" class=\"wp-caption alignnone\"><img loading=\"lazy\" decoding=\"async\" class=\"wp-image-108842\" src=\"https:\/\/www.tgrthaber.com\/mavikadin\/wp-content\/uploads\/Adsiz-tasarim-38-9-1024x576.jpg\" alt=\"Bir Kad\u0131n Bir Erkek oyuncular\u0131 bulu\u015fuyor\" width=\"1208\" height=\"680\" title=\"\" srcset=\"https:\/\/www.tgrthaber.com\/mavikadin\/wp-content\/uploads\/Adsiz-tasarim-38-9-1024x576.jpg 1024w, https:\/\/www.tgrthaber.com\/mavikadin\/wp-content\/uploads\/Adsiz-tasarim-38-9-300x169.jpg 300w, https:\/\/www.tgrthaber.com\/mavikadin\/wp-content\/uploads\/Adsiz-tasarim-38-9-768x432.jpg 768w, https:\/\/www.tgrthaber.com\/mavikadin\/wp-content\/uploads\/Adsiz-tasarim-38-9-1536x864.jpg 1536w, https:\/\/www.tgrthaber.com\/mavikadin\/wp-content\/uploads\/Adsiz-tasarim-38-9.jpg 1600w\" sizes=\"(max-width: 1208px) 100vw, 1208px\" \/><figcaption id=\"caption-attachment-108842\" class=\"wp-caption-text\">Bir Kad\u0131n Bir Erkek oyuncular\u0131 bulu\u015fuyor<\/figcaption><\/figure>\n<p>Asena B\u00fclb\u00fclo\u011flu\u2019nun yap\u0131mc\u0131l\u0131\u011f\u0131n\u0131 \u00fcstlendi\u011fi ve MFYap\u0131m imzal\u0131 \u201cBahar\u201d dizisinin \u00f6n\u00fcm\u00fczdeki hafta b\u00f6l\u00fcm\u00fcne Emre Karayel, psikiyatr Tolga karakteri ile dahil oluyor. Psikiyatr Tolga karakteri ile diziye dahil olan Emre Karayel, \u00c7a\u011fla karakteri i\u00e7in geliyor. Kuliste konu\u015fulan bilgilere g\u00f6re Bahar\u2019\u0131n ana kadrosunda yer olacak olan Tolga karakteri ile \u00c7a\u011fla karakteri aras\u0131nda bir ba\u011f kurulacak. Son olarak NOW TV ekranlar\u0131nda &#8220;Kirli Sepeti&#8221; adl\u0131 diziyle izleyici kar\u015f\u0131s\u0131na \u00e7\u0131kan Emre Karayel\u2019in oyunculuk performans\u0131 \u015fimdiden merak ediliyor.<\/p>\n","protected":false},"excerpt":{"rendered":"<p>Bahar dizisinin oyuncu kadrosuna Emre Karayel dahil oluyor. Dizide Bahar karakterine can veren Demet Evgar y\u0131llar sonra eski partneri Emre Karayel ile bir araya geliyor. \u0130\u015fte ayr\u0131nt\u0131lar\u2026 <\/p>\n","protected":false},"author":26,"featured_media":108843,"comment_status":"closed","ping_status":"closed","sticky":false,"template":"","format":"standard","meta":{"rank_math_lock_modified_date":false,"footnotes":""},"categories":[602],"tags":[614,2452,2304,4873],"class_list":["post-108836","post","type-post","status-publish","format-standard","has-post-thumbnail","hentry","category-diziler","tag-bahar","tag-bahar-dizisi","tag-demet-evgar","tag-emre-karayel"],"_links":{"self":[{"href":"https:\/\/www.tgrthaber.com\/mavikadin\/wp-json\/wp\/v2\/posts\/108836"}],"collection":[{"href":"https:\/\/www.tgrthaber.com\/mavikadin\/wp-json\/wp\/v2\/posts"}],"about":[{"href":"https:\/\/www.tgrthaber.com\/mavikadin\/wp-json\/wp\/v2\/types\/post"}],"author":[{"embeddable":true,"href":"https:\/\/www.tgrthaber.com\/mavikadin\/wp-json\/wp\/v2\/users\/26"}],"replies":[{"embeddable":true,"href":"https:\/\/www.tgrthaber.com\/mavikadin\/wp-json\/wp\/v2\/comments?post=108836"}],"version-history":[{"count":3,"href":"https:\/\/www.tgrthaber.com\/mavikadin\/wp-json\/wp\/v2\/posts\/108836\/revisions"}],"predecessor-version":[{"id":108848,"href":"https:\/\/www.tgrthaber.com\/mavikadin\/wp-json\/wp\/v2\/posts\/108836\/revisions\/108848"}],"wp:featuredmedia":[{"embeddable":true,"href":"https:\/\/www.tgrthaber.com\/mavikadin\/wp-json\/wp\/v2\/media\/108843"}],"wp:attachment":[{"href":"https:\/\/www.tgrthaber.com\/mavikadin\/wp-json\/wp\/v2\/media?parent=108836"}],"wp:term":[{"taxonomy":"category","embeddable":true,"href":"https:\/\/www.tgrthaber.com\/mavikadin\/wp-json\/wp\/v2\/categories?post=108836"},{"taxonomy":"post_tag","embeddable":true,"href":"https:\/\/www.tgrthaber.com\/mavikadin\/wp-json\/wp\/v2\/tags?post=108836"}],"curies":[{"name":"wp","href":"https:\/\/api.w.org\/{rel}","templated":true}]}}