{"id":108945,"date":"2024-12-19T21:17:46","date_gmt":"2024-12-19T18:17:46","guid":{"rendered":"https:\/\/www.tgrthaber.com\/mavikadin\/?p=108945"},"modified":"2024-12-19T22:29:59","modified_gmt":"2024-12-19T19:29:59","slug":"settar-tanriogen-kizil-goncalar-ile-setlere-donuyor-sagligina-kavusan-usta-oyuncu-tarikat-lideri-oluyor","status":"publish","type":"post","link":"https:\/\/www.tgrthaber.com\/mavikadin\/settar-tanriogen-kizil-goncalar-ile-setlere-donuyor-sagligina-kavusan-usta-oyuncu-tarikat-lideri-oluyor\/","title":{"rendered":"Settar Tanr\u0131\u00f6\u011fen, K\u0131z\u0131l Goncalar ile setlere d\u00f6n\u00fcyor: Sa\u011fl\u0131\u011f\u0131na kavu\u015fan usta oyuncu, tarikat lideri oluyor"},"content":{"rendered":"<p>Gold Film&#8217;in fenomen dizisi K\u0131z\u0131lc\u0131k \u015eerbeti&#8217;nin Abdullah \u00dcnal&#8217;\u0131, usta oyuncu Settar Tanr\u0131\u00f6\u011fen, ya\u015fad\u0131\u011f\u0131 sa\u011fl\u0131k sorunlar\u0131n\u0131n ard\u0131ndan setlere geri d\u00f6n\u00fcyor. Ge\u00e7en y\u0131l\u0131n ba\u015f\u0131nda beyin kanamas\u0131 ge\u00e7iren ve pe\u015f pe\u015fe ameliyatlar ge\u00e7iren Tanr\u0131\u00f6\u011fen, y\u0131l boyunca sa\u011fl\u0131k a\u00e7\u0131s\u0131ndan toparlan\u0131p moral depolad\u0131 ve \u015fimdi, K\u0131z\u0131l Goncalar dizisiyle b\u00fcy\u00fck bir s\u00fcrpriz yap\u0131yor.<\/p>\n<h3>SETTAR TANRI\u00d6\u011eEN KIZIL GONCALAR&#8217;DA<\/h3>\n<p>Settar Tanr\u0131\u00f6\u011fen, yakla\u015f\u0131k 1,5 sezon boyunca K\u0131z\u0131lc\u0131k \u015eerbeti dizisinde Abdullah \u00dcnal karakteriyle izleyicilerin g\u00f6nl\u00fcnde taht kurmu\u015ftu. Ge\u00e7en y\u0131l sa\u011fl\u0131k sorunlar\u0131 nedeniyle bir s\u00fcre ekranlardan uzak kalan \u00fcnl\u00fc oyuncu, ge\u00e7ti\u011fimiz aylarda sa\u011fl\u0131\u011f\u0131na kavu\u015farak setlere geri d\u00f6nmeye karar verdi. Gold Film ile el s\u0131k\u0131\u015fan Tanr\u0131\u00f6\u011fen, \u015fimdi de K\u0131z\u0131l Goncalar dizisiyle ekranlarda yeniden izleyicileriyle bulu\u015facak.<\/p>\n<p><img loading=\"lazy\" decoding=\"async\" class=\"alignnone wp-image-108946\" src=\"https:\/\/www.tgrthaber.com\/mavikadin\/wp-content\/uploads\/kizilcik-2-4.png\" alt=\"\" width=\"878\" height=\"532\" title=\"\" srcset=\"https:\/\/www.tgrthaber.com\/mavikadin\/wp-content\/uploads\/kizilcik-2-4.png 1192w, https:\/\/www.tgrthaber.com\/mavikadin\/wp-content\/uploads\/kizilcik-2-4-300x182.png 300w, https:\/\/www.tgrthaber.com\/mavikadin\/wp-content\/uploads\/kizilcik-2-4-1024x620.png 1024w, https:\/\/www.tgrthaber.com\/mavikadin\/wp-content\/uploads\/kizilcik-2-4-768x465.png 768w\" sizes=\"(max-width: 878px) 100vw, 878px\" \/><\/p>\n<h3>TAR\u0130KAT L\u0130DER\u0130 OLACAK<\/h3>\n<p>Settar Tanr\u0131\u00f6\u011fen&#8217;in, yeni y\u0131lda K\u0131z\u0131l Goncalar dizisinde tarikat lideri olarak izleyici kar\u015f\u0131s\u0131na \u00e7\u0131kaca\u011f\u0131 \u00f6\u011frenildi. Necati \u015eahin&#8217;in kaleme ald\u0131\u011f\u0131 dizide, Tanr\u0131\u00f6\u011fen,\u00a0 karakteriyle dikkat \u00e7ekecek.<\/p>\n<h3>KIZILCIK \u015eERBET\u0130&#8217;NDEN AYRILMAK ZORUNDA KALDI<\/h3>\n<p>Settar Tanr\u0131\u00f6\u011fen, K\u0131z\u0131lc\u0131k \u015eerbeti dizisinde rol al\u0131rken sa\u011fl\u0131k sorunlar\u0131 ya\u015fad\u0131. 26 Ocak 2024 tarihinde bilin\u00e7 bulan\u0131kl\u0131\u011f\u0131 \u015fikayetiyle hastaneye ba\u015fvuran Tanr\u0131\u00f6\u011fen, yap\u0131lan tetkikler sonucu beyin kanamas\u0131 te\u015fhisi ald\u0131. Sa\u011fl\u0131k durumu nedeniyle yakla\u015f\u0131k iki ay s\u00fcren bir tedavi s\u00fcrecine giren Tanr\u0131\u00f6\u011fen, 14 Mart 2024 tarihinde taburcu edildi. Bu s\u00fcre\u00e7te, K\u0131z\u0131lc\u0131k \u015eerbeti dizisindeki rol\u00fcn\u00fc Ahmet M\u00fcmtaz Taylan devrald\u0131.<\/p>\n<p><img loading=\"lazy\" decoding=\"async\" class=\"alignnone wp-image-108955\" src=\"https:\/\/www.tgrthaber.com\/mavikadin\/wp-content\/uploads\/kizilcik-serbeti-nin-apo-su-settar-tanriogen-kendine-gelir-gelmez-diziyi-izledi.jpg\" alt=\"\" width=\"880\" height=\"495\" title=\"\" srcset=\"https:\/\/www.tgrthaber.com\/mavikadin\/wp-content\/uploads\/kizilcik-serbeti-nin-apo-su-settar-tanriogen-kendine-gelir-gelmez-diziyi-izledi.jpg 1600w, https:\/\/www.tgrthaber.com\/mavikadin\/wp-content\/uploads\/kizilcik-serbeti-nin-apo-su-settar-tanriogen-kendine-gelir-gelmez-diziyi-izledi-300x169.jpg 300w, https:\/\/www.tgrthaber.com\/mavikadin\/wp-content\/uploads\/kizilcik-serbeti-nin-apo-su-settar-tanriogen-kendine-gelir-gelmez-diziyi-izledi-1024x576.jpg 1024w, https:\/\/www.tgrthaber.com\/mavikadin\/wp-content\/uploads\/kizilcik-serbeti-nin-apo-su-settar-tanriogen-kendine-gelir-gelmez-diziyi-izledi-768x432.jpg 768w, https:\/\/www.tgrthaber.com\/mavikadin\/wp-content\/uploads\/kizilcik-serbeti-nin-apo-su-settar-tanriogen-kendine-gelir-gelmez-diziyi-izledi-1536x864.jpg 1536w\" sizes=\"(max-width: 880px) 100vw, 880px\" \/><\/p>\n<h3>SETTAR TANRI\u00d6\u011eEN K\u0130MD\u0130R?<\/h3>\n<p>Denizli do\u011fumlu olan Settar Tanr\u0131\u00f6\u011fen, Hacettepe \u00dcniversitesi Edebiyat Fak\u00fcltesi Arkeoloji ve Sanat Tarihi B\u00f6l\u00fcm\u00fc\u2019nden mezun olmu\u015ftur. Uzun y\u0131llar T\u00fcrk sinemas\u0131na ve televizyon d\u00fcnyas\u0131na \u00f6nemli katk\u0131larda bulunmu\u015f, pek \u00e7ok ba\u015far\u0131l\u0131 projede yer alm\u0131\u015ft\u0131r.<\/p>\n","protected":false},"excerpt":{"rendered":"<p>\u00dcnl\u00fc oyuncu Settar Tanr\u0131\u00f6\u011fen, ge\u00e7en y\u0131l ya\u015fad\u0131\u011f\u0131 sa\u011fl\u0131k sorunlar\u0131n\u0131n ard\u0131ndan K\u0131z\u0131l Goncalar dizisiyle ekranlara geri d\u00f6n\u00fcyor. Usta oyuncu K\u0131z\u0131l Goncalar\u2019da tarikat lideri rol\u00fcyle izleyici kar\u015f\u0131s\u0131na \u00e7\u0131kacak.<\/p>\n","protected":false},"author":4,"featured_media":108947,"comment_status":"closed","ping_status":"closed","sticky":false,"template":"","format":"standard","meta":{"rank_math_lock_modified_date":false,"footnotes":""},"categories":[602],"tags":[2306,4099],"class_list":["post-108945","post","type-post","status-publish","format-standard","has-post-thumbnail","hentry","category-diziler","tag-kizil-goncalar","tag-settar-tanriogen"],"_links":{"self":[{"href":"https:\/\/www.tgrthaber.com\/mavikadin\/wp-json\/wp\/v2\/posts\/108945"}],"collection":[{"href":"https:\/\/www.tgrthaber.com\/mavikadin\/wp-json\/wp\/v2\/posts"}],"about":[{"href":"https:\/\/www.tgrthaber.com\/mavikadin\/wp-json\/wp\/v2\/types\/post"}],"author":[{"embeddable":true,"href":"https:\/\/www.tgrthaber.com\/mavikadin\/wp-json\/wp\/v2\/users\/4"}],"replies":[{"embeddable":true,"href":"https:\/\/www.tgrthaber.com\/mavikadin\/wp-json\/wp\/v2\/comments?post=108945"}],"version-history":[{"count":4,"href":"https:\/\/www.tgrthaber.com\/mavikadin\/wp-json\/wp\/v2\/posts\/108945\/revisions"}],"predecessor-version":[{"id":108958,"href":"https:\/\/www.tgrthaber.com\/mavikadin\/wp-json\/wp\/v2\/posts\/108945\/revisions\/108958"}],"wp:featuredmedia":[{"embeddable":true,"href":"https:\/\/www.tgrthaber.com\/mavikadin\/wp-json\/wp\/v2\/media\/108947"}],"wp:attachment":[{"href":"https:\/\/www.tgrthaber.com\/mavikadin\/wp-json\/wp\/v2\/media?parent=108945"}],"wp:term":[{"taxonomy":"category","embeddable":true,"href":"https:\/\/www.tgrthaber.com\/mavikadin\/wp-json\/wp\/v2\/categories?post=108945"},{"taxonomy":"post_tag","embeddable":true,"href":"https:\/\/www.tgrthaber.com\/mavikadin\/wp-json\/wp\/v2\/tags?post=108945"}],"curies":[{"name":"wp","href":"https:\/\/api.w.org\/{rel}","templated":true}]}}