{"id":109094,"date":"2024-12-20T10:53:04","date_gmt":"2024-12-20T07:53:04","guid":{"rendered":"https:\/\/www.tgrthaber.com\/mavikadin\/?p=109094"},"modified":"2024-12-20T10:59:38","modified_gmt":"2024-12-20T07:59:38","slug":"tarimin-kadin-yildizlari-projesi-tarim-sektorunde-dikkat-cekiyor","status":"publish","type":"post","link":"https:\/\/www.tgrthaber.com\/mavikadin\/tarimin-kadin-yildizlari-projesi-tarim-sektorunde-dikkat-cekiyor\/","title":{"rendered":"Tar\u0131m\u0131n Kad\u0131n Y\u0131ld\u0131zlar\u0131 projesi tar\u0131m sekt\u00f6r\u00fcnde dikkat \u00e7ekiyor! Kad\u0131nlar\u0131n potansiyelini ortaya \u00e7\u0131kar\u0131yor"},"content":{"rendered":"<p>SuperFresh&#8217;in \u201cTar\u0131m\u0131n Kad\u0131n Y\u0131ld\u0131zlar\u0131\u201d projesi, T\u00fcrkiye\u2019nin tar\u0131m sekt\u00f6r\u00fcnde kad\u0131nlar\u0131n f\u0131rsat e\u015fitli\u011fini sa\u011flamak i\u00e7in att\u0131\u011f\u0131 \u00f6nemli ad\u0131mlardan biri olarak dikkat \u00e7ekiyor. 2022 y\u0131l\u0131nda Tar\u0131m ve Orman Bakanl\u0131\u011f\u0131\u2019n\u0131n deste\u011fiyle ba\u015flat\u0131lan bu proje, tar\u0131mda kad\u0131nlar\u0131n potansiyelini ortaya \u00e7\u0131karmay\u0131 ve sekt\u00f6rde daha fazla kad\u0131n giri\u015fimciyi desteklemeyi hedefliyor. Ba\u015far\u0131l\u0131 sonu\u00e7lar ve toplumsal fayda yaratan bu projeyi daha da derinlemesine incelemek, kad\u0131nlar\u0131n tar\u0131mdaki rol\u00fcn\u00fc ve \u00f6nemini vurgulamak ad\u0131na olduk\u00e7a k\u0131ymetli.<\/p>\n<h3>TARIMIN KADIN YILDIZLARI KAZANDI\u011eI \u00d6D\u00dcLLER VE BA\u015eARILARI<\/h3>\n<p>Tar\u0131m\u0131n Kad\u0131n Y\u0131ld\u0131zlar\u0131, k\u0131sa s\u00fcrede bir\u00e7ok ulusal ve uluslararas\u0131 \u00f6d\u00fcl kazanarak b\u00fcy\u00fck takdir toplad\u0131. Smarties Awards 2024\u2019te \u201c\u00c7e\u015fitlilik ve Kapsay\u0131c\u0131l\u0131k\u201d kategorisinde MEA (Orta Do\u011fu ve Afrika) b\u00f6lgesinde alt\u0131n \u00f6d\u00fcl kazanmas\u0131, projenin hem yerel hem de k\u00fcresel anlamda b\u00fcy\u00fck bir etki yaratmaya devam etti\u011fini g\u00f6steriyor. Bu ba\u015far\u0131, 14 \u00f6d\u00fcl\u00fcn sadece bir \u00f6rne\u011fi. Di\u011fer \u00f6d\u00fcller aras\u0131nda \u201cToplumsal Fayda \u00d6d\u00fclleri\u201dnde kazand\u0131\u011f\u0131 \u201cTar\u0131mda Topluma De\u011fer Katan Proje\u201d \u00f6d\u00fcl\u00fc, \u201cS\u00fcrd\u00fcr\u00fclebilir \u0130leti\u015fim\u201dde bronz \u00f6d\u00fcl ve \u201cToplumsal Cinsiyet E\u015fitli\u011fi\u201d kategorisindeki en iyi proje \u00f6d\u00fcl\u00fc de dikkat \u00e7ekiyor. Ayr\u0131ca, Kerevita\u015f\u2019\u0131n \u201cEn Yenilik\u00e7i 50 \u015eirket\u201d aras\u0131nda yer almas\u0131, \u015firketin bu t\u00fcr yenilik\u00e7i ve toplumsal fayda sa\u011flayan projelere verdi\u011fi \u00f6nemin bir g\u00f6stergesi.<\/p>\n<h3>TARIMIN KADIN YILDIZLARI \u0130\u00c7ER\u0130\u011e\u0130 VE ETK\u0130LER\u0130<\/h3>\n<p>Projenin hayata ge\u00e7irilmesinin ard\u0131ndan, kad\u0131n \u00e7ift\u00e7iler yaln\u0131zca tar\u0131mda de\u011fil, ayn\u0131 zamanda yapay zeka, finansal okuryazarl\u0131k, ekolojik okuryazarl\u0131k ve giri\u015fimcilik gibi alanlarda da e\u011fitimler alarak hem ki\u015fisel hem de i\u015f g\u00fcc\u00fc olarak geli\u015fiyor. S\u00f6zle\u015fmeli kad\u0131n \u00e7ift\u00e7ilere sa\u011flanan bu destekler, onlar\u0131n tar\u0131mda daha verimli hale gelmesini ve \u00fcretim s\u00fcre\u00e7lerini daha verimli y\u00f6netmelerini sa\u011fl\u0131yor. Ayr\u0131ca, proje, kad\u0131n \u00e7ift\u00e7ilerin \u00e7ocuklar\u0131na e\u011fitim imk\u00e2n\u0131 yaratmalar\u0131na da olanak tan\u0131yor. Bu sayede, tar\u0131mda kad\u0131nlar\u0131n liderlik rol\u00fc artarken, sekt\u00f6rdeki f\u0131rsatlar daha geni\u015f bir kitleye yay\u0131lmakta.<\/p>\n<p><img loading=\"lazy\" decoding=\"async\" class=\"alignnone wp-image-109097\" src=\"https:\/\/www.tgrthaber.com\/mavikadin\/wp-content\/uploads\/AW353999_01-scaled.jpg\" alt=\"\" width=\"1208\" height=\"966\" title=\"\" srcset=\"https:\/\/www.tgrthaber.com\/mavikadin\/wp-content\/uploads\/AW353999_01-scaled.jpg 2560w, https:\/\/www.tgrthaber.com\/mavikadin\/wp-content\/uploads\/AW353999_01-300x240.jpg 300w, https:\/\/www.tgrthaber.com\/mavikadin\/wp-content\/uploads\/AW353999_01-1024x819.jpg 1024w, https:\/\/www.tgrthaber.com\/mavikadin\/wp-content\/uploads\/AW353999_01-768x614.jpg 768w, https:\/\/www.tgrthaber.com\/mavikadin\/wp-content\/uploads\/AW353999_01-1536x1229.jpg 1536w, https:\/\/www.tgrthaber.com\/mavikadin\/wp-content\/uploads\/AW353999_01-2048x1638.jpg 2048w\" sizes=\"(max-width: 1208px) 100vw, 1208px\" \/><\/p>\n<h3>TARIMIN KADIN YILDIZLARI&#8217;NIN\u00a0GELECE\u011e\u0130<\/h3>\n<p>G\u00fclizar \u00d6cal Do\u011fan\u2019\u0131n belirtti\u011fi gibi, bu proje k\u0131sa zamanda sadece T\u00fcrkiye&#8217;de de\u011fil, uluslararas\u0131 alanda da b\u00fcy\u00fck ses getirdi. Birle\u015fmi\u015f Milletler\u2019de d\u00fczenlenen \u00f6zel oturumda \u00f6rnek g\u00f6sterilen proje, kad\u0131nlar\u0131n g\u00fc\u00e7lendirilmesi ve tar\u0131mda f\u0131rsat e\u015fitli\u011fi konusunda d\u00fcnya \u00e7ap\u0131nda ilham verici bir model oldu. SuperFresh, bu projeyi gelecekte daha da geni\u015fleterek, kad\u0131n \u00e7ift\u00e7ileri ve giri\u015fimcileri desteklemeyi s\u00fcrd\u00fcrecek.<\/p>\n<p>SuperFresh\u2019in \u201cTar\u0131m\u0131n Kad\u0131n Y\u0131ld\u0131zlar\u0131\u201d projesi, tar\u0131mda kad\u0131nlar\u0131 g\u00fc\u00e7lendirme ve sekt\u00f6rde f\u0131rsat e\u015fitli\u011fi sa\u011flama hedefiyle att\u0131\u011f\u0131 ad\u0131mlarla sadece T\u00fcrkiye\u2019de de\u011fil, k\u00fcresel alanda da dikkat \u00e7eken bir ba\u015far\u0131ya imza atm\u0131\u015ft\u0131r. Bu t\u00fcr projeler, toplumsal cinsiyet e\u015fitli\u011fini ve s\u00fcrd\u00fcr\u00fclebilir kalk\u0131nmay\u0131 destekleyen \u00f6nemli ad\u0131mlard\u0131r. SuperFresh\u2019in bu yolculu\u011funun \u00f6n\u00fcm\u00fczdeki y\u0131llarda daha da b\u00fcy\u00fcmesi ve daha fazla kad\u0131na ilham vermesi bekleniyor.<\/p>\n","protected":false},"excerpt":{"rendered":"<p>Kad\u0131nlar\u0131n potansiyelini ortaya \u00e7\u0131karmay\u0131 hedefliyor. SuperFresh&#8217;in \u201cTar\u0131m\u0131n Kad\u0131n Y\u0131ld\u0131zlar\u0131\u201d projesi, T\u00fcrkiye\u2019nin tar\u0131m sekt\u00f6r\u00fcnde kad\u0131nlar\u0131n f\u0131rsat e\u015fitli\u011fini sa\u011flamak i\u00e7in att\u0131\u011f\u0131 \u00f6nemli ad\u0131mlardan biri olarak \u00f6n plana \u00e7\u0131k\u0131yor. <\/p>\n","protected":false},"author":5,"featured_media":109098,"comment_status":"closed","ping_status":"closed","sticky":false,"template":"","format":"standard","meta":{"rank_math_lock_modified_date":false,"footnotes":""},"categories":[2149],"tags":[4934,4933],"class_list":["post-109094","post","type-post","status-publish","format-standard","has-post-thumbnail","hentry","category-guclu-kadin","tag-smarties-awards-2024","tag-tarimin-kadin-yildizlari"],"_links":{"self":[{"href":"https:\/\/www.tgrthaber.com\/mavikadin\/wp-json\/wp\/v2\/posts\/109094"}],"collection":[{"href":"https:\/\/www.tgrthaber.com\/mavikadin\/wp-json\/wp\/v2\/posts"}],"about":[{"href":"https:\/\/www.tgrthaber.com\/mavikadin\/wp-json\/wp\/v2\/types\/post"}],"author":[{"embeddable":true,"href":"https:\/\/www.tgrthaber.com\/mavikadin\/wp-json\/wp\/v2\/users\/5"}],"replies":[{"embeddable":true,"href":"https:\/\/www.tgrthaber.com\/mavikadin\/wp-json\/wp\/v2\/comments?post=109094"}],"version-history":[{"count":3,"href":"https:\/\/www.tgrthaber.com\/mavikadin\/wp-json\/wp\/v2\/posts\/109094\/revisions"}],"predecessor-version":[{"id":109102,"href":"https:\/\/www.tgrthaber.com\/mavikadin\/wp-json\/wp\/v2\/posts\/109094\/revisions\/109102"}],"wp:featuredmedia":[{"embeddable":true,"href":"https:\/\/www.tgrthaber.com\/mavikadin\/wp-json\/wp\/v2\/media\/109098"}],"wp:attachment":[{"href":"https:\/\/www.tgrthaber.com\/mavikadin\/wp-json\/wp\/v2\/media?parent=109094"}],"wp:term":[{"taxonomy":"category","embeddable":true,"href":"https:\/\/www.tgrthaber.com\/mavikadin\/wp-json\/wp\/v2\/categories?post=109094"},{"taxonomy":"post_tag","embeddable":true,"href":"https:\/\/www.tgrthaber.com\/mavikadin\/wp-json\/wp\/v2\/tags?post=109094"}],"curies":[{"name":"wp","href":"https:\/\/api.w.org\/{rel}","templated":true}]}}