{"id":109273,"date":"2024-12-20T15:56:14","date_gmt":"2024-12-20T12:56:14","guid":{"rendered":"https:\/\/www.tgrthaber.com\/mavikadin\/?p=109273"},"modified":"2024-12-20T17:27:02","modified_gmt":"2024-12-20T14:27:02","slug":"yilmaz-morgulden-tugce-tayfura-sert-nasihat-yasarken-sen-annenin-babanin-degerini-nasil-bilmiyorsun","status":"publish","type":"post","link":"https:\/\/www.tgrthaber.com\/mavikadin\/yilmaz-morgulden-tugce-tayfura-sert-nasihat-yasarken-sen-annenin-babanin-degerini-nasil-bilmiyorsun\/","title":{"rendered":"Y\u0131lmaz Morg\u00fcl&#8217;den Tu\u011f\u00e7e Tayfur&#8217;a sert nasihat! &#8220;Ya\u015farken sen annenin baban\u0131n de\u011ferini nas\u0131l bilmiyorsun?&#8221;"},"content":{"rendered":"<p>Marmaris&#8217;teki evinde birden bire fenala\u015farak hastaneye kald\u0131r\u0131lan usta sanat\u00e7\u0131 Ferdi Tayfur i\u00e7in son sa\u011fl\u0131k durumunun iyi oldu\u011funa y\u00f6nelik bilgilendirmeler yap\u0131lm\u0131\u015ft\u0131. Mu\u011fla&#8217;daki tedavisinden hemen sonra doktorlar\u0131 ve ailesinin iste\u011fi \u00fczerine Antalya&#8217;ya sevk edilen \u00fcnl\u00fc ismin tedavisi hala s\u00fcr\u00fcyor.<\/p>\n<p>Doktoru Prof. Havva Asuman Yavuz ile beraber \u00e7ektirdi\u011fi videosunu sosyal medya hesab\u0131ndan sevenlerine duyuran sanat\u00e7\u0131, doktorunun nas\u0131ls\u0131n\u0131z sorusuna kar\u015f\u0131l\u0131k, &#8220;Sayenizde iyiyim, Allah raz\u0131 olsun. Bu kadar me\u015fakkat bu kadar destek, sa\u011f olun. Ben \u00e7ok iyiyim, \u015f\u00fck\u00fcr iyiyim.&#8221; ifadelerini kullanm\u0131\u015ft\u0131.<\/p>\n<h3>KIZI TU\u011e\u00c7E TAYFUR BABASI HAKKINDA A\u00c7IKLAMA YAPMI\u015eTI&#8230;<\/h3>\n<p>Babas\u0131yla aras\u0131 bozuk olan Tu\u011f\u00e7e Tayfur&#8217;un sosyal medya hesab\u0131ndan yapt\u0131\u011f\u0131 a\u00e7\u0131klama tepkilere neden oldu. Tayfur, hastane k\u00f6\u015fesinde ya\u015fam m\u00fccadelesi veren babas\u0131 Ferdi Tayfur i\u00e7in \u015fu ifadeleri kullanm\u0131\u015ft\u0131:<\/p>\n<p><img loading=\"lazy\" decoding=\"async\" class=\"alignnone size-full wp-image-109276\" src=\"https:\/\/www.tgrthaber.com\/mavikadin\/wp-content\/uploads\/96-3.png\" alt=\"\" width=\"788\" height=\"443\" title=\"\" srcset=\"https:\/\/www.tgrthaber.com\/mavikadin\/wp-content\/uploads\/96-3.png 788w, https:\/\/www.tgrthaber.com\/mavikadin\/wp-content\/uploads\/96-3-300x169.png 300w, https:\/\/www.tgrthaber.com\/mavikadin\/wp-content\/uploads\/96-3-768x432.png 768w\" sizes=\"(max-width: 788px) 100vw, 788px\" \/><\/p>\n<p>&#8220;Ben yakla\u015f\u0131k 6-7 ayd\u0131r Ferdi Bey ad\u0131na verilmi\u015f kararlar\u0131 sizler gibi avukat\u0131 arac\u0131l\u0131\u011f\u0131yla sosyal medyadan \u00f6\u011freniyorum. Buna \u015fu an rahats\u0131zl\u0131\u011f\u0131 da dahil. Necla Han\u0131m ne kadar bir \u015feyleri kenara b\u0131rak\u0131p sonu\u00e7 da sa\u011fl\u0131k bu \u00f6\u011frenmeye \u00e7al\u0131\u015fsa da herhangi bir cevap alamam\u0131\u015ft\u0131r. O y\u00fczden siz ne biliyorsan\u0131z biz de onu biliyoruz. Allah nerde sa\u011fl\u0131k bekleyen, \u015fifa bekleyen birileri varsa yard\u0131mc\u0131s\u0131 olsun.&#8221;<\/p>\n<h3>YILMAZ MORG\u00dcL KEND\u0130N\u0130 TUTAMADI! MORG\u00dcL&#8217;DEN TU\u011e\u00c7E TAYFUR&#8217;A SERT NAS\u0130HAT!<\/h3>\n<p>Tu\u011f\u00e7e Tayfur&#8217;un kendi \u00f6z babas\u0131 i\u00e7in &#8216;Ferdi Bey&#8217; ifadesini kullanmas\u0131 sosyal medyada tepkilere neden olmu\u015ftu. &#8216;Aram\u0131zda Kalmas\u0131n&#8217; program\u0131na ba\u011flanan sanat\u00e7\u0131 Y\u0131lmaz Morg\u00fcl, g\u00f6zya\u015flar\u0131 i\u00e7in Tu\u011f\u00e7e Tayfur&#8217;a tepki verdi.<\/p>\n<h3>YILMAZ MORG\u00dcL FENA PATLADI!<\/h3>\n<p>Ferdi Tayfur ile an\u0131s\u0131ndan bahseden Y\u0131lmaz Morg\u00fcl \u015fu ifadeleri kulland\u0131: 1996 y\u0131l\u0131nda \u015f\u00f6hret oldu\u011fumda ilk Avrupa turnemde yan\u0131mda Ferdi Tayfur vard\u0131. Ona babam\u0131 \u00e7ok k\u00fc\u00e7\u00fck ya\u015fta kaybetti\u011fimi anlatm\u0131\u015ft\u0131m. Her sabah kalk\u0131yordu beni zorla kahvalt\u0131 yapt\u0131r\u0131yordu. Ger\u00e7ekten baba ama bu baba ruhlu bir adam bu.<\/p>\n<p><img loading=\"lazy\" decoding=\"async\" class=\"alignnone wp-image-109275\" src=\"https:\/\/www.tgrthaber.com\/mavikadin\/wp-content\/uploads\/8.png\" alt=\"\" width=\"1208\" height=\"664\" title=\"\" srcset=\"https:\/\/www.tgrthaber.com\/mavikadin\/wp-content\/uploads\/8.png 795w, https:\/\/www.tgrthaber.com\/mavikadin\/wp-content\/uploads\/8-300x165.png 300w, https:\/\/www.tgrthaber.com\/mavikadin\/wp-content\/uploads\/8-768x422.png 768w\" sizes=\"(max-width: 1208px) 100vw, 1208px\" \/><\/p>\n<p>Ya\u015farken sen annenin baban\u0131n de\u011ferini nas\u0131l bilmiyorsun? Annemi kaybetti\u011fimden beri psikolojik tedavi g\u00f6r\u00fcyorum. Sen babanla daha yak\u0131n zaman \u00f6ncesinde banan\u0131n \u015fark\u0131lar\u0131ndan olu\u015fan alb\u00fcm yapmad\u0131n m\u0131, sen sadece bu y\u00fczden bile baban\u0131n yan\u0131nda olmal\u0131s\u0131n. Baban ya senin can\u0131n\u0131n par\u00e7as\u0131 bu adam.<\/p>\n","protected":false},"excerpt":{"rendered":"<p>Sanat\u00e7\u0131 Y\u0131lmaz Morg\u00fcl, \u00f6z babas\u0131 Ferdi Tayfur i\u00e7in &#8216;Ferdi Bey&#8217; ifadesini kullanan Tu\u011f\u00e7e Tayfur&#8217;a \u00e7ok sinirlendi.<\/p>\n","protected":false},"author":27,"featured_media":109274,"comment_status":"closed","ping_status":"closed","sticky":false,"template":"","format":"standard","meta":{"rank_math_lock_modified_date":false,"footnotes":""},"categories":[76],"tags":[4326,4956,2616,3284],"class_list":["post-109273","post","type-post","status-publish","format-standard","has-post-thumbnail","hentry","category-magazin","tag-ferdi-tayfur","tag-ferdi-tayfur-saglik-durumu","tag-tugce-tayfur","tag-yilmaz-morgul"],"_links":{"self":[{"href":"https:\/\/www.tgrthaber.com\/mavikadin\/wp-json\/wp\/v2\/posts\/109273"}],"collection":[{"href":"https:\/\/www.tgrthaber.com\/mavikadin\/wp-json\/wp\/v2\/posts"}],"about":[{"href":"https:\/\/www.tgrthaber.com\/mavikadin\/wp-json\/wp\/v2\/types\/post"}],"author":[{"embeddable":true,"href":"https:\/\/www.tgrthaber.com\/mavikadin\/wp-json\/wp\/v2\/users\/27"}],"replies":[{"embeddable":true,"href":"https:\/\/www.tgrthaber.com\/mavikadin\/wp-json\/wp\/v2\/comments?post=109273"}],"version-history":[{"count":2,"href":"https:\/\/www.tgrthaber.com\/mavikadin\/wp-json\/wp\/v2\/posts\/109273\/revisions"}],"predecessor-version":[{"id":109278,"href":"https:\/\/www.tgrthaber.com\/mavikadin\/wp-json\/wp\/v2\/posts\/109273\/revisions\/109278"}],"wp:featuredmedia":[{"embeddable":true,"href":"https:\/\/www.tgrthaber.com\/mavikadin\/wp-json\/wp\/v2\/media\/109274"}],"wp:attachment":[{"href":"https:\/\/www.tgrthaber.com\/mavikadin\/wp-json\/wp\/v2\/media?parent=109273"}],"wp:term":[{"taxonomy":"category","embeddable":true,"href":"https:\/\/www.tgrthaber.com\/mavikadin\/wp-json\/wp\/v2\/categories?post=109273"},{"taxonomy":"post_tag","embeddable":true,"href":"https:\/\/www.tgrthaber.com\/mavikadin\/wp-json\/wp\/v2\/tags?post=109273"}],"curies":[{"name":"wp","href":"https:\/\/api.w.org\/{rel}","templated":true}]}}