{"id":109366,"date":"2024-12-20T21:01:19","date_gmt":"2024-12-20T18:01:19","guid":{"rendered":"https:\/\/www.tgrthaber.com\/mavikadin\/?p=109366"},"modified":"2024-12-20T21:01:19","modified_gmt":"2024-12-20T18:01:19","slug":"masterchef-dilara-basaran-kimdir-yasi-memleketi-is-hayati-merak-ediliyor","status":"publish","type":"post","link":"https:\/\/www.tgrthaber.com\/mavikadin\/masterchef-dilara-basaran-kimdir-yasi-memleketi-is-hayati-merak-ediliyor\/","title":{"rendered":"MasterChef Dilara Ba\u015faran kimdir? Ya\u015f\u0131, memleketi, i\u015f hayat\u0131 merak ediliyor!"},"content":{"rendered":"<p class=\"p1\">MasterChef T\u00fcrkiye\u2019nin sevilen isimlerinden biri olan Dilara Ba\u015faran, son d\u00f6nemde bir kez daha g\u00fcndemdeki yerini ald\u0131. 2021-2022 sezonunda kat\u0131ld\u0131\u011f\u0131 yar\u0131\u015fmada g\u00f6sterdi\u011fi \u00fcst\u00fcn performansla dikkat \u00e7eken Dilara, o sezonun en \u00f6ne \u00e7\u0131kan yar\u0131\u015fmac\u0131lar\u0131ndan biri olarak finale \u00e7ok yak\u0131n olmu\u015f ve yar\u0131\u015fmay\u0131 5. s\u0131rada tamamlam\u0131\u015ft\u0131. Bug\u00fcn ise MasterChef\u00a0 T\u00fcrkiye&#8217;ye konuk \u015fef olarak kat\u0131larak kendi taba\u011f\u0131n\u0131 sergileyecek ve yar\u0131\u015fmac\u0131lar, Dilara Ba\u015faran\u2019\u0131n imza yeme\u011fini en lezzetli \u015fekilde yapmaya \u00e7al\u0131\u015facak. Bu geli\u015fme, izleyiciler aras\u0131nda b\u00fcy\u00fck bir heyecan olu\u015ftururken, Ba\u015faran\u2019\u0131n kariyerine dair merak edilen sorular\u0131 da g\u00fcndeme getirdi. Peki, MasterChef Dilara Ba\u015faran kimdir, evli mi, nereli ve ka\u00e7 ya\u015f\u0131nda? \u0130\u015fte, bu sorular\u0131n yan\u0131tlar\u0131 ve Dilara Ba\u015faran\u2019\u0131n hayat\u0131 hakk\u0131nda merak edilenler\u2026<\/p>\n<h3>D\u0130LARA BA\u015eARAN KONUK \u015eEF OLARAK MASTERCHEF&#8217;E KATILDI<\/h3>\n<p class=\"p1\">MasterChef T\u00fcrkiye 2021 sezonunun en dikkat \u00e7eken isimlerinden biri olan Dilara Ba\u015faran, yar\u0131\u015ft\u0131\u011f\u0131 sezonda elde etti\u011fi ba\u015far\u0131larla b\u00fcy\u00fck bir hayran kitlesi kazanm\u0131\u015ft\u0131. Finalin hemen \u00f6ncesinde 5. olarak yar\u0131\u015fmay\u0131 tamamlayan Dilara, yemeklerindeki \u00f6zg\u00fcnl\u00fck ve teknik becerileriyle izleyicilerin ilgisini \u00e7ekmi\u015fti. \u015eimdi ise MasterChef&#8217;e konuk \u015fef olarak kat\u0131lmas\u0131, izleyicilerin ilgisini yeniden \u00fczerine \u00e7ekti ve &#8220;MasterChef Dilara Ba\u015faran kimdir?&#8221; sorusu g\u00fcndemdeki yerini ald\u0131. Peki, Dilara Ba\u015faran kimdir, ka\u00e7 ya\u015f\u0131nda ve nerelidir? \u0130\u015fte, bu sorular\u0131n yan\u0131tlar\u0131 ve daha fazlas\u0131\u2026<\/p>\n<p><img loading=\"lazy\" decoding=\"async\" class=\"alignnone wp-image-109369 size-full\" src=\"https:\/\/www.tgrthaber.com\/mavikadin\/wp-content\/uploads\/MasterChef-Dilara-Basaran-kimdir-Yasi-memleketi-is-hayati-merak-ediliyor-.png\" alt=\"\" width=\"1208\" height=\"720\" title=\"\" srcset=\"https:\/\/www.tgrthaber.com\/mavikadin\/wp-content\/uploads\/MasterChef-Dilara-Basaran-kimdir-Yasi-memleketi-is-hayati-merak-ediliyor-.png 1208w, https:\/\/www.tgrthaber.com\/mavikadin\/wp-content\/uploads\/MasterChef-Dilara-Basaran-kimdir-Yasi-memleketi-is-hayati-merak-ediliyor--300x179.png 300w, https:\/\/www.tgrthaber.com\/mavikadin\/wp-content\/uploads\/MasterChef-Dilara-Basaran-kimdir-Yasi-memleketi-is-hayati-merak-ediliyor--1024x610.png 1024w, https:\/\/www.tgrthaber.com\/mavikadin\/wp-content\/uploads\/MasterChef-Dilara-Basaran-kimdir-Yasi-memleketi-is-hayati-merak-ediliyor--768x458.png 768w\" sizes=\"(max-width: 1208px) 100vw, 1208px\" \/><\/p>\n<h3 class=\"p2\">D\u0130LARA BA\u015eARAN K\u0130MD\u0130R?<\/h3>\n<p class=\"p2\">1997 do\u011fumlu olan Dilara Ba\u015faran, aslen Tekirda\u011fl\u0131 olup, yar\u0131\u015fmaya \u0130stanbul\u2019dan kat\u0131lm\u0131\u015ft\u0131r. Mutfak d\u00fcnyas\u0131na ad\u0131m atmaya 15 ya\u015f\u0131nda stajyer olarak ba\u015flayan Dilara, gen\u00e7 ya\u015flarda sekt\u00f6rdeki yeteneklerini geli\u015ftirmeye ba\u015flam\u0131\u015f ve bu alandaki tutkusunu peki\u015ftirmi\u015ftir. Liseyi Turizm Anadolu Lisesi&#8217;nde tamamlayan Ba\u015faran, ard\u0131ndan Turizm Otel \u0130\u015fletmecili\u011fi b\u00f6l\u00fcm\u00fcn\u00fc bitirerek kariyerine sa\u011flam bir temelle devam etmi\u015ftir. E\u011fitimini tamamlad\u0131ktan sonra, \u0130stanbul&#8217;un en prestijli otellerinden birinde a\u015f\u00e7\u0131 olarak i\u015fe ba\u015flam\u0131\u015f ve burada kazand\u0131\u011f\u0131 deneyimle profesyonel mutfak d\u00fcnyas\u0131na h\u0131zl\u0131 bir giri\u015f yapm\u0131\u015ft\u0131r.<\/p>\n<p class=\"p2\">Meslek hayat\u0131n\u0131n ilk y\u0131llar\u0131nda \u0130stanbul&#8217;un en \u00f6nemli otellerinde \u00e7al\u0131\u015fan Dilara, ayn\u0131 zamanda T\u00fcrkiye&#8217;nin farkl\u0131 b\u00f6lgelerinde ve yurtd\u0131\u015f\u0131nda tan\u0131nan otel ve restoranlarda da g\u00f6rev alm\u0131\u015ft\u0131r. \u00d6zellikle Kuveyt\u2019te ge\u00e7irdi\u011fi 2 y\u0131l, onun hem mutfak bilgisi hem de k\u00fclt\u00fcrel anlay\u0131\u015f\u0131n\u0131 geli\u015ftirmesinde \u00f6nemli bir d\u00f6n\u00fcm noktas\u0131 olmu\u015ftur. Burada Arap mutfa\u011f\u0131n\u0131 daha yak\u0131ndan \u00f6\u011frenmi\u015f ve k\u00fcresel bir mutfak perspektifi kazanm\u0131\u015ft\u0131r. Bu deneyimler, onu sadece bir a\u015f\u00e7\u0131 de\u011fil, ayn\u0131 zamanda k\u00fclt\u00fcrel zenginli\u011fi mutfa\u011f\u0131na entegre edebilen bir gastronomi uzman\u0131 haline getirmi\u015ftir. Dilara, bu s\u00fcre\u00e7te Arap\u00e7a ve \u0130ngilizce dillerini \u00f6\u011frenerek dil becerilerini de geli\u015ftirmi\u015ftir.<\/p>\n<p><img loading=\"lazy\" decoding=\"async\" class=\"alignnone wp-image-109371 size-full\" src=\"https:\/\/www.tgrthaber.com\/mavikadin\/wp-content\/uploads\/MasterChef-Dilara-Basaran-kimdir-Yasi-memleketi-is-hayati-merak-ediliyor-4.png\" alt=\"\" width=\"1208\" height=\"720\" title=\"\" srcset=\"https:\/\/www.tgrthaber.com\/mavikadin\/wp-content\/uploads\/MasterChef-Dilara-Basaran-kimdir-Yasi-memleketi-is-hayati-merak-ediliyor-4.png 1208w, https:\/\/www.tgrthaber.com\/mavikadin\/wp-content\/uploads\/MasterChef-Dilara-Basaran-kimdir-Yasi-memleketi-is-hayati-merak-ediliyor-4-300x179.png 300w, https:\/\/www.tgrthaber.com\/mavikadin\/wp-content\/uploads\/MasterChef-Dilara-Basaran-kimdir-Yasi-memleketi-is-hayati-merak-ediliyor-4-1024x610.png 1024w, https:\/\/www.tgrthaber.com\/mavikadin\/wp-content\/uploads\/MasterChef-Dilara-Basaran-kimdir-Yasi-memleketi-is-hayati-merak-ediliyor-4-768x458.png 768w\" sizes=\"(max-width: 1208px) 100vw, 1208px\" \/><\/p>\n<p class=\"p2\">MasterChef T\u00fcrkiye&#8217;ye kat\u0131ld\u0131\u011f\u0131 2021 sezonunda, ilk turda \u201ctavada levrek\u201d yeme\u011fi ile j\u00fcri \u00fcyelerinden tam not alarak bir \u00fcst tura ge\u00e7meyi ba\u015faran Dilara, bu ba\u015far\u0131s\u0131yla dikkatleri \u00fczerine \u00e7ekmi\u015ftir. Yar\u0131\u015fmada g\u00f6sterdi\u011fi teknik yetenek ve mutfak becerisiyle h\u0131zla \u00f6ne \u00e7\u0131kan gen\u00e7 yar\u0131\u015fmac\u0131, lezzetli ve \u00f6zg\u00fcn sunumlar\u0131yla izleyicilerden b\u00fcy\u00fck ilgi g\u00f6rm\u00fc\u015ft\u00fcr. Hem yeme\u011fin lezzeti hem de g\u00f6rsel sunumundaki \u00f6zen, onun mutfakta ne kadar profesyonel oldu\u011funu bir kez daha g\u00f6zler \u00f6n\u00fcne sermi\u015ftir.<\/p>\n<p class=\"p2\">Dilara Ba\u015faran\u2019\u0131n gastronomi yolculu\u011fu, onu sadece T\u00fcrkiye\u2019de de\u011fil, uluslararas\u0131 alanda da tan\u0131nan bir a\u015f\u00e7\u0131 yapma yolunda ilerliyor. Kendisini her ge\u00e7en g\u00fcn geli\u015ftiren ve yeni teknikler \u00f6\u011frenmeye odaklanan Dilara, kariyerine att\u0131\u011f\u0131 her ad\u0131mda ba\u015far\u0131l\u0131 olmaya devam ediyor.<\/p>\n<h3 class=\"p2\">D\u0130LARA BA\u015eARAN, MASTERCHEF&#8217;TE HANG\u0130 SEZONLAR YARI\u015eTI?<\/h3>\n<p class=\"p2\">MasterChef T\u00fcrkiye\u2019ye 2021-2022 sezonunda kat\u0131lan Dilara Ba\u015faran, yar\u0131\u015fman\u0131n ba\u015f\u0131ndan itibaren sergiledi\u011fi yetenekleriyle dikkatleri \u00fczerine \u00e7ekmi\u015fti. O sezonun en ba\u015far\u0131l\u0131 yar\u0131\u015fmac\u0131lar\u0131ndan biri olarak finale \u00e7ok yakla\u015fan Dilara, yar\u0131\u015fmay\u0131 5. s\u0131rada tamamlad\u0131. Bu b\u00fcy\u00fck ba\u015far\u0131s\u0131n\u0131n ard\u0131ndan, MasterChef All Star kadrosuna dahil olan Dilara, bir kez daha mutfak becerilerini sergileme f\u0131rsat\u0131 buldu ve yar\u0131\u015fmay\u0131 9. s\u0131rada tamamlayarak izleyicilerden takdir toplad\u0131.<\/p>\n","protected":false},"excerpt":{"rendered":"<p>MasterChef T\u00fcrkiye\u2019nin en dikkat \u00e7eken isimlerinden biri olan Dilara Ba\u015faran, son d\u00f6nemde yeniden g\u00fcndeme geldi. 2021-2022 sezonunda g\u00f6sterdi\u011fi performansla finale \u00e7ok yakla\u015fan ve yar\u0131\u015fmay\u0131 5. s\u0131rada tamamlayan Dilara, \u015fimdi ise MasterChef T\u00fcrkiye\u2019ye konuk \u015fef olarak kat\u0131ld\u0131. Herkes \u2018Dilara Ba\u015faran kimdir, ka\u00e7 ya\u015f\u0131nda?\u2019 sorular\u0131n\u0131 ara\u015ft\u0131r\u0131yor. \u0130\u015fte cevab\u0131.. <\/p>\n","protected":false},"author":16,"featured_media":109373,"comment_status":"closed","ping_status":"closed","sticky":false,"template":"","format":"standard","meta":{"rank_math_lock_modified_date":false,"footnotes":""},"categories":[491],"tags":[4979,4978,4980],"class_list":["post-109366","post","type-post","status-publish","format-standard","has-post-thumbnail","hentry","category-biyografi","tag-dilara-basaran-kac-yasinda","tag-dilara-basaran-kimdir","tag-dilara-basaran-nereli"],"_links":{"self":[{"href":"https:\/\/www.tgrthaber.com\/mavikadin\/wp-json\/wp\/v2\/posts\/109366"}],"collection":[{"href":"https:\/\/www.tgrthaber.com\/mavikadin\/wp-json\/wp\/v2\/posts"}],"about":[{"href":"https:\/\/www.tgrthaber.com\/mavikadin\/wp-json\/wp\/v2\/types\/post"}],"author":[{"embeddable":true,"href":"https:\/\/www.tgrthaber.com\/mavikadin\/wp-json\/wp\/v2\/users\/16"}],"replies":[{"embeddable":true,"href":"https:\/\/www.tgrthaber.com\/mavikadin\/wp-json\/wp\/v2\/comments?post=109366"}],"version-history":[{"count":1,"href":"https:\/\/www.tgrthaber.com\/mavikadin\/wp-json\/wp\/v2\/posts\/109366\/revisions"}],"predecessor-version":[{"id":109374,"href":"https:\/\/www.tgrthaber.com\/mavikadin\/wp-json\/wp\/v2\/posts\/109366\/revisions\/109374"}],"wp:featuredmedia":[{"embeddable":true,"href":"https:\/\/www.tgrthaber.com\/mavikadin\/wp-json\/wp\/v2\/media\/109373"}],"wp:attachment":[{"href":"https:\/\/www.tgrthaber.com\/mavikadin\/wp-json\/wp\/v2\/media?parent=109366"}],"wp:term":[{"taxonomy":"category","embeddable":true,"href":"https:\/\/www.tgrthaber.com\/mavikadin\/wp-json\/wp\/v2\/categories?post=109366"},{"taxonomy":"post_tag","embeddable":true,"href":"https:\/\/www.tgrthaber.com\/mavikadin\/wp-json\/wp\/v2\/tags?post=109366"}],"curies":[{"name":"wp","href":"https:\/\/api.w.org\/{rel}","templated":true}]}}