{"id":109418,"date":"2024-12-20T22:38:39","date_gmt":"2024-12-20T19:38:39","guid":{"rendered":"https:\/\/www.tgrthaber.com\/mavikadin\/?p=109418"},"modified":"2024-12-20T22:39:12","modified_gmt":"2024-12-20T19:39:12","slug":"arka-sokaklara-rtuk-cezasi-geldi-yayini-durduruldu-yeni-bolum-ne-zaman","status":"publish","type":"post","link":"https:\/\/www.tgrthaber.com\/mavikadin\/arka-sokaklara-rtuk-cezasi-geldi-yayini-durduruldu-yeni-bolum-ne-zaman\/","title":{"rendered":"Arka Sokaklar\u2019a RT\u00dcK cezas\u0131 geldi, yay\u0131n\u0131 durduruldu! Yeni b\u00f6l\u00fcm ne zaman?"},"content":{"rendered":"<p>Cuma ak\u015famlar\u0131n\u0131n vazge\u00e7ilmez dizisi Arka Sokaklar, son d\u00f6nemde g\u00fcndemde yerini ald\u0131. Yay\u0131nlanan 5 ve 6. b\u00f6l\u00fcmlerde tarikat konusunun i\u015flenmesi, RT\u00dcK taraf\u0131ndan iki kez yay\u0131n durdurma ve y\u00fczde 3 idari para cezas\u0131na sebep oldu. RT\u00dcK, s\u00f6z konusu sahnelerde &#8220;dini bir grubun devletin kolluk kuvvetlerine kar\u015f\u0131 tehditkar s\u00f6ylemlerde bulunmas\u0131&#8221; ve &#8220;toplumdaki inan\u00e7lar\u0131n tek bir grup \u00fczerinden temsil edilmesi&#8221; gerek\u00e7elerini \u00f6ne s\u00fcrerek cezay\u0131 uygulad\u0131.<\/p>\n<p>Cumhurba\u015fkan\u0131 Recep Tayyip Erdo\u011fan&#8217;\u0131n televizyon dizilerine y\u00f6nelik yapt\u0131\u011f\u0131 a\u00e7\u0131klamalar\u0131n ard\u0131ndan, toplumsal hassasiyetlere dikkat \u00e7ekilen ve baz\u0131 sahnelerin ele\u015ftirildi\u011fi yap\u0131mlar \u00fczerinde denetimlerin art\u0131r\u0131lmas\u0131 dikkat \u00e7ekiyor. Bu geli\u015fmeler, dizinin hem kamuoyunda hem de sekt\u00f6rde geni\u015f yank\u0131 bulmas\u0131na sebep oldu.<\/p>\n<h3>ARKA SOKAKLAR&#8217;IN ESK\u0130 Y\u00d6NETMEN\u0130 ORHAN O\u011eUZ&#8217;DAN ELE\u015eT\u0130R\u0130<\/h3>\n<p>Dizinin 18 y\u0131l boyunca y\u00f6netmenli\u011fini \u00fcstlenen Orhan O\u011fuz, RT\u00dcK cezas\u0131 sonras\u0131 yapt\u0131\u011f\u0131 a\u00e7\u0131klamada format de\u011fi\u015fikli\u011fini ele\u015ftirdi. O\u011fuz, &#8220;18 y\u0131l boyunca k\u00f6t\u00fc oyunculuklar\u0131 bile izleyiciye ger\u00e7ek\u00e7i bir ser\u00fcven gibi sunduk. Ancak format de\u011fi\u015fikli\u011fi, dizinin temel dinamiklerine zarar verdi. T\u00fcrker \u0130nano\u011flu\u2019nun mezar\u0131nda rahat uyuyamad\u0131\u011f\u0131n\u0131 d\u00fc\u015f\u00fcn\u00fcyorum,&#8221; ifadelerini kulland\u0131. O\u011fuz, dizinin \u00f6nceki d\u00f6nemlerinin izleyiciyi daha iyi etkiledi\u011fine dikkat \u00e7ekti.<\/p>\n<p><img loading=\"lazy\" decoding=\"async\" class=\"alignnone size-full wp-image-109423\" src=\"https:\/\/www.tgrthaber.com\/mavikadin\/wp-content\/uploads\/Ekran-goruntusu-2024-12-20-223336.png\" alt=\"\" width=\"821\" height=\"532\" title=\"\" srcset=\"https:\/\/www.tgrthaber.com\/mavikadin\/wp-content\/uploads\/Ekran-goruntusu-2024-12-20-223336.png 821w, https:\/\/www.tgrthaber.com\/mavikadin\/wp-content\/uploads\/Ekran-goruntusu-2024-12-20-223336-300x194.png 300w, https:\/\/www.tgrthaber.com\/mavikadin\/wp-content\/uploads\/Ekran-goruntusu-2024-12-20-223336-768x498.png 768w\" sizes=\"(max-width: 821px) 100vw, 821px\" \/><\/p>\n<h3>ARKA SOKAKLAR&#8217;A YAYIN DURDURMA CEZASI<\/h3>\n<p>Dizinin yan\u0131 s\u0131ra, Deha, Sahipsizler ve Yabani dizileri de RT\u00dcK taraf\u0131ndan ayn\u0131 sebeplerle ceza ald\u0131. RT\u00dcK, 2023 y\u0131l\u0131 sonu itibar\u0131yla 1,5 y\u0131lda 124 milyon TL ceza kesmi\u015fti. Ge\u00e7ti\u011fimiz kas\u0131m ay\u0131nda, Yabani dizisine verilen ceza uygulanmaya ba\u015flanm\u0131\u015f ve bu cezan\u0131n etkisi, di\u011fer dizilere de yay\u0131lmaya devam etti.<\/p>\n<p>Arka Sokaklar dizisinin 27 Aral\u0131k ve 3 Ocak tarihleri aras\u0131nda yay\u0131n durdurma cezas\u0131 alaca\u011f\u0131 bildirildi. Bu tarihlerde dizinin yerine belgesel yay\u0131nlanacak. Sahipsizler dizisinin cezas\u0131 ise 1 Ocak ve 8 Ocak tarihlerini kaps\u0131yor.<\/p>\n<p><img loading=\"lazy\" decoding=\"async\" class=\"alignnone size-full wp-image-109424\" src=\"https:\/\/www.tgrthaber.com\/mavikadin\/wp-content\/uploads\/Ekran-goruntusu-2024-12-20-223325.png\" alt=\"\" width=\"830\" height=\"497\" title=\"\" srcset=\"https:\/\/www.tgrthaber.com\/mavikadin\/wp-content\/uploads\/Ekran-goruntusu-2024-12-20-223325.png 830w, https:\/\/www.tgrthaber.com\/mavikadin\/wp-content\/uploads\/Ekran-goruntusu-2024-12-20-223325-300x180.png 300w, https:\/\/www.tgrthaber.com\/mavikadin\/wp-content\/uploads\/Ekran-goruntusu-2024-12-20-223325-768x460.png 768w\" sizes=\"(max-width: 830px) 100vw, 830px\" \/><\/p>\n<h3>ARKA SOKAKLAR YEN\u0130 B\u00d6L\u00dcM NE ZAMAN?<\/h3>\n<p>Arka Sokaklar dizisinin yeni b\u00f6l\u00fcm\u00fcn\u00fcn yay\u0131nlanmas\u0131, RT\u00dcK cezas\u0131 nedeniyle ertelendi. 27 Aral\u0131k ve 3 Ocak tarihlerinde belgesellerin yay\u0131nlanacak olmas\u0131, diziseverlerin yeni b\u00f6l\u00fcm\u00fc beklerken sab\u0131rl\u0131 olmalar\u0131n\u0131 gerektiriyor. Y\u0131lba\u015f\u0131na yak\u0131n tarihlerde yay\u0131n durdurmalar\u0131n\u0131n ard\u0131ndan dizinin yeni b\u00f6l\u00fcmleri 10 Ocak\u2019tan sonra ekranlarda olacak.<\/p>\n<p><img loading=\"lazy\" decoding=\"async\" class=\"alignnone size-full wp-image-109426\" src=\"https:\/\/www.tgrthaber.com\/mavikadin\/wp-content\/uploads\/Ekran-goruntusu-2024-12-20-223304.png\" alt=\"\" width=\"827\" height=\"512\" title=\"\" srcset=\"https:\/\/www.tgrthaber.com\/mavikadin\/wp-content\/uploads\/Ekran-goruntusu-2024-12-20-223304.png 827w, https:\/\/www.tgrthaber.com\/mavikadin\/wp-content\/uploads\/Ekran-goruntusu-2024-12-20-223304-300x186.png 300w, https:\/\/www.tgrthaber.com\/mavikadin\/wp-content\/uploads\/Ekran-goruntusu-2024-12-20-223304-768x475.png 768w\" sizes=\"(max-width: 827px) 100vw, 827px\" \/><\/p>\n<h3>ARKA SOKAKLAR KONUSU VE OYUNCU KADROSU<\/h3>\n<p>2006 y\u0131l\u0131nda izleyicilerle bulu\u015fan Arka Sokaklar, Erler Film ve D Media\u2019n\u0131n yap\u0131mc\u0131l\u0131\u011f\u0131nda bug\u00fcne kadar b\u00fcy\u00fck bir ba\u015far\u0131 elde etti. 18 y\u0131l boyunca y\u00f6netmenlik koltu\u011funda oturan Orhan O\u011fuz, dizinin format\u0131ndaki de\u011fi\u015fikliklere ra\u011fmen uzun soluklu ba\u015far\u0131s\u0131n\u0131 s\u00fcrd\u00fcrd\u00fc. 2024 itibar\u0131yla y\u00f6netmenli\u011fi devralan Baran \u00d6z\u00e7aylan, dizinin yeni d\u00f6nemi i\u00e7in farkl\u0131 bir yakla\u015f\u0131m sunmay\u0131 planl\u0131yor. Ahmet Yurdakul, Ozan Yurdakul ve Sinan Yurdakul\u2019un yazd\u0131\u011f\u0131 senaryolarla be\u011feni kazanan dizi, polisiye, aksiyon, dram ve komedi t\u00fcrlerini bir arada sunuyor.<\/p>\n<p><img loading=\"lazy\" decoding=\"async\" class=\"alignnone size-full wp-image-109427\" src=\"https:\/\/www.tgrthaber.com\/mavikadin\/wp-content\/uploads\/Ekran-goruntusu-2024-12-20-223254.png\" alt=\"\" width=\"837\" height=\"481\" title=\"\" srcset=\"https:\/\/www.tgrthaber.com\/mavikadin\/wp-content\/uploads\/Ekran-goruntusu-2024-12-20-223254.png 837w, https:\/\/www.tgrthaber.com\/mavikadin\/wp-content\/uploads\/Ekran-goruntusu-2024-12-20-223254-300x172.png 300w, https:\/\/www.tgrthaber.com\/mavikadin\/wp-content\/uploads\/Ekran-goruntusu-2024-12-20-223254-768x441.png 768w\" sizes=\"(max-width: 837px) 100vw, 837px\" \/><\/p>\n<p>\u0130stanbul&#8217;un sokaklar\u0131nda, \u0130stanbul Emniyet M\u00fcd\u00fcrl\u00fc\u011f\u00fc Asayi\u015f \u015eubesi\u2019nde g\u00f6rev yapan bir \u00f6zel ekibin ya\u015fad\u0131\u011f\u0131 maceralar, izleyicilere her hafta farkl\u0131 insan hikayeleri sunuyor.<\/p>\n<p><img loading=\"lazy\" decoding=\"async\" class=\"alignnone size-full wp-image-109430\" src=\"https:\/\/www.tgrthaber.com\/mavikadin\/wp-content\/uploads\/Ekran-goruntusu-2024-12-01-173130-1.png\" alt=\"\" width=\"813\" height=\"528\" title=\"\" srcset=\"https:\/\/www.tgrthaber.com\/mavikadin\/wp-content\/uploads\/Ekran-goruntusu-2024-12-01-173130-1.png 813w, https:\/\/www.tgrthaber.com\/mavikadin\/wp-content\/uploads\/Ekran-goruntusu-2024-12-01-173130-1-300x195.png 300w, https:\/\/www.tgrthaber.com\/mavikadin\/wp-content\/uploads\/Ekran-goruntusu-2024-12-01-173130-1-768x499.png 768w\" sizes=\"(max-width: 813px) 100vw, 813px\" \/><\/p>\n","protected":false},"excerpt":{"rendered":"<p>Arka Sokaklar dizisi, tarikat konusuyla ilgili sahneler nedeniyle RT\u00dcK taraf\u0131ndan iki kez yay\u0131n durdurma cezas\u0131na \u00e7arpt\u0131r\u0131ld\u0131. 27 Aral\u0131k ve 3 Ocak tarihlerinde yay\u0131nlanmayacak olan Arka Sokaklar yeni b\u00f6l\u00fcm ne zaman yay\u0131nlanacak?<\/p>\n","protected":false},"author":4,"featured_media":109421,"comment_status":"closed","ping_status":"closed","sticky":false,"template":"","format":"standard","meta":{"rank_math_lock_modified_date":false,"footnotes":""},"categories":[602],"tags":[2976,136],"class_list":["post-109418","post","type-post","status-publish","format-standard","has-post-thumbnail","hentry","category-diziler","tag-arka-sokaklar","tag-yeni-bolum"],"_links":{"self":[{"href":"https:\/\/www.tgrthaber.com\/mavikadin\/wp-json\/wp\/v2\/posts\/109418"}],"collection":[{"href":"https:\/\/www.tgrthaber.com\/mavikadin\/wp-json\/wp\/v2\/posts"}],"about":[{"href":"https:\/\/www.tgrthaber.com\/mavikadin\/wp-json\/wp\/v2\/types\/post"}],"author":[{"embeddable":true,"href":"https:\/\/www.tgrthaber.com\/mavikadin\/wp-json\/wp\/v2\/users\/4"}],"replies":[{"embeddable":true,"href":"https:\/\/www.tgrthaber.com\/mavikadin\/wp-json\/wp\/v2\/comments?post=109418"}],"version-history":[{"count":2,"href":"https:\/\/www.tgrthaber.com\/mavikadin\/wp-json\/wp\/v2\/posts\/109418\/revisions"}],"predecessor-version":[{"id":109431,"href":"https:\/\/www.tgrthaber.com\/mavikadin\/wp-json\/wp\/v2\/posts\/109418\/revisions\/109431"}],"wp:featuredmedia":[{"embeddable":true,"href":"https:\/\/www.tgrthaber.com\/mavikadin\/wp-json\/wp\/v2\/media\/109421"}],"wp:attachment":[{"href":"https:\/\/www.tgrthaber.com\/mavikadin\/wp-json\/wp\/v2\/media?parent=109418"}],"wp:term":[{"taxonomy":"category","embeddable":true,"href":"https:\/\/www.tgrthaber.com\/mavikadin\/wp-json\/wp\/v2\/categories?post=109418"},{"taxonomy":"post_tag","embeddable":true,"href":"https:\/\/www.tgrthaber.com\/mavikadin\/wp-json\/wp\/v2\/tags?post=109418"}],"curies":[{"name":"wp","href":"https:\/\/api.w.org\/{rel}","templated":true}]}}