{"id":109461,"date":"2024-12-20T23:20:51","date_gmt":"2024-12-20T20:20:51","guid":{"rendered":"https:\/\/www.tgrthaber.com\/mavikadin\/?p=109461"},"modified":"2024-12-20T23:21:20","modified_gmt":"2024-12-20T20:21:20","slug":"deha-dizisine-yayin-durdurma-cezasi-geldi-deha-yeni-bolum-bu-hafta-var-mi","status":"publish","type":"post","link":"https:\/\/www.tgrthaber.com\/mavikadin\/deha-dizisine-yayin-durdurma-cezasi-geldi-deha-yeni-bolum-bu-hafta-var-mi\/","title":{"rendered":"Deha dizisine yay\u0131n durdurma cezas\u0131 geldi! Deha yeni b\u00f6l\u00fcm bu hafta var m\u0131?"},"content":{"rendered":"<p>Show TV&#8217;nin sevilen dizisi Deha, ge\u00e7ti\u011fimiz hafta Radyo ve Televizyon \u00dcst Kurulu (RT\u00dcK) taraf\u0131ndan verilen yay\u0131n durdurma cezas\u0131 ile g\u00fcndeme geldi. RT\u00dcK, Deha dizisi ba\u015fta olmak \u00fczere Sahipsizler ve Yabani gibi yap\u0131mlara, \u015fiddet i\u00e7eren sahneler ve milli de\u011ferlere ayk\u0131r\u0131 unsurlar ta\u015f\u0131d\u0131\u011f\u0131 gerek\u00e7esiyle yapt\u0131r\u0131m uygulam\u0131\u015ft\u0131. Peki, Deha yeni b\u00f6l\u00fcm ne zaman? Deha dizisi yeni b\u00f6l\u00fcm\u00fc bu hafta var m\u0131?<\/p>\n<h3>RT\u00dcK&#8217;TEN DEHA D\u0130Z\u0130S\u0130NE YAYIN DURDURMA CEZASI<\/h3>\n<p>Deha dizisinin \u00f6zellikle kad\u0131na y\u00f6nelik \u015fiddet i\u00e7eren sahneler ve toplumun ahlaki de\u011ferleriyle \u00e7eli\u015fen \u00f6\u011feler nedeniyle RT\u00dcK taraf\u0131ndan ciddi bir yapt\u0131r\u0131m uyguland\u0131. Yap\u0131lan incelemelerde, dizinin toplumsal normlara ve milli manevi de\u011ferlere ayk\u0131r\u0131 unsurlar ta\u015f\u0131d\u0131\u011f\u0131na karar verildi. Bunun \u00fczerine, dizinin yay\u0131n\u0131na y\u00f6nelik \u00fcst s\u0131n\u0131rdan para cezas\u0131 verildi. Deha dizisinin yap\u0131mc\u0131lar\u0131, bu uyar\u0131 do\u011frultusunda i\u00e7eriklerinde de\u011fi\u015fiklik yapmay\u0131 de\u011ferlendirebilir.<\/p>\n<p><img loading=\"lazy\" decoding=\"async\" class=\"alignnone size-full wp-image-109463\" src=\"https:\/\/www.tgrthaber.com\/mavikadin\/wp-content\/uploads\/316519bf21f0c1bc960acf00bb5a92ce_840.jpg\" alt=\"\" width=\"840\" height=\"545\" title=\"\" srcset=\"https:\/\/www.tgrthaber.com\/mavikadin\/wp-content\/uploads\/316519bf21f0c1bc960acf00bb5a92ce_840.jpg 840w, https:\/\/www.tgrthaber.com\/mavikadin\/wp-content\/uploads\/316519bf21f0c1bc960acf00bb5a92ce_840-300x195.jpg 300w, https:\/\/www.tgrthaber.com\/mavikadin\/wp-content\/uploads\/316519bf21f0c1bc960acf00bb5a92ce_840-768x498.jpg 768w\" sizes=\"(max-width: 840px) 100vw, 840px\" \/><\/p>\n<h3>DEHA YEN\u0130 B\u00d6L\u00dcM BU HAFTA VAR MI?<\/h3>\n<p>Deha yeni b\u00f6l\u00fcm ne zaman? Deha bu hafta var m\u0131? RT\u00dcK taraf\u0131ndan verilen ceza do\u011frultusunda, Deha dizisinin yeni b\u00f6l\u00fcmleri belirli tarihlerde yay\u0131nlanamayacak. Deha dizisi i\u00e7in ceza 5 Ocak ile 12 Ocak tarihleri aras\u0131nda uygulanacak. Bu tarihlerde dizinin yeni b\u00f6l\u00fcmleri yerine belgesel yay\u0131nlanacak. Yani, Deha dizisinin bu hafta yeni bir b\u00f6l\u00fcm\u00fc yay\u0131nlanmayacak. Bu ceza, Show TV&#8217;nin di\u011fer dizilerine de uygulanm\u0131\u015f durumda.<\/p>\n<p><img loading=\"lazy\" decoding=\"async\" class=\"alignnone size-full wp-image-109465\" src=\"https:\/\/www.tgrthaber.com\/mavikadin\/wp-content\/uploads\/7cf2751beaa2f2969c3042191af55f36_840.jpg\" alt=\"\" width=\"840\" height=\"543\" title=\"\" srcset=\"https:\/\/www.tgrthaber.com\/mavikadin\/wp-content\/uploads\/7cf2751beaa2f2969c3042191af55f36_840.jpg 840w, https:\/\/www.tgrthaber.com\/mavikadin\/wp-content\/uploads\/7cf2751beaa2f2969c3042191af55f36_840-300x194.jpg 300w, https:\/\/www.tgrthaber.com\/mavikadin\/wp-content\/uploads\/7cf2751beaa2f2969c3042191af55f36_840-768x496.jpg 768w\" sizes=\"(max-width: 840px) 100vw, 840px\" \/><\/p>\n<h3>DEHA YEN\u0130 B\u00d6L\u00dcM NE ZAMAN?<\/h3>\n<p>Y\u0131lba\u015f\u0131nda dizi yay\u0131nlar\u0131na ara verilece\u011fi de duyurulmu\u015ftu. 2025\u2019in ilk haftas\u0131nda, reklam tatili nedeniyle dizilerin yeni b\u00f6l\u00fcmleri yay\u0131nlanmayacak. Ancak 2. hafta i\u00e7in kesin bir karar al\u0131nmam\u0131\u015f durumda. Deha dizisi izleyicileri, 2025\u2019in ilk haftas\u0131nda diziyi izleyemeyecek, ancak 12 Ocak\u2019tan sonra yeni b\u00f6l\u00fcmlerinin yay\u0131nlanmas\u0131 bekleniyor.<\/p>\n<p><img loading=\"lazy\" decoding=\"async\" class=\"alignnone size-full wp-image-109466\" src=\"https:\/\/www.tgrthaber.com\/mavikadin\/wp-content\/uploads\/27257cb841ca7d269135a42fca0a2f92_840.jpg\" alt=\"\" width=\"840\" height=\"552\" title=\"\" srcset=\"https:\/\/www.tgrthaber.com\/mavikadin\/wp-content\/uploads\/27257cb841ca7d269135a42fca0a2f92_840.jpg 840w, https:\/\/www.tgrthaber.com\/mavikadin\/wp-content\/uploads\/27257cb841ca7d269135a42fca0a2f92_840-300x197.jpg 300w, https:\/\/www.tgrthaber.com\/mavikadin\/wp-content\/uploads\/27257cb841ca7d269135a42fca0a2f92_840-768x505.jpg 768w\" sizes=\"(max-width: 840px) 100vw, 840px\" \/><\/p>\n<h3>DEHA D\u0130Z\u0130S\u0130N\u0130N KONUSU<\/h3>\n<p>Deha, baba ve o\u011ful aras\u0131ndaki y\u0131llar sonra ger\u00e7ekle\u015fen bir y\u00fczle\u015fmeyle ba\u015flayan derin bir intikam hikayesini anlat\u0131yor. Cesur (Taner \u00d6lmez), \u00e7ocuk ya\u015fta hayatta kalmay\u0131 \u00f6\u011frenmi\u015f ve karanl\u0131k bir ge\u00e7mi\u015fe sahip bir adamd\u0131r.<br \/>\nHem babas\u0131 \u0130skender (U\u011fur Polat) hem de annesi Aysel (Seda Akman) taraf\u0131ndan zor bir hayat s\u00fcrd\u00fcrmek zorunda kalan Cesur\u2019un hayat\u0131, Devran karakterinin (Aras Bulut \u0130ynemli) onlar\u0131n d\u00fcnyas\u0131na girmesiyle de\u011fi\u015fir. Devran, Cesur\u2019a ge\u00e7mi\u015fiyle y\u00fczle\u015fme ve ailevi ili\u015fkilerini d\u00fczeltme f\u0131rsat\u0131 sunarken, Cesur da ge\u00e7mi\u015finin g\u00f6lgelerinden kurtulmak i\u00e7in b\u00fcy\u00fck bir m\u00fccadeleye ba\u015flar.<\/p>\n<p><img loading=\"lazy\" decoding=\"async\" class=\"alignnone size-full wp-image-109471\" src=\"https:\/\/www.tgrthaber.com\/mavikadin\/wp-content\/uploads\/517f5d43e5beab7e85f2c7b310db3ad8_840.jpg\" alt=\"\" width=\"840\" height=\"560\" title=\"\" srcset=\"https:\/\/www.tgrthaber.com\/mavikadin\/wp-content\/uploads\/517f5d43e5beab7e85f2c7b310db3ad8_840.jpg 840w, https:\/\/www.tgrthaber.com\/mavikadin\/wp-content\/uploads\/517f5d43e5beab7e85f2c7b310db3ad8_840-300x200.jpg 300w, https:\/\/www.tgrthaber.com\/mavikadin\/wp-content\/uploads\/517f5d43e5beab7e85f2c7b310db3ad8_840-768x512.jpg 768w\" sizes=\"(max-width: 840px) 100vw, 840px\" \/><\/p>\n<h3>DEHA OYUNCU KADROSU<\/h3>\n<p>Dizinin g\u00fc\u00e7l\u00fc kadrosu, hikayenin derinli\u011fine katk\u0131 sa\u011fl\u0131yor. Ba\u015frol oyuncular\u0131 Aras Bulut \u0130ynemli (Devran) ve Taner \u00d6lmez (Cesur), izleyicilerin b\u00fcy\u00fck be\u011fenisini toplarken, Ahsen Ero\u011flu (Esme), dizinin en dikkat \u00e7eken karakterlerinden biri olmay\u0131 ba\u015far\u0131yor. U\u011fur Polat (\u0130skender), Melis Sezen (\u0130mre), ve Seda Akman (Aysel) gibi ba\u015far\u0131l\u0131 oyuncular da diziye renk kat\u0131yor.<\/p>\n","protected":false},"excerpt":{"rendered":"<p>Deha dizisine RT\u00dcK taraf\u0131ndan yay\u0131n durdurma cezas\u0131 verildi! 5-12 Ocak tarihleri aras\u0131nda dizinin yeni b\u00f6l\u00fcmleri yay\u0131nlanmayacak. Peki, Deha dizisinin yeni b\u00f6l\u00fcm\u00fc bu hafta yay\u0131nlanacak m\u0131? Deha yeni b\u00f6l\u00fcm ne zaman?<\/p>\n","protected":false},"author":4,"featured_media":109462,"comment_status":"closed","ping_status":"closed","sticky":false,"template":"","format":"standard","meta":{"rank_math_lock_modified_date":false,"footnotes":""},"categories":[602],"tags":[2791,136,5012],"class_list":["post-109461","post","type-post","status-publish","format-standard","has-post-thumbnail","hentry","category-diziler","tag-deha-dizi","tag-yeni-bolum","tag-yeni-bolum-ne-zaman"],"_links":{"self":[{"href":"https:\/\/www.tgrthaber.com\/mavikadin\/wp-json\/wp\/v2\/posts\/109461"}],"collection":[{"href":"https:\/\/www.tgrthaber.com\/mavikadin\/wp-json\/wp\/v2\/posts"}],"about":[{"href":"https:\/\/www.tgrthaber.com\/mavikadin\/wp-json\/wp\/v2\/types\/post"}],"author":[{"embeddable":true,"href":"https:\/\/www.tgrthaber.com\/mavikadin\/wp-json\/wp\/v2\/users\/4"}],"replies":[{"embeddable":true,"href":"https:\/\/www.tgrthaber.com\/mavikadin\/wp-json\/wp\/v2\/comments?post=109461"}],"version-history":[{"count":3,"href":"https:\/\/www.tgrthaber.com\/mavikadin\/wp-json\/wp\/v2\/posts\/109461\/revisions"}],"predecessor-version":[{"id":109479,"href":"https:\/\/www.tgrthaber.com\/mavikadin\/wp-json\/wp\/v2\/posts\/109461\/revisions\/109479"}],"wp:featuredmedia":[{"embeddable":true,"href":"https:\/\/www.tgrthaber.com\/mavikadin\/wp-json\/wp\/v2\/media\/109462"}],"wp:attachment":[{"href":"https:\/\/www.tgrthaber.com\/mavikadin\/wp-json\/wp\/v2\/media?parent=109461"}],"wp:term":[{"taxonomy":"category","embeddable":true,"href":"https:\/\/www.tgrthaber.com\/mavikadin\/wp-json\/wp\/v2\/categories?post=109461"},{"taxonomy":"post_tag","embeddable":true,"href":"https:\/\/www.tgrthaber.com\/mavikadin\/wp-json\/wp\/v2\/tags?post=109461"}],"curies":[{"name":"wp","href":"https:\/\/api.w.org\/{rel}","templated":true}]}}