{"id":109532,"date":"2024-12-21T00:59:00","date_gmt":"2024-12-20T21:59:00","guid":{"rendered":"https:\/\/www.tgrthaber.com\/mavikadin\/?p=109532"},"modified":"2024-12-21T01:05:56","modified_gmt":"2024-12-20T22:05:56","slug":"baba-acisiyla-yikilan-bayhan-ilk-kez-konustu-ates-dustugu-yeri-yakar","status":"publish","type":"post","link":"https:\/\/www.tgrthaber.com\/mavikadin\/baba-acisiyla-yikilan-bayhan-ilk-kez-konustu-ates-dustugu-yeri-yakar\/","title":{"rendered":"Baba ac\u0131s\u0131yla y\u0131k\u0131lan Bayhan ilk kez konu\u015ftu: Ate\u015f d\u00fc\u015ft\u00fc\u011f\u00fc yeri yakar"},"content":{"rendered":"<p>Kanal D ekranlar\u0131nda yay\u0131mlanan Popstar yar\u0131\u015fmas\u0131yla tan\u0131nan ve sesiyle b\u00fcy\u00fck be\u011feni toplayan Bayhan G\u00fcrhan, babas\u0131 Sabahattin G\u00fcrhan\u2019\u0131n vefat haberiyle derin bir h\u00fczne bo\u011fuldu. Babas\u0131n\u0131n ani kayb\u0131, sanat\u00e7\u0131y\u0131 ve sevenlerini yasa bo\u011fdu. Kameralar taraf\u0131ndan g\u00f6r\u00fcnt\u00fclenen Bayhan babas\u0131n\u0131n \u00f6l\u00fcm\u00fcn\u00fcn ard\u0131ndan ilk kez konu\u015ftu.<\/p>\n<h3>BAYHAN&#8217;IN ACI G\u00dcN\u00dc<\/h3>\n<p>Bayhan, ge\u00e7ti\u011fimiz g\u00fcn sosyal medya hesab\u0131ndan yapt\u0131\u011f\u0131 duygusal bir payla\u015f\u0131m ile babas\u0131n\u0131n vefat etti\u011fini duyurdu. Babas\u0131 Sabahattin G\u00fcrhan\u2019\u0131n bir trafik kazas\u0131 ge\u00e7irdi\u011fini belirten Bayhan, kazan\u0131n ard\u0131ndan yo\u011fun bak\u0131ma kald\u0131r\u0131lan babas\u0131n\u0131n tedavi g\u00f6rd\u00fc\u011f\u00fc hastanede ya\u015fam\u0131n\u0131 yitirdi\u011fini a\u00e7\u0131klad\u0131.<\/p>\n<p>\u015eark\u0131c\u0131n\u0131n payla\u015f\u0131m\u0131nda \u015fu ifadeler yer ald\u0131:<\/p>\n<p>&#8220;Babam Sabahattin G\u00fcrhan hayata veda etmi\u015ftir. Cenazesi 29.11.2024 (Cuma) saat 15.00\u2019te Adana\u2019daki evinden kald\u0131r\u0131l\u0131p Akkap\u0131 mezarl\u0131\u011f\u0131na defnedilecektir.&#8221;<\/p>\n<p><img loading=\"lazy\" decoding=\"async\" class=\"alignnone size-full wp-image-109533\" src=\"https:\/\/www.tgrthaber.com\/mavikadin\/wp-content\/uploads\/Adsiz-tasarim-13-6-768x432-1.jpg\" alt=\"\" width=\"768\" height=\"432\" title=\"\" srcset=\"https:\/\/www.tgrthaber.com\/mavikadin\/wp-content\/uploads\/Adsiz-tasarim-13-6-768x432-1.jpg 768w, https:\/\/www.tgrthaber.com\/mavikadin\/wp-content\/uploads\/Adsiz-tasarim-13-6-768x432-1-300x169.jpg 300w\" sizes=\"(max-width: 768px) 100vw, 768px\" \/><\/p>\n<h3>BAYHAN, BABASINI SON YOLCULU\u011eUNA U\u011eURLADI<\/h3>\n<p>Babas\u0131n\u0131n kayb\u0131yla b\u00fcy\u00fck bir ac\u0131 ya\u015fayan Bayhan, ailesi ve sevenleriyle birlikte Sabahattin G\u00fcrhan\u2019\u0131 son yolculu\u011funa u\u011furlad\u0131. Adana\u2019da ger\u00e7ekle\u015fen cenaze t\u00f6renine, G\u00fcrhan ailesinin yak\u0131n dostlar\u0131 ve akrabalar\u0131 da kat\u0131ld\u0131. Cenaze s\u0131ras\u0131nda Bayhan g\u00f6zya\u015flar\u0131na hakim olamad\u0131.<\/p>\n<div style=\"width: 640px;\" class=\"wp-video\"><!--[if lt IE 9]><script>document.createElement('video');<\/script><![endif]-->\n<video class=\"wp-video-shortcode\" id=\"video-109532-1\" width=\"640\" height=\"640\" preload=\"metadata\" controls=\"controls\"><source type=\"video\/mp4\" src=\"https:\/\/www.tgrthaber.com\/mavikadin\/wp-content\/uploads\/Kahverengi-Sade-Zarif-Kucuk-Isletme-Kuafor-Instagram-Video-9.mp4?_=1\" \/><a href=\"https:\/\/www.tgrthaber.com\/mavikadin\/wp-content\/uploads\/Kahverengi-Sade-Zarif-Kucuk-Isletme-Kuafor-Instagram-Video-9.mp4\">https:\/\/www.tgrthaber.com\/mavikadin\/wp-content\/uploads\/Kahverengi-Sade-Zarif-Kucuk-Isletme-Kuafor-Instagram-Video-9.mp4<\/a><\/video><\/div>\n<p>Bayhan\u2019\u0131n ailesi ve yak\u0131nlar\u0131 \u00fcnl\u00fc \u015fark\u0131c\u0131y\u0131 bu g\u00fcn\u00fcnde yaln\u0131z b\u0131rakmad\u0131. Sabahattin G\u00fcrhan\u2019\u0131 ailesi ve akrabalar\u0131 son yolculu\u011funa u\u011furlayarak g\u00f6revlerini yerine getirdi. Babas\u0131n\u0131 kaybetmenin derin h\u00fczn\u00fcn\u00fc ya\u015fayan Bayhan\u2019\u0131n \u00fcz\u00fcnt\u00fcs\u00fc g\u00f6zlerinden okundu&#8230;<\/p>\n<h3>KAZANIN DETAYLARI ORTAYA \u00c7IKTI<\/h3>\n<p>Sabahattin G\u00fcrhan\u2019\u0131n \u00f6l\u00fcm\u00fcne sebep olan trafik kazas\u0131yla ilgili detaylar da belli oldu. Adana\u2019da ya\u015fanan kazan\u0131n ard\u0131ndan G\u00fcrhan\u2019\u0131n a\u011f\u0131r yaraland\u0131\u011f\u0131 ve hastanede ya\u015fam m\u00fccadelesi verdi\u011fi \u00f6\u011frenildi. Ancak yap\u0131lan t\u00fcm m\u00fcdahalelere ra\u011fmen kurtar\u0131lamad\u0131.<\/p>\n<h3>BAYHAN ACI OLAYIN ARINDAN \u0130LK KEZ KONU\u015eTU<\/h3>\n<p>Kameralar taraf\u0131ndan g\u00f6r\u00fcnt\u00fclenen Beyhan duygular\u0131n\u0131 anlatmakta zorland\u0131. Bayhan &#8220;Ate\u015f d\u00fc\u015ft\u00fc\u011f\u00fc yeri yakar&#8221; diyerek daha fazla konu\u015fmaktan ka\u00e7\u0131nd\u0131.<\/p>\n<!--[if lt IE 9]><script>document.createElement('video');<\/script><![endif]-->\n\t<div class=\"wp-playlist wp-video-playlist wp-playlist-light\">\n\t\t<video controls=\"controls\" preload=\"none\" width=\"618\"\n\t\t height=\"1099\"\t><\/video>\n\t<div class=\"wp-playlist-next\"><\/div>\n\t<div class=\"wp-playlist-prev\"><\/div>\n\t<noscript>\n\t<ol>\n\t\t<li><a href='https:\/\/www.tgrthaber.com\/mavikadin\/wp-content\/uploads\/bayhan.mp4'>bayhan<\/a><\/li>\t<\/ol>\n\t<\/noscript>\n\t<script type=\"application\/json\" class=\"wp-playlist-script\">{\"type\":\"video\",\"tracklist\":true,\"tracknumbers\":true,\"images\":true,\"artists\":true,\"tracks\":[{\"src\":\"https:\\\/\\\/www.tgrthaber.com\\\/mavikadin\\\/wp-content\\\/uploads\\\/bayhan.mp4\",\"type\":\"video\\\/mp4\",\"title\":\"bayhan\",\"caption\":\"\",\"description\":\"\",\"meta\":{\"length_formatted\":\"0:21\"},\"dimensions\":{\"original\":{\"width\":720,\"height\":1280},\"resized\":{\"width\":618,\"height\":1099}},\"image\":{\"src\":\"https:\\\/\\\/www.tgrthaber.com\\\/mavikadin\\\/wp-includes\\\/images\\\/media\\\/video.svg\",\"width\":48,\"height\":64},\"thumb\":{\"src\":\"https:\\\/\\\/www.tgrthaber.com\\\/mavikadin\\\/wp-includes\\\/images\\\/media\\\/video.svg\",\"width\":48,\"height\":64}}]}<\/script>\n<\/div>\n\t\n<h3>BAYHAN G\u00dcRHAN K\u0130MD\u0130R?<\/h3>\n<p>14 Mart 1980\u2019de Adana\u2019da d\u00fcnyaya gelen Bayhan G\u00fcrhan, T\u00fcrk m\u00fczik d\u00fcnyas\u0131n\u0131n tan\u0131nan isimlerinden biridir. Almanya\u2019da b\u00fcy\u00fcyen Bayhan, \u00e7ocuk ya\u015fta kald\u0131\u011f\u0131 yeti\u015ftirme yurdunda ald\u0131\u011f\u0131 m\u00fczik e\u011fitimiyle sanata ad\u0131m att\u0131. T\u00fcrkiye\u2019ye d\u00f6nd\u00fckten sonra, 2003 y\u0131l\u0131nda Kanal D ekranlar\u0131nda yay\u0131mlanan Popstar T\u00fcrkiye yar\u0131\u015fmas\u0131na kat\u0131larak geni\u015f bir hayran kitlesine ula\u015ft\u0131. Yar\u0131\u015fmada \u00fc\u00e7\u00fcnc\u00fc olmas\u0131na ra\u011fmen, kendine \u00f6zg\u00fc tarz\u0131 ve yorumu ile unutulmazlar aras\u0131na girdi.<\/p>\n<p>Popstar T\u00fcrkiye sonras\u0131 2004 y\u0131l\u0131nda \u00e7\u0131kard\u0131\u011f\u0131 Hayal Edemiyorum alb\u00fcm\u00fc ile m\u00fczik listelerinde dikkat \u00e7eken Bayhan, 2008\u2019de K\u0131sa Veda alb\u00fcm\u00fc ile ba\u015far\u0131s\u0131n\u0131 s\u00fcrd\u00fcrd\u00fc. G\u00fc\u00e7l\u00fc sesi ve \u00f6zg\u00fcn yorumu, m\u00fczikseverlerin g\u00f6nl\u00fcnde taht kurmas\u0131n\u0131 sa\u011flad\u0131.<\/p>\n<p>Bayhan\u2019\u0131n yetenekleri yaln\u0131zca m\u00fczikle s\u0131n\u0131rl\u0131 kalmad\u0131. 2012 y\u0131l\u0131nda Kendimize Do\u011fru dizisinde Ayhan karakterine hayat veren Bayhan, 2014\u2019te Ankara\u2019n\u0131n Dikmen\u2019i dizisinde konuk oyuncu olarak yer ald\u0131. 2013 y\u0131l\u0131nda ise sokak m\u00fczisyenlerini konu alan Benim Yolum belgeselinin sunuculu\u011funu \u00fcstlendi. Ayn\u0131 y\u0131l TRT \u0130stanbul Kent Radyosu\u2019nda seslendirdi\u011fi Direkler Aras\u0131 radyo tiyatrosu ile hayranlar\u0131ndan tam not ald\u0131.<\/p>\n<p><img loading=\"lazy\" decoding=\"async\" class=\"alignnone wp-image-109546\" src=\"https:\/\/www.tgrthaber.com\/mavikadin\/wp-content\/uploads\/Untitled-4-1-1.jpg\" alt=\"\" width=\"706\" height=\"706\" title=\"\" srcset=\"https:\/\/www.tgrthaber.com\/mavikadin\/wp-content\/uploads\/Untitled-4-1-1.jpg 1080w, https:\/\/www.tgrthaber.com\/mavikadin\/wp-content\/uploads\/Untitled-4-1-1-300x300.jpg 300w, https:\/\/www.tgrthaber.com\/mavikadin\/wp-content\/uploads\/Untitled-4-1-1-1024x1024.jpg 1024w, https:\/\/www.tgrthaber.com\/mavikadin\/wp-content\/uploads\/Untitled-4-1-1-150x150.jpg 150w, https:\/\/www.tgrthaber.com\/mavikadin\/wp-content\/uploads\/Untitled-4-1-1-768x768.jpg 768w\" sizes=\"(max-width: 706px) 100vw, 706px\" \/><\/p>\n<p>2021 y\u0131l\u0131nda yay\u0131mlad\u0131\u011f\u0131 Akustik alb\u00fcm\u00fcyle, Sezen Aksu\u2019nun unutulmaz \u015fark\u0131lar\u0131n\u0131 yeniden yorumlad\u0131 ve hayranlar\u0131na nostalji dolu anlar ya\u015fatt\u0131. Rap\u00e7i Zen-G ile d\u00fcet yapt\u0131\u011f\u0131 \u0130STANBUL \u015fark\u0131s\u0131 b\u00fcy\u00fck be\u011feni toplad\u0131.<\/p>\n<p>2024 y\u0131l\u0131nda ise Grup Tual\u2019\u0131n klasikle\u015fmi\u015f eseri Tiryakinim \u015fark\u0131s\u0131n\u0131 yeniden seslendiren Bayhan, m\u00fczik d\u00fcnyas\u0131nda bir ilki ba\u015fard\u0131. \u015eark\u0131, dijital platformlarda h\u0131zla zirveye yerle\u015ferek, Spotify global listelerinde bir numara olan ilk T\u00fcrk\u00e7e \u015fark\u0131 unvan\u0131n\u0131 kazand\u0131.<\/p>\n","protected":false},"excerpt":{"rendered":"<p>Popstar yar\u0131\u015fmas\u0131yla \u00fcn kazanan Bayhan, babas\u0131 Sabahattin G\u00fcrhan\u2019\u0131n vefat\u0131yla y\u0131k\u0131ld\u0131. Trafik kazas\u0131nda a\u011f\u0131r yaralanan ve hastanede ya\u015fam\u0131n\u0131 yitiren babas\u0131n\u0131n ard\u0131ndan Bayhan ilk kez konu\u015ftu.<\/p>\n","protected":false},"author":4,"featured_media":109539,"comment_status":"closed","ping_status":"closed","sticky":false,"template":"","format":"standard","meta":{"rank_math_lock_modified_date":false,"footnotes":""},"categories":[76],"tags":[913,133],"class_list":["post-109532","post","type-post","status-publish","format-standard","has-post-thumbnail","hentry","category-magazin","tag-bayhan","tag-magazin"],"_links":{"self":[{"href":"https:\/\/www.tgrthaber.com\/mavikadin\/wp-json\/wp\/v2\/posts\/109532"}],"collection":[{"href":"https:\/\/www.tgrthaber.com\/mavikadin\/wp-json\/wp\/v2\/posts"}],"about":[{"href":"https:\/\/www.tgrthaber.com\/mavikadin\/wp-json\/wp\/v2\/types\/post"}],"author":[{"embeddable":true,"href":"https:\/\/www.tgrthaber.com\/mavikadin\/wp-json\/wp\/v2\/users\/4"}],"replies":[{"embeddable":true,"href":"https:\/\/www.tgrthaber.com\/mavikadin\/wp-json\/wp\/v2\/comments?post=109532"}],"version-history":[{"count":3,"href":"https:\/\/www.tgrthaber.com\/mavikadin\/wp-json\/wp\/v2\/posts\/109532\/revisions"}],"predecessor-version":[{"id":109547,"href":"https:\/\/www.tgrthaber.com\/mavikadin\/wp-json\/wp\/v2\/posts\/109532\/revisions\/109547"}],"wp:featuredmedia":[{"embeddable":true,"href":"https:\/\/www.tgrthaber.com\/mavikadin\/wp-json\/wp\/v2\/media\/109539"}],"wp:attachment":[{"href":"https:\/\/www.tgrthaber.com\/mavikadin\/wp-json\/wp\/v2\/media?parent=109532"}],"wp:term":[{"taxonomy":"category","embeddable":true,"href":"https:\/\/www.tgrthaber.com\/mavikadin\/wp-json\/wp\/v2\/categories?post=109532"},{"taxonomy":"post_tag","embeddable":true,"href":"https:\/\/www.tgrthaber.com\/mavikadin\/wp-json\/wp\/v2\/tags?post=109532"}],"curies":[{"name":"wp","href":"https:\/\/api.w.org\/{rel}","templated":true}]}}