{"id":109596,"date":"2024-12-21T09:13:56","date_gmt":"2024-12-21T06:13:56","guid":{"rendered":"https:\/\/www.tgrthaber.com\/mavikadin\/?p=109596"},"modified":"2024-12-21T09:13:56","modified_gmt":"2024-12-21T06:13:56","slug":"serenay-sarikaya-mabel-matizin-ya-bu-isler-ne-sarkisini-soyledi","status":"publish","type":"post","link":"https:\/\/www.tgrthaber.com\/mavikadin\/serenay-sarikaya-mabel-matizin-ya-bu-isler-ne-sarkisini-soyledi\/","title":{"rendered":"Serenay Sar\u0131kaya, Mabel Matiz\u2019in \u2018Ya Bu \u0130\u015fler Ne\u2019 \u015fark\u0131s\u0131n\u0131 s\u00f6yledi!"},"content":{"rendered":"<p>Serenay Sar\u0131kaya, Mert Demir&#8217;le ayr\u0131ld\u0131ktan sonra uzun bir s\u00fcre sessizli\u011fini korumu\u015ftu. Ancak ge\u00e7ti\u011fimiz g\u00fcnlerde \u00fczg\u00fcn halleriyle kameralara yans\u0131yan g\u00fczel oyuncu, sosyal medya hesab\u0131ndan \u015fark\u0131 s\u00f6yledi\u011fi bir video payla\u015ft\u0131. Bu payla\u015f\u0131m\u0131yla dikkatleri \u00fczerine \u00e7eken Sar\u0131kaya, sesiyle herkesi bir kez daha etkiledi.<\/p>\n<h3>AYRILIK SONRASI \u015eARKI PAYLA\u015eTI<\/h3>\n<p>Serenay Sar\u0131kaya, Mert Demir ile ayr\u0131ld\u0131ktan sonra medyadan uzak durarak sessizli\u011fini korumu\u015ftu. Ancak ge\u00e7ti\u011fimiz g\u00fcnlerde bir mekan \u00e7\u0131k\u0131\u015f\u0131nda keyifsiz g\u00f6r\u00fcnt\u00fclenen Sar\u0131kaya&#8217;n\u0131n \u00fczg\u00fcn hali, ili\u015fkileriyle ilgili spek\u00fclasyonlara neden olmu\u015ftu. Olaylar\u0131n ard\u0131ndan Sar\u0131kaya, sosyal medya hesab\u0131ndan keyifli bir \u015fekilde \u015fark\u0131 s\u00f6yledi\u011fi anlar\u0131 payla\u015farak as\u0131ls\u0131z iddialar\u0131 yalanlad\u0131 ve hayranlar\u0131n\u0131n be\u011fenisini kazand\u0131.<\/p>\n<div style=\"width: 640px;\" class=\"wp-video\"><!--[if lt IE 9]><script>document.createElement('video');<\/script><![endif]-->\n<video class=\"wp-video-shortcode\" id=\"video-109596-1\" width=\"640\" height=\"800\" preload=\"metadata\" controls=\"controls\"><source type=\"video\/mp4\" src=\"https:\/\/www.tgrthaber.com\/mavikadin\/wp-content\/uploads\/Serenay-Sarikaya-Mabel-Matizin-\u2018Ya-Bu-Isler-Ne-sarkisini-soyledi.mp4?_=1\" \/><a href=\"https:\/\/www.tgrthaber.com\/mavikadin\/wp-content\/uploads\/Serenay-Sarikaya-Mabel-Matizin-\u2018Ya-Bu-Isler-Ne-sarkisini-soyledi.mp4\">https:\/\/www.tgrthaber.com\/mavikadin\/wp-content\/uploads\/Serenay-Sarikaya-Mabel-Matizin-\u2018Ya-Bu-Isler-Ne-sarkisini-soyledi.mp4<\/a><\/video><\/div>\n<h3>SERENAY SARIKAYA\u2019DAN \u201c YA BU \u0130\u015eLER NE\u201d \u015eARKISI<\/h3>\n<p>Serenay Sar\u0131kaya, sosyal medya hesab\u0131ndan Mabel Matiz&#8217;in &#8220;Ya Bu \u0130\u015fler Ne&#8221; \u015fark\u0131s\u0131n\u0131 seslendirirken \u00e7ekilen yak\u0131n kadrajl\u0131 bir video payla\u015ft\u0131. K\u0131sa olmas\u0131na ra\u011fmen be\u011feni ve yorum ya\u011fmuruna tutulan Sar\u0131kaya&#8217;n\u0131n bu payla\u015f\u0131m\u0131, \u015fark\u0131 \u00e7\u0131karacak m\u0131 sorular\u0131n\u0131 yeniden g\u00fcndeme getirdi. Oyuncunun sesi her zaman be\u011fenilmi\u015f olup Mabel Matiz&#8217;in \u015fark\u0131s\u0131n\u0131 ba\u015far\u0131l\u0131 bir \u015fekilde yorumlamas\u0131, takip\u00e7ilerinden b\u00fcy\u00fck ilgi g\u00f6rd\u00fc.<\/p>\n","protected":false},"excerpt":{"rendered":"<p>Serenay Sar\u0131kaya, Mert Demir\u2019den ayr\u0131ld\u0131ktan sonra sessizli\u011fe b\u00fcr\u00fcnm\u00fc\u015ft\u00fc. Ge\u00e7ti\u011fimiz g\u00fcnlerde ayr\u0131l\u0131k sonras\u0131 kameralara yakalanan \u00fczg\u00fcn halleri ile ad\u0131ndan s\u00f6z ettiren g\u00fczel oyuncu \u015fark\u0131 s\u00f6yledi\u011fi bir video payla\u015ft\u0131. <\/p>\n","protected":false},"author":10,"featured_media":109598,"comment_status":"closed","ping_status":"closed","sticky":false,"template":"","format":"standard","meta":{"rank_math_lock_modified_date":false,"footnotes":""},"categories":[76],"tags":[5051,2688],"class_list":["post-109596","post","type-post","status-publish","format-standard","has-post-thumbnail","hentry","category-magazin","tag-mabel-martiz","tag-serenay-sarikaya"],"_links":{"self":[{"href":"https:\/\/www.tgrthaber.com\/mavikadin\/wp-json\/wp\/v2\/posts\/109596"}],"collection":[{"href":"https:\/\/www.tgrthaber.com\/mavikadin\/wp-json\/wp\/v2\/posts"}],"about":[{"href":"https:\/\/www.tgrthaber.com\/mavikadin\/wp-json\/wp\/v2\/types\/post"}],"author":[{"embeddable":true,"href":"https:\/\/www.tgrthaber.com\/mavikadin\/wp-json\/wp\/v2\/users\/10"}],"replies":[{"embeddable":true,"href":"https:\/\/www.tgrthaber.com\/mavikadin\/wp-json\/wp\/v2\/comments?post=109596"}],"version-history":[{"count":1,"href":"https:\/\/www.tgrthaber.com\/mavikadin\/wp-json\/wp\/v2\/posts\/109596\/revisions"}],"predecessor-version":[{"id":109599,"href":"https:\/\/www.tgrthaber.com\/mavikadin\/wp-json\/wp\/v2\/posts\/109596\/revisions\/109599"}],"wp:featuredmedia":[{"embeddable":true,"href":"https:\/\/www.tgrthaber.com\/mavikadin\/wp-json\/wp\/v2\/media\/109598"}],"wp:attachment":[{"href":"https:\/\/www.tgrthaber.com\/mavikadin\/wp-json\/wp\/v2\/media?parent=109596"}],"wp:term":[{"taxonomy":"category","embeddable":true,"href":"https:\/\/www.tgrthaber.com\/mavikadin\/wp-json\/wp\/v2\/categories?post=109596"},{"taxonomy":"post_tag","embeddable":true,"href":"https:\/\/www.tgrthaber.com\/mavikadin\/wp-json\/wp\/v2\/tags?post=109596"}],"curies":[{"name":"wp","href":"https:\/\/api.w.org\/{rel}","templated":true}]}}