{"id":109600,"date":"2024-12-21T09:35:41","date_gmt":"2024-12-21T06:35:41","guid":{"rendered":"https:\/\/www.tgrthaber.com\/mavikadin\/?p=109600"},"modified":"2024-12-21T09:35:41","modified_gmt":"2024-12-21T06:35:41","slug":"berguzar-korel-ile-demet-akalin-photoshopu-abartti-sosyal-medyanin-diline-dustuler","status":"publish","type":"post","link":"https:\/\/www.tgrthaber.com\/mavikadin\/berguzar-korel-ile-demet-akalin-photoshopu-abartti-sosyal-medyanin-diline-dustuler\/","title":{"rendered":"Berg\u00fczar Korel ile Demet Akal\u0131n Photoshop\u2019u abartt\u0131! Sosyal medyan\u0131n diline d\u00fc\u015ft\u00fcler"},"content":{"rendered":"<p>Berg\u00fczar Korel ile Demet Akal\u0131n, sosyal medyada payla\u015ft\u0131klar\u0131 foto\u011fraflarla Photoshop&#8217;un s\u0131n\u0131rlar\u0131n\u0131 zorlad\u0131. Yapt\u0131klar\u0131 payla\u015f\u0131mlarla sosyal medyan\u0131n diline d\u00fc\u015fen \u00fcnl\u00fclere takip\u00e7ilerinden yorum ya\u011fd\u0131.<\/p>\n<h3>BERG\u00dcZAR KOREL \u0130LE DEMET AKALIN PHOTOSHOP\u2019U ABARTTI!<\/h3>\n<p>Bir\u00e7ok \u00fcnl\u00fc isim foto\u011fraf payla\u015f\u0131rken Photoshop kullanmaktan vazge\u00e7emiyor. Ancak bu tarz programlar\u0131n do\u011fru kullan\u0131m\u0131 \u00f6nemli.<br \/>\nBerg\u00fczar Korel ile Demet Akal\u0131n sosyal medya hesaplar\u0131ndan yapt\u0131klar\u0131 son payla\u015f\u0131mlarla dikkat \u00e7ekti. Photoshop\u2019un dozunu ka\u00e7\u0131ran \u00fcnl\u00fcler ele\u015ftirilere maruz kald\u0131.<\/p>\n<p><img loading=\"lazy\" decoding=\"async\" class=\"alignnone wp-image-109601\" src=\"https:\/\/www.tgrthaber.com\/mavikadin\/wp-content\/uploads\/Intro-1600-Demet-Berguzar-1.jpg\" alt=\"\" width=\"1208\" height=\"680\" title=\"\" srcset=\"https:\/\/www.tgrthaber.com\/mavikadin\/wp-content\/uploads\/Intro-1600-Demet-Berguzar-1.jpg 1600w, https:\/\/www.tgrthaber.com\/mavikadin\/wp-content\/uploads\/Intro-1600-Demet-Berguzar-1-300x169.jpg 300w, https:\/\/www.tgrthaber.com\/mavikadin\/wp-content\/uploads\/Intro-1600-Demet-Berguzar-1-1024x576.jpg 1024w, https:\/\/www.tgrthaber.com\/mavikadin\/wp-content\/uploads\/Intro-1600-Demet-Berguzar-1-768x432.jpg 768w, https:\/\/www.tgrthaber.com\/mavikadin\/wp-content\/uploads\/Intro-1600-Demet-Berguzar-1-1536x864.jpg 1536w\" sizes=\"(max-width: 1208px) 100vw, 1208px\" \/><\/p>\n<p>Kurtar\u0131c\u0131 gibi g\u00f6r\u00fcnen Photoshop uygulamas\u0131 abart\u0131ld\u0131\u011f\u0131nda veya dikkatsiz \u015fekilde kullan\u0131ld\u0131\u011f\u0131nda ele\u015ftirilere neden oluyor. \u00dcnl\u00fcler de son zamanlarda bu y\u00fczden bir hayli ele\u015ftiriliyor.<\/p>\n<h3>TAK\u0130P\u00c7\u0130LERDEN YORUM YA\u011eDI<\/h3>\n<p>Son olarak, \u00fcnl\u00fc oyuncu Berg\u00fczar Korel ile \u015fark\u0131c\u0131 Demet Akal\u0131n dozu abart\u0131nca takip\u00e7ilerinin diline d\u00fc\u015ft\u00fc. \u0130kilinin yapt\u0131\u011f\u0131 payla\u015f\u0131mlara kullan\u0131c\u0131lar \u201cAdeta ba\u015fka birine d\u00f6n\u00fc\u015fm\u00fc\u015fler\u201d, \u201cKe\u015fke filtre yi kapatsayd\u0131n\u0131z sizi de ger\u00e7ek y\u00fcz\u00fcn\u00fcz ortada do\u011fal olun\u201d, \u201cKa\u015flar herkes gibi di\u015fler herkes gibi, dudak \u015fekil alm\u0131\u015f herkes gibi tarz\u0131n kalmam\u0131\u015f sende art\u0131k herkes gibi olmu\u015f\u015fun\u201d \u015feklinde ele\u015ftiride bulundu.<\/p>\n<p><img loading=\"lazy\" decoding=\"async\" class=\"alignnone size-full wp-image-109603\" src=\"https:\/\/www.tgrthaber.com\/mavikadin\/wp-content\/uploads\/Baslik-4.jpg\" alt=\"\" width=\"1920\" height=\"1080\" title=\"\" srcset=\"https:\/\/www.tgrthaber.com\/mavikadin\/wp-content\/uploads\/Baslik-4.jpg 1920w, https:\/\/www.tgrthaber.com\/mavikadin\/wp-content\/uploads\/Baslik-4-300x169.jpg 300w, https:\/\/www.tgrthaber.com\/mavikadin\/wp-content\/uploads\/Baslik-4-1024x576.jpg 1024w, https:\/\/www.tgrthaber.com\/mavikadin\/wp-content\/uploads\/Baslik-4-768x432.jpg 768w, https:\/\/www.tgrthaber.com\/mavikadin\/wp-content\/uploads\/Baslik-4-1536x864.jpg 1536w\" sizes=\"(max-width: 1920px) 100vw, 1920px\" \/><\/p>\n<h3>&#8220;Y\u00dcRE\u011e\u0130ME \u0130ND\u0130&#8221;<\/h3>\n<p>Sevilen oyuncu Berg\u00fczar Korel Instagram\u2019dan payla\u015f\u0131lan \u2018erkek halini\u2019 g\u00f6r\u00fcnce \u015foke olmu\u015ftu. \u00dcnl\u00fc isim ilk yorumunu takip\u00e7ileriyle payla\u015farak , \u201cMal\u0131n\u0131 m\u00fclk\u00fcn\u00fc \u00fczerime yapmak isteyen k\u0131zlarla dolu mesaj kutum, y\u00fcre\u011fime indi herkes bana bu foto\u011fraf\u0131 yollamaya ba\u015flad\u0131. Hacklendim sand\u0131m, k\u00fc\u00e7\u00fck \u00e7apl\u0131 bir panik atak ge\u00e7irdim\u201d diyerek esprili bir not yazd\u0131.<\/p>\n<p><img loading=\"lazy\" decoding=\"async\" class=\"alignnone size-full wp-image-109605\" src=\"https:\/\/www.tgrthaber.com\/mavikadin\/wp-content\/uploads\/Berguzar-Korel-3.jpg\" alt=\"\" width=\"1920\" height=\"1080\" title=\"\" srcset=\"https:\/\/www.tgrthaber.com\/mavikadin\/wp-content\/uploads\/Berguzar-Korel-3.jpg 1920w, https:\/\/www.tgrthaber.com\/mavikadin\/wp-content\/uploads\/Berguzar-Korel-3-300x169.jpg 300w, https:\/\/www.tgrthaber.com\/mavikadin\/wp-content\/uploads\/Berguzar-Korel-3-1024x576.jpg 1024w, https:\/\/www.tgrthaber.com\/mavikadin\/wp-content\/uploads\/Berguzar-Korel-3-768x432.jpg 768w, https:\/\/www.tgrthaber.com\/mavikadin\/wp-content\/uploads\/Berguzar-Korel-3-1536x864.jpg 1536w\" sizes=\"(max-width: 1920px) 100vw, 1920px\" \/><\/p>\n","protected":false},"excerpt":{"rendered":"<p>\u00dcnl\u00fc oyuncu Berg\u00fczar Korel ile \u015fark\u0131c\u0131 Demet Akal\u0131n son payla\u015ft\u0131\u011f\u0131 foto\u011fraflarda Photoshop\u2019un dozunu abart\u0131nca sosyal medyan\u0131n diline d\u00fc\u015ft\u00fc. Sevilen isim Korel\u2019e bir takip\u00e7isi \u201cKe\u015fke filtreyi kapatsayd\u0131n\u0131z sizi de ger\u00e7ek y\u00fcz\u00fcn\u00fcz ortada do\u011fal olun\u201d yorumunda bulundu.<\/p>\n","protected":false},"author":5,"featured_media":109604,"comment_status":"closed","ping_status":"closed","sticky":false,"template":"","format":"standard","meta":{"rank_math_lock_modified_date":false,"footnotes":""},"categories":[76],"tags":[2461,130],"class_list":["post-109600","post","type-post","status-publish","format-standard","has-post-thumbnail","hentry","category-magazin","tag-berguzar-korel","tag-demet-akalin"],"_links":{"self":[{"href":"https:\/\/www.tgrthaber.com\/mavikadin\/wp-json\/wp\/v2\/posts\/109600"}],"collection":[{"href":"https:\/\/www.tgrthaber.com\/mavikadin\/wp-json\/wp\/v2\/posts"}],"about":[{"href":"https:\/\/www.tgrthaber.com\/mavikadin\/wp-json\/wp\/v2\/types\/post"}],"author":[{"embeddable":true,"href":"https:\/\/www.tgrthaber.com\/mavikadin\/wp-json\/wp\/v2\/users\/5"}],"replies":[{"embeddable":true,"href":"https:\/\/www.tgrthaber.com\/mavikadin\/wp-json\/wp\/v2\/comments?post=109600"}],"version-history":[{"count":1,"href":"https:\/\/www.tgrthaber.com\/mavikadin\/wp-json\/wp\/v2\/posts\/109600\/revisions"}],"predecessor-version":[{"id":109606,"href":"https:\/\/www.tgrthaber.com\/mavikadin\/wp-json\/wp\/v2\/posts\/109600\/revisions\/109606"}],"wp:featuredmedia":[{"embeddable":true,"href":"https:\/\/www.tgrthaber.com\/mavikadin\/wp-json\/wp\/v2\/media\/109604"}],"wp:attachment":[{"href":"https:\/\/www.tgrthaber.com\/mavikadin\/wp-json\/wp\/v2\/media?parent=109600"}],"wp:term":[{"taxonomy":"category","embeddable":true,"href":"https:\/\/www.tgrthaber.com\/mavikadin\/wp-json\/wp\/v2\/categories?post=109600"},{"taxonomy":"post_tag","embeddable":true,"href":"https:\/\/www.tgrthaber.com\/mavikadin\/wp-json\/wp\/v2\/tags?post=109600"}],"curies":[{"name":"wp","href":"https:\/\/api.w.org\/{rel}","templated":true}]}}