{"id":109611,"date":"2024-12-21T10:31:22","date_gmt":"2024-12-21T07:31:22","guid":{"rendered":"https:\/\/www.tgrthaber.com\/mavikadin\/?p=109611"},"modified":"2024-12-21T10:58:46","modified_gmt":"2024-12-21T07:58:46","slug":"mustafa-keserden-kotu-haber-esiyle-ayni-hastaliga-yakalandi","status":"publish","type":"post","link":"https:\/\/www.tgrthaber.com\/mavikadin\/mustafa-keserden-kotu-haber-esiyle-ayni-hastaliga-yakalandi\/","title":{"rendered":"Mustafa Keser\u2019den k\u00f6t\u00fc haber! E\u015fiyle ayn\u0131 hastal\u0131\u011fa yakaland\u0131!"},"content":{"rendered":"<p>Usta sanat\u00e7\u0131 Mustafa Keser, kat\u0131ld\u0131\u011f\u0131 bir davette bas\u0131n mensuplar\u0131na \u00f6ks\u00fcr\u00fck sorunu nedeniyle hastaneye ba\u015fvurdu\u011funu ve yap\u0131lan detayl\u0131 tetkikler sonucunda kanser te\u015fhisi ald\u0131\u011f\u0131n\u0131 a\u00e7\u0131klad\u0131. Bu \u00fcz\u00fcc\u00fc haber, sevenleri aras\u0131nda b\u00fcy\u00fck \u015fa\u015fk\u0131nl\u0131k ve endi\u015fe olu\u015fturdu. Keser&#8217;in sa\u011fl\u0131k durumuyla ilgili geli\u015fmelerin takip edildi\u011fi bu d\u00f6nemde sanat\u00e7\u0131ya destek mesajlar\u0131 ya\u011fmaya ba\u015flad\u0131.<\/p>\n<h3>E\u015e\u0130YLE AYNI HASTALIK<\/h3>\n<p>Mustafa Keser, e\u015finin de kanser tedavisi g\u00f6rd\u00fc\u011f\u00fcn\u00fc belirterek sa\u011fl\u0131k durumunun iyi oldu\u011funu a\u00e7\u0131klad\u0131. &#8220;Hastal\u0131\u011f\u0131m\u0131 hi\u00e7 d\u00fc\u015f\u00fcnm\u00fcyorum. Bilakis, e\u015fimi daha \u00e7ok \u00f6nemsiyorum.&#8221; diyen sanat\u00e7\u0131, sevdiklerine olan hassasiyetini vurgulad\u0131.<\/p>\n<p><img loading=\"lazy\" decoding=\"async\" class=\"alignnone wp-image-109612\" src=\"https:\/\/www.tgrthaber.com\/mavikadin\/wp-content\/uploads\/mustafa-keser-kansere-yakalandi-300x169.jpg\" alt=\"mustafa keser kansere yakaland\u0131\" width=\"1208\" height=\"680\" title=\"\" srcset=\"https:\/\/www.tgrthaber.com\/mavikadin\/wp-content\/uploads\/mustafa-keser-kansere-yakalandi-300x169.jpg 300w, https:\/\/www.tgrthaber.com\/mavikadin\/wp-content\/uploads\/mustafa-keser-kansere-yakalandi-1024x576.jpg 1024w, https:\/\/www.tgrthaber.com\/mavikadin\/wp-content\/uploads\/mustafa-keser-kansere-yakalandi-768x432.jpg 768w, https:\/\/www.tgrthaber.com\/mavikadin\/wp-content\/uploads\/mustafa-keser-kansere-yakalandi-1536x864.jpg 1536w, https:\/\/www.tgrthaber.com\/mavikadin\/wp-content\/uploads\/mustafa-keser-kansere-yakalandi.jpg 1920w\" sizes=\"(max-width: 1208px) 100vw, 1208px\" \/><\/p>\n<h3>MUSTAFA KESER\u2019\u0130N \u00d6KS\u00dcR\u00dcK \u015e\u0130K\u00c2YET\u0130 VARDI<\/h3>\n<p>\u00dcnl\u00fc \u015fark\u0131c\u0131 Mustafa Keser, \u00f6ks\u00fcr\u00fck sorunu nedeniyle hastaneye ba\u015fvurdu\u011funda yap\u0131lan detayl\u0131 tetkikler sonucunda kanser te\u015fhisi konuldu\u011fu ortaya \u00e7\u0131kt\u0131. Bu \u00fcz\u00fcc\u00fc haber, sanat\u00e7\u0131n\u0131n sevenleri ve m\u00fczik camias\u0131nda derin bir \u00fcz\u00fcnt\u00fc olu\u015fturdu.<\/p>\n<p><img loading=\"lazy\" decoding=\"async\" class=\"alignnone wp-image-109613\" src=\"https:\/\/www.tgrthaber.com\/mavikadin\/wp-content\/uploads\/mustafa-keser-kanser-300x169.jpg\" alt=\"mustafa keser kanser\" width=\"1208\" height=\"680\" title=\"\" srcset=\"https:\/\/www.tgrthaber.com\/mavikadin\/wp-content\/uploads\/mustafa-keser-kanser-300x169.jpg 300w, https:\/\/www.tgrthaber.com\/mavikadin\/wp-content\/uploads\/mustafa-keser-kanser-1024x576.jpg 1024w, https:\/\/www.tgrthaber.com\/mavikadin\/wp-content\/uploads\/mustafa-keser-kanser-768x432.jpg 768w, https:\/\/www.tgrthaber.com\/mavikadin\/wp-content\/uploads\/mustafa-keser-kanser-1536x864.jpg 1536w, https:\/\/www.tgrthaber.com\/mavikadin\/wp-content\/uploads\/mustafa-keser-kanser.jpg 1920w\" sizes=\"(max-width: 1208px) 100vw, 1208px\" \/><\/p>\n<h3>2025 YILININ \u0130LK G\u00dcNLER\u0130NDE AMEL\u0130YAT OLACAK<\/h3>\n<p>Mustafa Keser&#8217;in pazartesi g\u00fcn\u00fc yap\u0131lacak son tahlil ve tetkiklerin ard\u0131ndan 2025 y\u0131l\u0131n\u0131n ilk g\u00fcnlerinde ameliyat olaca\u011f\u0131 \u00f6\u011frenildi. \u00a0Sevenleri ve hayranlar\u0131, Mustafa Keser&#8217;in ameliyat s\u00fcrecinde ba\u015far\u0131l\u0131 bir iyile\u015fme ge\u00e7irece\u011fine dair dualar\u0131n\u0131 ve destek mesajlar\u0131n\u0131 iletmeye devam ediyor.<\/p>\n<p>&nbsp;<\/p>\n","protected":false},"excerpt":{"rendered":"<p>Kat\u0131ld\u0131\u011f\u0131 bir etkinlikte \u00fcnl\u00fc \u015fark\u0131c\u0131 Mustafa Keser, e\u015finden sonra kendisinin de kansere yakaland\u0131\u011f\u0131n\u0131 a\u00e7\u0131klad\u0131. \u00dcnl\u00fc \u015fark\u0131c\u0131 Mustafa Keser, &#8220;Hastal\u0131\u011f\u0131m\u0131 hi\u00e7 d\u00fc\u015f\u00fcnm\u00fcyorum. Bilakis e\u015fimi daha \u00e7ok \u00f6nemsiyorum&#8221; dedi.<\/p>\n","protected":false},"author":10,"featured_media":109614,"comment_status":"closed","ping_status":"closed","sticky":false,"template":"","format":"standard","meta":{"rank_math_lock_modified_date":false,"footnotes":""},"categories":[76],"tags":[5053,5054],"class_list":["post-109611","post","type-post","status-publish","format-standard","has-post-thumbnail","hentry","category-magazin","tag-mustafa-keser","tag-mustafa-keser-kanser"],"_links":{"self":[{"href":"https:\/\/www.tgrthaber.com\/mavikadin\/wp-json\/wp\/v2\/posts\/109611"}],"collection":[{"href":"https:\/\/www.tgrthaber.com\/mavikadin\/wp-json\/wp\/v2\/posts"}],"about":[{"href":"https:\/\/www.tgrthaber.com\/mavikadin\/wp-json\/wp\/v2\/types\/post"}],"author":[{"embeddable":true,"href":"https:\/\/www.tgrthaber.com\/mavikadin\/wp-json\/wp\/v2\/users\/10"}],"replies":[{"embeddable":true,"href":"https:\/\/www.tgrthaber.com\/mavikadin\/wp-json\/wp\/v2\/comments?post=109611"}],"version-history":[{"count":2,"href":"https:\/\/www.tgrthaber.com\/mavikadin\/wp-json\/wp\/v2\/posts\/109611\/revisions"}],"predecessor-version":[{"id":109616,"href":"https:\/\/www.tgrthaber.com\/mavikadin\/wp-json\/wp\/v2\/posts\/109611\/revisions\/109616"}],"wp:featuredmedia":[{"embeddable":true,"href":"https:\/\/www.tgrthaber.com\/mavikadin\/wp-json\/wp\/v2\/media\/109614"}],"wp:attachment":[{"href":"https:\/\/www.tgrthaber.com\/mavikadin\/wp-json\/wp\/v2\/media?parent=109611"}],"wp:term":[{"taxonomy":"category","embeddable":true,"href":"https:\/\/www.tgrthaber.com\/mavikadin\/wp-json\/wp\/v2\/categories?post=109611"},{"taxonomy":"post_tag","embeddable":true,"href":"https:\/\/www.tgrthaber.com\/mavikadin\/wp-json\/wp\/v2\/tags?post=109611"}],"curies":[{"name":"wp","href":"https:\/\/api.w.org\/{rel}","templated":true}]}}