{"id":109621,"date":"2024-12-21T11:12:11","date_gmt":"2024-12-21T08:12:11","guid":{"rendered":"https:\/\/www.tgrthaber.com\/mavikadin\/?p=109621"},"modified":"2024-12-21T11:20:04","modified_gmt":"2024-12-21T08:20:04","slug":"kizilcik-serbeti-dizisinde-ozge-ozacar-ve-sila-turkoglunun-kombinleri-ve-fiyatlari","status":"publish","type":"post","link":"https:\/\/www.tgrthaber.com\/mavikadin\/kizilcik-serbeti-dizisinde-ozge-ozacar-ve-sila-turkoglunun-kombinleri-ve-fiyatlari\/","title":{"rendered":"K\u0131z\u0131lc\u0131k \u015eerbeti dizisinde \u00d6zge \u00d6zacar ve S\u0131la T\u00fcrko\u011flu&#8217;nun kombinleri ve fiyatlar\u0131"},"content":{"rendered":"<p>K\u0131z\u0131lc\u0131k \u015eerbeti dizisi, s\u00fcr\u00fckleyici hik\u00e2yesi ve etkileyici oyuncu kadrosuyla oldu\u011fu kadar, karakterlerin unutulmaz moda anlar\u0131yla da dikkat \u00e7ekiyor. Dizinin iki \u00f6ne \u00e7\u0131kan y\u0131ld\u0131z\u0131, \u00d6zge \u00d6zacar ve S\u0131la T\u00fcrko\u011flu, her b\u00f6l\u00fcmde sergiledikleri \u015f\u0131k kombinlerle izleyicilere moda ilham\u0131 veriyorlar. Bu ikili, hem marka tercihleriyle hem de tarzlar\u0131yla b\u00fcy\u00fck be\u011feni topluyor. Peki, bu sevilen karakterlerin stilini olu\u015fturan par\u00e7alar hangi markalardan? Fiyatlar\u0131 ne kadar? \u0130\u015fte K\u0131z\u0131lc\u0131k \u015eerbeti&#8217;nin 81. b\u00f6l\u00fcm\u00fcnde ba\u015far\u0131l\u0131 oyuncular\u0131n\u0131n stil analizi ve kombinlerinin detayl\u0131 bir incelemesi&#8230;<\/p>\n<h3>\u00d6ZGE \u00d6ZACAR VE SILA T\u00dcRKO\u011eLU\u2019NUN KOMB\u0130NLER\u0130<\/h3>\n<p>K\u0131z\u0131lc\u0131k \u015eerbeti dizisinin 81. b\u00f6l\u00fcm\u00fcnde, \u00d6zge \u00d6zacar ve S\u0131la T\u00fcrko\u011flu\u2019nun tercih etti\u011fi markalar ve fiyatlar\u0131 \u015f\u00f6yledir:<\/p>\n<p><img loading=\"lazy\" decoding=\"async\" class=\"alignnone wp-image-109622\" src=\"https:\/\/www.tgrthaber.com\/mavikadin\/wp-content\/uploads\/Ozge-Ozacarin-canlandirdigi-Gorkem-karakterinin-kombini-300x169.jpg\" alt=\"\u00d6zge \u00d6zacar\u2019\u0131n canland\u0131rd\u0131\u011f\u0131 G\u00f6rkem karakterinin kombini\" width=\"1208\" height=\"680\" title=\"\" srcset=\"https:\/\/www.tgrthaber.com\/mavikadin\/wp-content\/uploads\/Ozge-Ozacarin-canlandirdigi-Gorkem-karakterinin-kombini-300x169.jpg 300w, https:\/\/www.tgrthaber.com\/mavikadin\/wp-content\/uploads\/Ozge-Ozacarin-canlandirdigi-Gorkem-karakterinin-kombini-1024x576.jpg 1024w, https:\/\/www.tgrthaber.com\/mavikadin\/wp-content\/uploads\/Ozge-Ozacarin-canlandirdigi-Gorkem-karakterinin-kombini-768x432.jpg 768w, https:\/\/www.tgrthaber.com\/mavikadin\/wp-content\/uploads\/Ozge-Ozacarin-canlandirdigi-Gorkem-karakterinin-kombini-1536x864.jpg 1536w, https:\/\/www.tgrthaber.com\/mavikadin\/wp-content\/uploads\/Ozge-Ozacarin-canlandirdigi-Gorkem-karakterinin-kombini.jpg 1920w\" sizes=\"(max-width: 1208px) 100vw, 1208px\" \/><\/p>\n<p>K\u0131z\u0131lc\u0131k \u015eerbeti dizisinde \u00d6zge \u00d6zacar\u2019\u0131n canland\u0131rd\u0131\u011f\u0131 G\u00f6rkem karakterinin kombini<\/p>\n<ul>\n<li>Cheeya &#8211; Ku\u015fakl\u0131 Uzun Kaban fiyat\u0131 &#8211; \u20ba 11,900.00<\/li>\n<li>Pullandbear &#8211; Oversize kazak fiyat\u0131 &#8211; 1.190,00\u00a0TL<\/li>\n<li>Pullandbear &#8211; Saten midi etek &#8211; 1.190,00 TL<\/li>\n<\/ul>\n<p><img loading=\"lazy\" decoding=\"async\" class=\"alignnone wp-image-109623\" src=\"https:\/\/www.tgrthaber.com\/mavikadin\/wp-content\/uploads\/Kizilcik-Serbeti-dizisinde-Sila-Turkoglunun-canlandirdigi-Doga-karakterinin-kombini-300x169.jpg\" alt=\"K\u0131z\u0131lc\u0131k \u015eerbeti dizisinde S\u0131la T\u00fcrko\u011flu\u2019nun canland\u0131rd\u0131\u011f\u0131 Do\u011fa karakterinin kombini\" width=\"1208\" height=\"680\" title=\"\" srcset=\"https:\/\/www.tgrthaber.com\/mavikadin\/wp-content\/uploads\/Kizilcik-Serbeti-dizisinde-Sila-Turkoglunun-canlandirdigi-Doga-karakterinin-kombini-300x169.jpg 300w, https:\/\/www.tgrthaber.com\/mavikadin\/wp-content\/uploads\/Kizilcik-Serbeti-dizisinde-Sila-Turkoglunun-canlandirdigi-Doga-karakterinin-kombini-1024x576.jpg 1024w, https:\/\/www.tgrthaber.com\/mavikadin\/wp-content\/uploads\/Kizilcik-Serbeti-dizisinde-Sila-Turkoglunun-canlandirdigi-Doga-karakterinin-kombini-768x432.jpg 768w, https:\/\/www.tgrthaber.com\/mavikadin\/wp-content\/uploads\/Kizilcik-Serbeti-dizisinde-Sila-Turkoglunun-canlandirdigi-Doga-karakterinin-kombini-1536x864.jpg 1536w, https:\/\/www.tgrthaber.com\/mavikadin\/wp-content\/uploads\/Kizilcik-Serbeti-dizisinde-Sila-Turkoglunun-canlandirdigi-Doga-karakterinin-kombini.jpg 1920w\" sizes=\"(max-width: 1208px) 100vw, 1208px\" \/><\/p>\n<p>K\u0131z\u0131lc\u0131k \u015eerbeti dizisinde S\u0131la T\u00fcrko\u011flu\u2019nun canland\u0131rd\u0131\u011f\u0131 Do\u011fa karakterinin kombini<\/p>\n<ul>\n<li>Wingcott &#8211; Bordo \u015eal Detayl\u0131 Ka\u015fmir Ceket &#8211; 900,00TL<\/li>\n<li>Beautyomelette &#8211; Antrasit Kutu Form Bisiklet Yaka Y\u00fcn Kazak &#8211; \u20ba3.220,00<\/li>\n<li>Mavi &#8211; Maria Gold Shape Koyu Mavi Jean Pantolon &#8211; 1.299,99 TL<\/li>\n<\/ul>\n<p><img loading=\"lazy\" decoding=\"async\" class=\"alignnone wp-image-109629\" src=\"https:\/\/www.tgrthaber.com\/mavikadin\/wp-content\/uploads\/Kizilcik-Serbeti-dizisinde-Sila-Turkoglunun-canlandirdigi-Doga-karakterinin-kombini-2-300x169.jpg\" alt=\"K\u0131z\u0131lc\u0131k \u015eerbeti dizisinde S\u0131la T\u00fcrko\u011flu\u2019nun canland\u0131rd\u0131\u011f\u0131 Do\u011fa karakterinin kombini\" width=\"1208\" height=\"680\" title=\"\" srcset=\"https:\/\/www.tgrthaber.com\/mavikadin\/wp-content\/uploads\/Kizilcik-Serbeti-dizisinde-Sila-Turkoglunun-canlandirdigi-Doga-karakterinin-kombini-2-300x169.jpg 300w, https:\/\/www.tgrthaber.com\/mavikadin\/wp-content\/uploads\/Kizilcik-Serbeti-dizisinde-Sila-Turkoglunun-canlandirdigi-Doga-karakterinin-kombini-2-1024x576.jpg 1024w, https:\/\/www.tgrthaber.com\/mavikadin\/wp-content\/uploads\/Kizilcik-Serbeti-dizisinde-Sila-Turkoglunun-canlandirdigi-Doga-karakterinin-kombini-2-768x432.jpg 768w, https:\/\/www.tgrthaber.com\/mavikadin\/wp-content\/uploads\/Kizilcik-Serbeti-dizisinde-Sila-Turkoglunun-canlandirdigi-Doga-karakterinin-kombini-2-1536x864.jpg 1536w, https:\/\/www.tgrthaber.com\/mavikadin\/wp-content\/uploads\/Kizilcik-Serbeti-dizisinde-Sila-Turkoglunun-canlandirdigi-Doga-karakterinin-kombini-2.jpg 1920w\" sizes=\"(max-width: 1208px) 100vw, 1208px\" \/><\/p>\n<p>K\u0131z\u0131lc\u0131k \u015eerbeti dizisinde S\u0131la T\u00fcrko\u011flu\u2019nun canland\u0131rd\u0131\u011f\u0131 Do\u011fa karakterinin kombini<\/p>\n<ul>\n<li>Wearthreepoints &#8211; Lacivert Lubna Pantolon &#8211; 1,350.00TL<\/li>\n<li>Wearthreepoints &#8211; Pulse Basic Uzun Kollu Ti\u015f\u00f6rt &#8211; 590.00TL<\/li>\n<\/ul>\n<p><img loading=\"lazy\" decoding=\"async\" class=\"alignnone wp-image-109639\" src=\"https:\/\/www.tgrthaber.com\/mavikadin\/wp-content\/uploads\/Kizilcik-Serbeti-dizisinde-Ozge-Ozacarin-canlandirdigi-Gorkem-karakterinin-kombini-300x169.jpg\" alt=\"K\u0131z\u0131lc\u0131k \u015eerbeti dizisinde \u00d6zge \u00d6zacar\u2019\u0131n canland\u0131rd\u0131\u011f\u0131 G\u00f6rkem karakterinin kombini\" width=\"1208\" height=\"680\" title=\"\" srcset=\"https:\/\/www.tgrthaber.com\/mavikadin\/wp-content\/uploads\/Kizilcik-Serbeti-dizisinde-Ozge-Ozacarin-canlandirdigi-Gorkem-karakterinin-kombini-300x169.jpg 300w, https:\/\/www.tgrthaber.com\/mavikadin\/wp-content\/uploads\/Kizilcik-Serbeti-dizisinde-Ozge-Ozacarin-canlandirdigi-Gorkem-karakterinin-kombini-1024x576.jpg 1024w, https:\/\/www.tgrthaber.com\/mavikadin\/wp-content\/uploads\/Kizilcik-Serbeti-dizisinde-Ozge-Ozacarin-canlandirdigi-Gorkem-karakterinin-kombini-768x432.jpg 768w, https:\/\/www.tgrthaber.com\/mavikadin\/wp-content\/uploads\/Kizilcik-Serbeti-dizisinde-Ozge-Ozacarin-canlandirdigi-Gorkem-karakterinin-kombini-1536x864.jpg 1536w, https:\/\/www.tgrthaber.com\/mavikadin\/wp-content\/uploads\/Kizilcik-Serbeti-dizisinde-Ozge-Ozacarin-canlandirdigi-Gorkem-karakterinin-kombini.jpg 1920w\" sizes=\"(max-width: 1208px) 100vw, 1208px\" \/><\/p>\n<p>K\u0131z\u0131lc\u0131k \u015eerbeti dizisinde \u00d6zge \u00d6zacar\u2019\u0131n canland\u0131rd\u0131\u011f\u0131 G\u00f6rkem karakterinin kombini<\/p>\n<ul>\n<li>exclusive &#8211; Gold Foks Kuma\u015f Rahat Kesim Uzun Palto &#8211; \u20ba 17,490.00<\/li>\n<li>secilstore &#8211; v yaka kemerli jile elbise &#8211; 2349.90 \u20ba<\/li>\n<\/ul>\n<p>&nbsp;<\/p>\n","protected":false},"excerpt":{"rendered":"<p>Her b\u00f6l\u00fcm\u00fcyle izleyicileri ekrana kilitleyen K\u0131z\u0131lc\u0131k \u015eerbeti\u2019nde g\u00f6rd\u00fc\u011f\u00fcm\u00fcz tarz ikonlar\u0131 \u00d6zge \u00d6zacar ve S\u0131la T\u00fcrko\u011flu&#8217;nun tarzlar\u0131n\u0131 yak\u0131ndan inceleyerek hangi markalar\u0131 tercih ettiklerini ve kombinlerinde nas\u0131l bir uyum sa\u011flad\u0131klar\u0131n\u0131 ke\u015ffedece\u011fiz. <\/p>\n","protected":false},"author":10,"featured_media":109640,"comment_status":"closed","ping_status":"closed","sticky":false,"template":"","format":"standard","meta":{"rank_math_lock_modified_date":false,"footnotes":""},"categories":[1305],"tags":[5057,157,5056,5052,3645,2182],"class_list":["post-109621","post","type-post","status-publish","format-standard","has-post-thumbnail","hentry","category-moda","tag-dizi-kiyafetleri","tag-kizilcik-serbeti","tag-kizilcik-serbeti-doga","tag-kizilcik-serbeti-gorkem","tag-ozge-ozacar","tag-sila-turkoglu"],"_links":{"self":[{"href":"https:\/\/www.tgrthaber.com\/mavikadin\/wp-json\/wp\/v2\/posts\/109621"}],"collection":[{"href":"https:\/\/www.tgrthaber.com\/mavikadin\/wp-json\/wp\/v2\/posts"}],"about":[{"href":"https:\/\/www.tgrthaber.com\/mavikadin\/wp-json\/wp\/v2\/types\/post"}],"author":[{"embeddable":true,"href":"https:\/\/www.tgrthaber.com\/mavikadin\/wp-json\/wp\/v2\/users\/10"}],"replies":[{"embeddable":true,"href":"https:\/\/www.tgrthaber.com\/mavikadin\/wp-json\/wp\/v2\/comments?post=109621"}],"version-history":[{"count":2,"href":"https:\/\/www.tgrthaber.com\/mavikadin\/wp-json\/wp\/v2\/posts\/109621\/revisions"}],"predecessor-version":[{"id":109642,"href":"https:\/\/www.tgrthaber.com\/mavikadin\/wp-json\/wp\/v2\/posts\/109621\/revisions\/109642"}],"wp:featuredmedia":[{"embeddable":true,"href":"https:\/\/www.tgrthaber.com\/mavikadin\/wp-json\/wp\/v2\/media\/109640"}],"wp:attachment":[{"href":"https:\/\/www.tgrthaber.com\/mavikadin\/wp-json\/wp\/v2\/media?parent=109621"}],"wp:term":[{"taxonomy":"category","embeddable":true,"href":"https:\/\/www.tgrthaber.com\/mavikadin\/wp-json\/wp\/v2\/categories?post=109621"},{"taxonomy":"post_tag","embeddable":true,"href":"https:\/\/www.tgrthaber.com\/mavikadin\/wp-json\/wp\/v2\/tags?post=109621"}],"curies":[{"name":"wp","href":"https:\/\/api.w.org\/{rel}","templated":true}]}}