{"id":109624,"date":"2024-12-21T11:03:41","date_gmt":"2024-12-21T08:03:41","guid":{"rendered":"https:\/\/www.tgrthaber.com\/mavikadin\/?p=109624"},"modified":"2024-12-21T11:07:09","modified_gmt":"2024-12-21T08:07:09","slug":"kansere-yakalanan-mustafa-keserin-hayati-merak-edildi-mustafa-keser-kac-yasindadir-evli-midir","status":"publish","type":"post","link":"https:\/\/www.tgrthaber.com\/mavikadin\/kansere-yakalanan-mustafa-keserin-hayati-merak-edildi-mustafa-keser-kac-yasindadir-evli-midir\/","title":{"rendered":"Kansere yakalanan Mustafa Keser\u2019in hayat\u0131 merak edildi! Mustafa Keser ka\u00e7 ya\u015f\u0131ndad\u0131r, evli midir?"},"content":{"rendered":"<p>Sevilen sanat\u00e7\u0131 Mustafa Keser kansere yakaland\u0131\u011f\u0131n\u0131 a\u00e7\u0131klad\u0131. Hayat\u0131 merak edilen \u00fcnl\u00fc isim yapt\u0131\u011f\u0131 a\u00e7\u0131klamada Sa\u011fl\u0131k durumum gayet iyi. Hastal\u0131\u011f\u0131m\u0131 hi\u00e7 d\u00fc\u015f\u00fcnm\u00fcyorum. Bilakis e\u015fimi daha \u00e7ok \u00f6nemsiyorum&#8221; dedi.<\/p>\n<h3>MUSTAFA KESER K\u0130MD\u0130R, KA\u00c7 YA\u015eINDADIR?<\/h3>\n<p>1 Ocak 1945\u2019te Maden, Elaz\u0131\u011f&#8217;da d\u00fcnyaya gelen Mustafa Keser\u2019den hayranlar\u0131n\u0131 \u00fczen haber geldi. 79 ya\u015f\u0131ndaki \u015fark\u0131c\u0131 kat\u0131ld\u0131\u011f\u0131 bir davette kanser oldu\u011funu a\u00e7\u0131klad\u0131.<\/p>\n<p>Mustafa Keser, yapt\u0131\u011f\u0131 a\u00e7\u0131klamada; &#8220;Sa\u011fl\u0131k durumum gayet iyi. Hastal\u0131\u011f\u0131m\u0131 hi\u00e7 d\u00fc\u015f\u00fcnm\u00fcyorum. Bilakis e\u015fimi daha \u00e7ok \u00f6nemsiyorum&#8221; dedi.<br \/>\nPazartesi g\u00fcn\u00fc yap\u0131lacak Keser\u2019in tahlil ve tetkiklerinden sonra 2025 y\u0131l\u0131n\u0131n ilk g\u00fcnlerinde ameliyat olaca\u011f\u0131 \u00f6\u011frenildi.<\/p>\n<p><img loading=\"lazy\" decoding=\"async\" class=\"alignnone wp-image-109626\" src=\"https:\/\/www.tgrthaber.com\/mavikadin\/wp-content\/uploads\/Mustafa-4.jpg\" alt=\"\" width=\"1208\" height=\"679\" title=\"\" srcset=\"https:\/\/www.tgrthaber.com\/mavikadin\/wp-content\/uploads\/Mustafa-4.jpg 1000w, https:\/\/www.tgrthaber.com\/mavikadin\/wp-content\/uploads\/Mustafa-4-300x169.jpg 300w, https:\/\/www.tgrthaber.com\/mavikadin\/wp-content\/uploads\/Mustafa-4-768x432.jpg 768w\" sizes=\"(max-width: 1208px) 100vw, 1208px\" \/><\/p>\n<h3>MUSTAFA KESER \u00c7OCUKLU\u011eU<\/h3>\n<p>Maden\u2019de \u00e7ocuklu\u011fu ge\u00e7en Mustafa Keser ilk ve orta \u00f6\u011frenimini Maden\u2019de lise hayat\u0131n\u0131 Diyarbak\u0131r Ziya G\u00f6kalp Lisesi ve Sivas 4 Eyl\u00fcl Lisesinde tamamlad\u0131.<\/p>\n<p>Babas\u0131 m\u00fczisyen olan Keser hen\u00fcz ortaokul ve lise zamanlar\u0131nda keman, ud, ba\u011flama gibi enstr\u00fcmanlar\u0131 iyi derecede \u00e7almas\u0131n\u0131 \u00f6\u011frendi.<\/p>\n<p><img loading=\"lazy\" decoding=\"async\" class=\"alignnone wp-image-109627\" src=\"https:\/\/www.tgrthaber.com\/mavikadin\/wp-content\/uploads\/Mustafa-keser.jpg\" alt=\"\" width=\"1208\" height=\"711\" title=\"\" srcset=\"https:\/\/www.tgrthaber.com\/mavikadin\/wp-content\/uploads\/Mustafa-keser.jpg 1700w, https:\/\/www.tgrthaber.com\/mavikadin\/wp-content\/uploads\/Mustafa-keser-300x176.jpg 300w, https:\/\/www.tgrthaber.com\/mavikadin\/wp-content\/uploads\/Mustafa-keser-1024x602.jpg 1024w, https:\/\/www.tgrthaber.com\/mavikadin\/wp-content\/uploads\/Mustafa-keser-768x452.jpg 768w, https:\/\/www.tgrthaber.com\/mavikadin\/wp-content\/uploads\/Mustafa-keser-1536x904.jpg 1536w\" sizes=\"(max-width: 1208px) 100vw, 1208px\" \/><\/p>\n<h3>MUSTAFA KESER TRT \u0130ZM\u0130R RADYOSU&#8217;NDA \u00c7ALI\u015eTI<\/h3>\n<p>1975 y\u0131l\u0131nda TRT&#8217;nin a\u00e7m\u0131\u015f oldu\u011fu amat\u00f6r ses yar\u0131\u015fmas\u0131n\u0131 T\u00fcrk Halk M\u00fczi\u011fi dal\u0131nda kazanan Mustafa Keser, 1982 y\u0131l\u0131na kadar TRT \u0130zmir Radyosu&#8217;nda mahalli sanat\u00e7\u0131 olarak g\u00f6rev yapt\u0131. Keser o d\u00f6nemde K\u00e2ni Karaca&#8217;dan m\u00fczik dersleri ald\u0131.<\/p>\n<p><img loading=\"lazy\" decoding=\"async\" class=\"alignnone wp-image-109628\" src=\"https:\/\/www.tgrthaber.com\/mavikadin\/wp-content\/uploads\/mustafa-keserin-hayati-fi-317_2-41.webp\" alt=\"\" width=\"1208\" height=\"680\" title=\"\" srcset=\"https:\/\/www.tgrthaber.com\/mavikadin\/wp-content\/uploads\/mustafa-keserin-hayati-fi-317_2-41.webp 816w, https:\/\/www.tgrthaber.com\/mavikadin\/wp-content\/uploads\/mustafa-keserin-hayati-fi-317_2-41-300x169.webp 300w, https:\/\/www.tgrthaber.com\/mavikadin\/wp-content\/uploads\/mustafa-keserin-hayati-fi-317_2-41-768x432.webp 768w\" sizes=\"(max-width: 1208px) 100vw, 1208px\" \/><\/p>\n<h3>MUSTAFA KESER EVL\u0130 M\u0130?<\/h3>\n<p>Evet Mustafa Keser Nil\u00fcfer Keser ile evlidir ve \u00fc\u00e7 o\u011flu vard\u0131r.<\/p>\n","protected":false},"excerpt":{"rendered":"<p>Kansere yakalanan Mustafa Keser\u2019in hayat\u0131 merak konusu oldu. Peki kat\u0131ld\u0131\u011f\u0131 bir programda kanser oldu\u011funu a\u00e7\u0131klayan Mustafa Keser ka\u00e7 ya\u015f\u0131ndad\u0131r, evli midir?<\/p>\n","protected":false},"author":5,"featured_media":109625,"comment_status":"closed","ping_status":"closed","sticky":false,"template":"","format":"standard","meta":{"rank_math_lock_modified_date":false,"footnotes":""},"categories":[491],"tags":[340,5053],"class_list":["post-109624","post","type-post","status-publish","format-standard","has-post-thumbnail","hentry","category-biyografi","tag-kanser","tag-mustafa-keser"],"_links":{"self":[{"href":"https:\/\/www.tgrthaber.com\/mavikadin\/wp-json\/wp\/v2\/posts\/109624"}],"collection":[{"href":"https:\/\/www.tgrthaber.com\/mavikadin\/wp-json\/wp\/v2\/posts"}],"about":[{"href":"https:\/\/www.tgrthaber.com\/mavikadin\/wp-json\/wp\/v2\/types\/post"}],"author":[{"embeddable":true,"href":"https:\/\/www.tgrthaber.com\/mavikadin\/wp-json\/wp\/v2\/users\/5"}],"replies":[{"embeddable":true,"href":"https:\/\/www.tgrthaber.com\/mavikadin\/wp-json\/wp\/v2\/comments?post=109624"}],"version-history":[{"count":3,"href":"https:\/\/www.tgrthaber.com\/mavikadin\/wp-json\/wp\/v2\/posts\/109624\/revisions"}],"predecessor-version":[{"id":109634,"href":"https:\/\/www.tgrthaber.com\/mavikadin\/wp-json\/wp\/v2\/posts\/109624\/revisions\/109634"}],"wp:featuredmedia":[{"embeddable":true,"href":"https:\/\/www.tgrthaber.com\/mavikadin\/wp-json\/wp\/v2\/media\/109625"}],"wp:attachment":[{"href":"https:\/\/www.tgrthaber.com\/mavikadin\/wp-json\/wp\/v2\/media?parent=109624"}],"wp:term":[{"taxonomy":"category","embeddable":true,"href":"https:\/\/www.tgrthaber.com\/mavikadin\/wp-json\/wp\/v2\/categories?post=109624"},{"taxonomy":"post_tag","embeddable":true,"href":"https:\/\/www.tgrthaber.com\/mavikadin\/wp-json\/wp\/v2\/tags?post=109624"}],"curies":[{"name":"wp","href":"https:\/\/api.w.org\/{rel}","templated":true}]}}